{"id":19575,"date":"2025-01-07T21:47:15","date_gmt":"2025-01-08T03:47:15","guid":{"rendered":"https:\/\/periodiconuevomilenio.com\/?p=19575"},"modified":"2025-01-07T21:47:17","modified_gmt":"2025-01-08T03:47:17","slug":"sistema-penitenciario-y-amicus-curiae-celebran-dia-de-reyes-con-menores-que-viven-con-sus-madres-privadas-de-la-libertad","status":"publish","type":"post","link":"https:\/\/periodiconuevomilenio.com\/index.php\/2025\/01\/07\/sistema-penitenciario-y-amicus-curiae-celebran-dia-de-reyes-con-menores-que-viven-con-sus-madres-privadas-de-la-libertad\/","title":{"rendered":"Sistema Penitenciario y Amicus Curiae celebran D\u00eda de Reyes con menores que viven con sus madres privadas de la libertad"},"content":{"rendered":"\n<p><strong>* Juguetes donados por Amicus Curiae fueron entregados a las y los peque\u00f1os con motivo del D\u00eda de Reyes en centros penitenciarios de Le\u00f3n, Guanajuato y Valle de Santiago<\/strong><\/p>\n\n\n\n<p><strong>Guanajuato, Gto., a 07 de enero de 2025.<\/strong>&#8211;&nbsp;En fechas tan tradicionales, como el 06 de enero, cuya representaci\u00f3n es el D\u00eda de Reyes, el Sistema Penitenciario del Estado se coordin\u00f3 con personal de Amicus Curiae en Guanajuato, articulados desde el Juzgado de Ejecuci\u00f3n de Guanajuato capital, para participar con centros de internamiento en los que se encuentran menores viviendo con sus madres que est\u00e1n privadas de la libertad.<\/p>\n\n\n\n<p>Sensibles de la situaci\u00f3n de estas personas que habitan en los diversos centros de internamiento y en seguimiento a las indicaciones de la Gobernadora del Estado, Libia Dennise Garc\u00eda Mu\u00f1oz Ledo, y del Secretario de Seguridad y Paz, Juan Mauro Gonz\u00e1lez Mart\u00ednez, este grupo se dio a la tarea de vincularse con la autoridad penitenciaria con el prop\u00f3sito de donar de manera altruista juguetes que fueron regalados para su concentraci\u00f3n y posterior entrega por la sociedad civil; de esta manera, se hicieron presentes el d\u00eda de la cita para repartir sonrisas a las y los peque\u00f1os que viven con sus madres en los centros penitenciarios de Guanajuato, Le\u00f3n y Valle de Santiago.<\/p>\n\n\n\n<p>La participaci\u00f3n de los Amicus Curiae con la autoridad penitenciaria coadyuva de manera puntual a lograr un acercamiento sensible de atenci\u00f3n a los grupos m\u00e1s vulnerables.<\/p>\n\n\n\n<p>As\u00ed pues, el titular del Sistema Penitenciario, Julio C\u00e9sar P\u00e9rez Ram\u00edrez, se\u00f1al\u00f3 que se han desarrollado estrategias de proximidad social que permitan un real acercamiento entre las familias, para que sea un detonante de paz y armon\u00eda entre la poblaci\u00f3n penitenciaria, y que las fechas de mayor representatividad sean ocupadas en actividades de loable intervenci\u00f3n con el apoyo de la propia sociedad civil.<\/p>\n\n\n\n<figure class=\"wp-block-gallery has-nested-images columns-default is-cropped wp-block-gallery-1 is-layout-flex wp-block-gallery-is-layout-flex\">\n<figure class=\"wp-block-image size-large\"><img loading=\"lazy\" decoding=\"async\" width=\"259\" height=\"194\" data-id=\"19576\" src=\"https:\/\/periodiconuevomilenio.com\/wp-content\/uploads\/2025\/01\/download.jpg\" alt=\"\" class=\"wp-image-19576\"\/><\/figure>\n\n\n\n<figure class=\"wp-block-image size-large\"><img loading=\"lazy\" decoding=\"async\" width=\"1024\" height=\"768\" data-id=\"19578\" src=\"https:\/\/periodiconuevomilenio.com\/wp-content\/uploads\/2025\/01\/Sistema-Penitenciario-y-Amicus-Curiae-celebran-Dia-de-Reyes-con-menores-que-viven-con-sus-madres-privadas-de-la-libertad-4-1024x768.jpg\" alt=\"\" class=\"wp-image-19578\" srcset=\"https:\/\/periodiconuevomilenio.com\/wp-content\/uploads\/2025\/01\/Sistema-Penitenciario-y-Amicus-Curiae-celebran-Dia-de-Reyes-con-menores-que-viven-con-sus-madres-privadas-de-la-libertad-4-1024x768.jpg 1024w, https:\/\/periodiconuevomilenio.com\/wp-content\/uploads\/2025\/01\/Sistema-Penitenciario-y-Amicus-Curiae-celebran-Dia-de-Reyes-con-menores-que-viven-con-sus-madres-privadas-de-la-libertad-4-300x225.jpg 300w, https:\/\/periodiconuevomilenio.com\/wp-content\/uploads\/2025\/01\/Sistema-Penitenciario-y-Amicus-Curiae-celebran-Dia-de-Reyes-con-menores-que-viven-con-sus-madres-privadas-de-la-libertad-4-768x576.jpg 768w, https:\/\/periodiconuevomilenio.com\/wp-content\/uploads\/2025\/01\/Sistema-Penitenciario-y-Amicus-Curiae-celebran-Dia-de-Reyes-con-menores-que-viven-con-sus-madres-privadas-de-la-libertad-4.jpg 1280w\" sizes=\"auto, (max-width: 1024px) 100vw, 1024px\" \/><\/figure>\n\n\n\n<figure class=\"wp-block-image size-large\"><img loading=\"lazy\" decoding=\"async\" width=\"259\" height=\"194\" data-id=\"19577\" src=\"https:\/\/periodiconuevomilenio.com\/wp-content\/uploads\/2025\/01\/images.jpg\" alt=\"\" class=\"wp-image-19577\"\/><\/figure>\n<\/figure>\n\n\n","protected":false},"excerpt":{"rendered":"<p>* Juguetes donados por Amicus Curiae fueron entregados a las y los peque\u00f1os con motivo del D\u00eda de<\/p>\n","protected":false},"author":1,"featured_media":19578,"comment_status":"open","ping_status":"open","sticky":false,"template":"","format":"standard","meta":{"jetpack_post_was_ever_published":false,"_jetpack_newsletter_access":"","_jetpack_dont_email_post_to_subs":false,"_jetpack_newsletter_tier_id":0,"_jetpack_memberships_contains_paywalled_content":false,"_jetpack_memberships_contains_paid_content":false,"footnotes":"","jetpack_publicize_message":"","jetpack_publicize_feature_enabled":false,"jetpack_social_post_already_shared":false,"jetpack_social_options":{"image_generator_settings":{"template":"highway","enabled":false},"version":2}},"categories":[31],"tags":[51],"class_list":["post-19575","post","type-post","status-publish","format-standard","has-post-thumbnail","hentry","category-estado","tag-estado"],"jetpack_publicize_connections":[],"jetpack_sharing_enabled":true,"jetpack_featured_media_url":"https:\/\/periodiconuevomilenio.com\/wp-content\/uploads\/2025\/01\/Sistema-Penitenciario-y-Amicus-Curiae-celebran-Dia-de-Reyes-con-menores-que-viven-con-sus-madres-privadas-de-la-libertad-4.jpg","_links":{"self":[{"href":"https:\/\/periodiconuevomilenio.com\/index.php\/wp-json\/wp\/v2\/posts\/19575","targetHints":{"allow":["GET"]}}],"collection":[{"href":"https:\/\/periodiconuevomilenio.com\/index.php\/wp-json\/wp\/v2\/posts"}],"about":[{"href":"https:\/\/periodiconuevomilenio.com\/index.php\/wp-json\/wp\/v2\/types\/post"}],"author":[{"embeddable":true,"href":"https:\/\/periodiconuevomilenio.com\/index.php\/wp-json\/wp\/v2\/users\/1"}],"replies":[{"embeddable":true,"href":"https:\/\/periodiconuevomilenio.com\/index.php\/wp-json\/wp\/v2\/comments?post=19575"}],"version-history":[{"count":1,"href":"https:\/\/periodiconuevomilenio.com\/index.php\/wp-json\/wp\/v2\/posts\/19575\/revisions"}],"predecessor-version":[{"id":19579,"href":"https:\/\/periodiconuevomilenio.com\/index.php\/wp-json\/wp\/v2\/posts\/19575\/revisions\/19579"}],"wp:featuredmedia":[{"embeddable":true,"href":"https:\/\/periodiconuevomilenio.com\/index.php\/wp-json\/wp\/v2\/media\/19578"}],"wp:attachment":[{"href":"https:\/\/periodiconuevomilenio.com\/index.php\/wp-json\/wp\/v2\/media?parent=19575"}],"wp:term":[{"taxonomy":"category","embeddable":true,"href":"https:\/\/periodiconuevomilenio.com\/index.php\/wp-json\/wp\/v2\/categories?post=19575"},{"taxonomy":"post_tag","embeddable":true,"href":"https:\/\/periodiconuevomilenio.com\/index.php\/wp-json\/wp\/v2\/tags?post=19575"}],"curies":[{"name":"wp","href":"https:\/\/api.w.org\/{rel}","templated":true}]}}