{"id":19580,"date":"2025-01-07T21:52:52","date_gmt":"2025-01-08T03:52:52","guid":{"rendered":"https:\/\/periodiconuevomilenio.com\/?p=19580"},"modified":"2025-01-07T21:52:53","modified_gmt":"2025-01-08T03:52:53","slug":"auxilia-proteccion-civil-estatal-a-familia-durante-labor-de-parto-en-carretera","status":"publish","type":"post","link":"https:\/\/periodiconuevomilenio.com\/index.php\/2025\/01\/07\/auxilia-proteccion-civil-estatal-a-familia-durante-labor-de-parto-en-carretera\/","title":{"rendered":"Auxilia Protecci\u00f3n Civil estatal a familia durante labor de parto en carretera\u00a0"},"content":{"rendered":"\n<ul class=\"wp-block-list\">\n<li><strong>La Coordinaci\u00f3n Estatal de Protecci\u00f3n Civil brind\u00f3 apoyo a una joven a punto de dar a luz en la carretera San Felipe-Silao tras de una aver\u00eda del veh\u00edculo familiar. &nbsp;<\/strong><\/li>\n\n\n\n<li><strong>La intervenci\u00f3n, en coordinaci\u00f3n con el C5i, protegi\u00f3 la integridad y tranquilidad de la familia, as\u00ed como de su nuevo integrante que estaba por nacer.&nbsp;<\/strong><\/li>\n<\/ul>\n\n\n\n<p><strong>Silao, Gto., a 07 de enero de 2025.-<\/strong>&nbsp;En un acto que refleja el esp\u00edritu de servicio de la Coordinaci\u00f3n Estatal de Protecci\u00f3n Civil, integrantes de esta dependencia brindaron apoyo a una familia que enfrentaba una emergencia m\u00e9dica en la carretera San Felipe-Silao. Una joven en labor de parto fue asistida con prontitud, lo que permiti\u00f3 su traslado seguro al hospital.&nbsp; &nbsp;<\/p>\n\n\n\n<p>El suceso ocurri\u00f3 en el kil\u00f3metro 7 de la carretera estatal San Felipe-Silao, a la altura de la comunidad El Jitomatal, donde Jes\u00fas N y su esposa viajaban con su hija de 24 a\u00f1os que se encontraba a punto de dar a luz. Durante su trayecto a la Cl\u00ednica T-54 del Instituto Mexicano del Seguro Social (IMSS) en Silao, el veh\u00edculo familiar sufri\u00f3 una falla en el sistema el\u00e9ctrico, dejando a la familia varada y sin posibilidad de continuar su camino.&nbsp; &nbsp;<\/p>\n\n\n\n<p>Integrantes de la Coordinaci\u00f3n Estatal de Protecci\u00f3n Civil acudieron de inmediato al lugar; al llegar, brindaron atenci\u00f3n primaria a la joven en labor de parto y por medio del C5i coordinaron la llegada de una ambulancia. Mientras tanto, apoyaron a acercar el veh\u00edculo a una zona segura con se\u00f1al telef\u00f3nica a fin de que el mec\u00e1nico de la familia se encargara de las reparaciones necesarias.&nbsp; &nbsp;<\/p>\n\n\n\n<p>La joven fue trasladada al hospital en una ambulancia, arribando a\u00fan en labor de parto, pero en buen estado de salud. Gracias a la atenci\u00f3n oportuna, su beb\u00e9 pudo llegar al mundo en un entorno seguro y rodeado del amor de su familia. &nbsp;<\/p>\n\n\n\n<p>La Secretar\u00eda de Seguridad y Paz reafirma su compromiso de servir y proteger a las familias y recuerda a la ciudadan\u00eda que en cualquier emergencia pueden comunicarse al n\u00famero 9-1-1. Trabajamos con cercan\u00eda para fortalecer la confianza entre autoridades y comunidad, y as\u00ed convertir a Guanajuato en un mejor lugar para crecer y vivir.\u00a0<\/p>\n\n\n\n<figure class=\"wp-block-gallery has-nested-images columns-default is-cropped wp-block-gallery-1 is-layout-flex wp-block-gallery-is-layout-flex\">\n<figure class=\"wp-block-image size-large\"><img loading=\"lazy\" decoding=\"async\" width=\"960\" height=\"542\" data-id=\"19583\" src=\"https:\/\/periodiconuevomilenio.com\/wp-content\/uploads\/2025\/01\/Auxilia-Proteccion-Civil-estatal-a-familia-durante-labor-de-parto-en-carretera-01-e1736274762281.jpg\" alt=\"\" class=\"wp-image-19583\" srcset=\"https:\/\/periodiconuevomilenio.com\/wp-content\/uploads\/2025\/01\/Auxilia-Proteccion-Civil-estatal-a-familia-durante-labor-de-parto-en-carretera-01-e1736274762281.jpg 960w, https:\/\/periodiconuevomilenio.com\/wp-content\/uploads\/2025\/01\/Auxilia-Proteccion-Civil-estatal-a-familia-durante-labor-de-parto-en-carretera-01-e1736274762281-300x169.jpg 300w, https:\/\/periodiconuevomilenio.com\/wp-content\/uploads\/2025\/01\/Auxilia-Proteccion-Civil-estatal-a-familia-durante-labor-de-parto-en-carretera-01-e1736274762281-768x434.jpg 768w\" sizes=\"auto, (max-width: 960px) 100vw, 960px\" \/><\/figure>\n\n\n\n<figure class=\"wp-block-image size-large\"><img loading=\"lazy\" decoding=\"async\" width=\"768\" height=\"1024\" data-id=\"19584\" src=\"https:\/\/periodiconuevomilenio.com\/wp-content\/uploads\/2025\/01\/Auxilia-Proteccion-Civil-estatal-a-familia-durante-labor-de-parto-en-carretera-01-768x1024-1.jpg\" alt=\"\" class=\"wp-image-19584\" srcset=\"https:\/\/periodiconuevomilenio.com\/wp-content\/uploads\/2025\/01\/Auxilia-Proteccion-Civil-estatal-a-familia-durante-labor-de-parto-en-carretera-01-768x1024-1.jpg 768w, https:\/\/periodiconuevomilenio.com\/wp-content\/uploads\/2025\/01\/Auxilia-Proteccion-Civil-estatal-a-familia-durante-labor-de-parto-en-carretera-01-768x1024-1-225x300.jpg 225w\" sizes=\"auto, (max-width: 768px) 100vw, 768px\" \/><\/figure>\n<\/figure>\n\n\n\n<figure class=\"wp-block-gallery has-nested-images columns-default is-cropped wp-block-gallery-2 is-layout-flex wp-block-gallery-is-layout-flex\">\n<figure class=\"wp-block-image size-large\"><img loading=\"lazy\" decoding=\"async\" width=\"1024\" height=\"768\" data-id=\"19581\" src=\"https:\/\/periodiconuevomilenio.com\/wp-content\/uploads\/2025\/01\/Auxilia-Proteccion-Civil-estatal-a-familia-durante-labor-de-parto-en-carretera-05-1024x768.jpg\" alt=\"\" class=\"wp-image-19581\" srcset=\"https:\/\/periodiconuevomilenio.com\/wp-content\/uploads\/2025\/01\/Auxilia-Proteccion-Civil-estatal-a-familia-durante-labor-de-parto-en-carretera-05-1024x768.jpg 1024w, https:\/\/periodiconuevomilenio.com\/wp-content\/uploads\/2025\/01\/Auxilia-Proteccion-Civil-estatal-a-familia-durante-labor-de-parto-en-carretera-05-300x225.jpg 300w, https:\/\/periodiconuevomilenio.com\/wp-content\/uploads\/2025\/01\/Auxilia-Proteccion-Civil-estatal-a-familia-durante-labor-de-parto-en-carretera-05-768x576.jpg 768w, https:\/\/periodiconuevomilenio.com\/wp-content\/uploads\/2025\/01\/Auxilia-Proteccion-Civil-estatal-a-familia-durante-labor-de-parto-en-carretera-05.jpg 1280w\" sizes=\"auto, (max-width: 1024px) 100vw, 1024px\" \/><\/figure>\n\n\n\n<figure class=\"wp-block-image size-large\"><img loading=\"lazy\" decoding=\"async\" width=\"1024\" height=\"768\" data-id=\"19582\" src=\"https:\/\/periodiconuevomilenio.com\/wp-content\/uploads\/2025\/01\/Auxilia-Proteccion-Civil-estatal-a-familia-durante-labor-de-parto-en-carretera-02-1024x768.jpg\" alt=\"\" class=\"wp-image-19582\" srcset=\"https:\/\/periodiconuevomilenio.com\/wp-content\/uploads\/2025\/01\/Auxilia-Proteccion-Civil-estatal-a-familia-durante-labor-de-parto-en-carretera-02-1024x768.jpg 1024w, https:\/\/periodiconuevomilenio.com\/wp-content\/uploads\/2025\/01\/Auxilia-Proteccion-Civil-estatal-a-familia-durante-labor-de-parto-en-carretera-02-300x225.jpg 300w, https:\/\/periodiconuevomilenio.com\/wp-content\/uploads\/2025\/01\/Auxilia-Proteccion-Civil-estatal-a-familia-durante-labor-de-parto-en-carretera-02-768x576.jpg 768w, https:\/\/periodiconuevomilenio.com\/wp-content\/uploads\/2025\/01\/Auxilia-Proteccion-Civil-estatal-a-familia-durante-labor-de-parto-en-carretera-02.jpg 1280w\" sizes=\"auto, (max-width: 1024px) 100vw, 1024px\" \/><\/figure>\n<\/figure>\n\n\n","protected":false},"excerpt":{"rendered":"<p>Silao, Gto., a 07 de enero de 2025.-&nbsp;En un acto que refleja el esp\u00edritu de servicio de la<\/p>\n","protected":false},"author":1,"featured_media":19581,"comment_status":"open","ping_status":"open","sticky":false,"template":"","format":"standard","meta":{"jetpack_post_was_ever_published":false,"_jetpack_newsletter_access":"","_jetpack_dont_email_post_to_subs":false,"_jetpack_newsletter_tier_id":0,"_jetpack_memberships_contains_paywalled_content":false,"_jetpack_memberships_contains_paid_content":false,"footnotes":"","jetpack_publicize_message":"","jetpack_publicize_feature_enabled":false,"jetpack_social_post_already_shared":false,"jetpack_social_options":{"image_generator_settings":{"template":"highway","enabled":false},"version":2}},"categories":[31],"tags":[51],"class_list":["post-19580","post","type-post","status-publish","format-standard","has-post-thumbnail","hentry","category-estado","tag-estado"],"jetpack_publicize_connections":[],"jetpack_sharing_enabled":true,"jetpack_featured_media_url":"https:\/\/periodiconuevomilenio.com\/wp-content\/uploads\/2025\/01\/Auxilia-Proteccion-Civil-estatal-a-familia-durante-labor-de-parto-en-carretera-05.jpg","_links":{"self":[{"href":"https:\/\/periodiconuevomilenio.com\/index.php\/wp-json\/wp\/v2\/posts\/19580","targetHints":{"allow":["GET"]}}],"collection":[{"href":"https:\/\/periodiconuevomilenio.com\/index.php\/wp-json\/wp\/v2\/posts"}],"about":[{"href":"https:\/\/periodiconuevomilenio.com\/index.php\/wp-json\/wp\/v2\/types\/post"}],"author":[{"embeddable":true,"href":"https:\/\/periodiconuevomilenio.com\/index.php\/wp-json\/wp\/v2\/users\/1"}],"replies":[{"embeddable":true,"href":"https:\/\/periodiconuevomilenio.com\/index.php\/wp-json\/wp\/v2\/comments?post=19580"}],"version-history":[{"count":1,"href":"https:\/\/periodiconuevomilenio.com\/index.php\/wp-json\/wp\/v2\/posts\/19580\/revisions"}],"predecessor-version":[{"id":19585,"href":"https:\/\/periodiconuevomilenio.com\/index.php\/wp-json\/wp\/v2\/posts\/19580\/revisions\/19585"}],"wp:featuredmedia":[{"embeddable":true,"href":"https:\/\/periodiconuevomilenio.com\/index.php\/wp-json\/wp\/v2\/media\/19581"}],"wp:attachment":[{"href":"https:\/\/periodiconuevomilenio.com\/index.php\/wp-json\/wp\/v2\/media?parent=19580"}],"wp:term":[{"taxonomy":"category","embeddable":true,"href":"https:\/\/periodiconuevomilenio.com\/index.php\/wp-json\/wp\/v2\/categories?post=19580"},{"taxonomy":"post_tag","embeddable":true,"href":"https:\/\/periodiconuevomilenio.com\/index.php\/wp-json\/wp\/v2\/tags?post=19580"}],"curies":[{"name":"wp","href":"https:\/\/api.w.org\/{rel}","templated":true}]}}