{"id":19598,"date":"2025-01-08T08:57:09","date_gmt":"2025-01-08T14:57:09","guid":{"rendered":"https:\/\/periodiconuevomilenio.com\/?p=19598"},"modified":"2025-01-08T08:57:11","modified_gmt":"2025-01-08T14:57:11","slug":"valle-se-queda-sin-tesorero","status":"publish","type":"post","link":"https:\/\/periodiconuevomilenio.com\/index.php\/2025\/01\/08\/valle-se-queda-sin-tesorero\/","title":{"rendered":"Valle Se Queda sin Tesorero"},"content":{"rendered":"\n<p>VALLE DE SANTIAGO, GTO.- &nbsp;Justino Arriaga Rojas fue nombrado delegado de agricultura en el estado Por la presidenta de la rep\u00fablica Claudia Sheinbaum Pardo, actualmente se desempe\u00f1aba como tesorero Municipal en Valle de Santiago.<\/p>\n\n\n\n<p>Justino Arriaga ha ocupado importantes cargo en la pol\u00edtica entre ellos &nbsp;ex presidente municipal &nbsp;de Salamanca y ex diputado federal, Justino Arriaga Rojas, asumi\u00f3 a partir de \u00e9ste d\u00eda la titularidad de la Oficina de Representaci\u00f3n Estatal de la Secretar\u00eda de Agricultura y Desarrollo Rural (SADER).<\/p>\n\n\n\n<p>&nbsp;Lo confirm\u00f3 a trav\u00e9s de sus redes sociales el propio Arriaga Rojas, \u201c Es un honor y un alto compromiso aceptar el encargo que la Presidenta Claudia Sheinbaum Pardo me ha encomendado como Titular de la Oficina de Representaci\u00f3n Estatal de la Secretar\u00eda de Agricultura\u201d en mi querido Guanajuato.<\/p>\n\n\n\n<p>Agradezco al Secretario Dr. Julio Berdegu\u00e9 Sacrist\u00e1n y al Subsecretario Leonel Cota Monta\u00f1o y particularmente a la Coordinadora General de operaci\u00f3n territorial Columba L\u00f3pez por su recibimiento. Hemos llevado a cabo una intensa jornada de trabajo en el Taller de objetivos y prioridades 2025 y regresamos cada uno y cada una de los titulares de las OREFS con \u00e1nimos renovados.<\/p>\n\n\n\n<p>Arriaga Rojas, milit\u00f3 en el PAN durante 24 a\u00f1os, donde ocup\u00f3 diversos cargos de partido, inici\u00f3 en&nbsp; Acci\u00f3n Juvenil;&nbsp; en enero del 2023, siendo diputado federal, a invitaci\u00f3n de dirigentes nacionales de MORENA y funcionarios federales del sexenio&nbsp; pasado que encabez\u00f3, Andr\u00e9s Manuel L\u00f3pez Obrador, se pas\u00f3 a las filas del partido en el poder donde concluy\u00f3 como legislador y actualmente era tesorero del gobierno municipal de Valle de Santiago donde por primera vez gobierna MORENA con Israel Mosqueda Gasca al frente.<\/p>\n\n\n\n<figure class=\"wp-block-image size-large\"><img loading=\"lazy\" decoding=\"async\" width=\"1020\" height=\"1024\" src=\"https:\/\/periodiconuevomilenio.com\/wp-content\/uploads\/2025\/01\/img_5009-1020x1024.jpg\" alt=\"\" class=\"wp-image-19599\" srcset=\"https:\/\/periodiconuevomilenio.com\/wp-content\/uploads\/2025\/01\/img_5009-1020x1024.jpg 1020w, https:\/\/periodiconuevomilenio.com\/wp-content\/uploads\/2025\/01\/img_5009-300x300.jpg 300w, https:\/\/periodiconuevomilenio.com\/wp-content\/uploads\/2025\/01\/img_5009-150x150.jpg 150w, https:\/\/periodiconuevomilenio.com\/wp-content\/uploads\/2025\/01\/img_5009-768x771.jpg 768w, https:\/\/periodiconuevomilenio.com\/wp-content\/uploads\/2025\/01\/img_5009-1531x1536.jpg 1531w, https:\/\/periodiconuevomilenio.com\/wp-content\/uploads\/2025\/01\/img_5009-2041x2048.jpg 2041w, https:\/\/periodiconuevomilenio.com\/wp-content\/uploads\/2025\/01\/img_5009-1024x1028.jpg 1024w, https:\/\/periodiconuevomilenio.com\/wp-content\/uploads\/2025\/01\/img_5009-350x350.jpg 350w\" sizes=\"auto, (max-width: 1020px) 100vw, 1020px\" \/><\/figure>\n\n\n","protected":false},"excerpt":{"rendered":"<p>VALLE DE SANTIAGO, GTO.- &nbsp;Justino Arriaga Rojas fue nombrado delegado de agricultura en el estado Por la presidenta<\/p>\n","protected":false},"author":1,"featured_media":19599,"comment_status":"open","ping_status":"open","sticky":false,"template":"","format":"standard","meta":{"jetpack_post_was_ever_published":false,"_jetpack_newsletter_access":"","_jetpack_dont_email_post_to_subs":false,"_jetpack_newsletter_tier_id":0,"_jetpack_memberships_contains_paywalled_content":false,"_jetpack_memberships_contains_paid_content":false,"footnotes":"","jetpack_publicize_message":"","jetpack_publicize_feature_enabled":false,"jetpack_social_post_already_shared":false,"jetpack_social_options":{"image_generator_settings":{"template":"highway","enabled":false},"version":2}},"categories":[31],"tags":[51],"class_list":["post-19598","post","type-post","status-publish","format-standard","has-post-thumbnail","hentry","category-estado","tag-estado"],"jetpack_publicize_connections":[],"jetpack_sharing_enabled":true,"jetpack_featured_media_url":"https:\/\/periodiconuevomilenio.com\/wp-content\/uploads\/2025\/01\/img_5009-scaled.jpg","_links":{"self":[{"href":"https:\/\/periodiconuevomilenio.com\/index.php\/wp-json\/wp\/v2\/posts\/19598","targetHints":{"allow":["GET"]}}],"collection":[{"href":"https:\/\/periodiconuevomilenio.com\/index.php\/wp-json\/wp\/v2\/posts"}],"about":[{"href":"https:\/\/periodiconuevomilenio.com\/index.php\/wp-json\/wp\/v2\/types\/post"}],"author":[{"embeddable":true,"href":"https:\/\/periodiconuevomilenio.com\/index.php\/wp-json\/wp\/v2\/users\/1"}],"replies":[{"embeddable":true,"href":"https:\/\/periodiconuevomilenio.com\/index.php\/wp-json\/wp\/v2\/comments?post=19598"}],"version-history":[{"count":1,"href":"https:\/\/periodiconuevomilenio.com\/index.php\/wp-json\/wp\/v2\/posts\/19598\/revisions"}],"predecessor-version":[{"id":19600,"href":"https:\/\/periodiconuevomilenio.com\/index.php\/wp-json\/wp\/v2\/posts\/19598\/revisions\/19600"}],"wp:featuredmedia":[{"embeddable":true,"href":"https:\/\/periodiconuevomilenio.com\/index.php\/wp-json\/wp\/v2\/media\/19599"}],"wp:attachment":[{"href":"https:\/\/periodiconuevomilenio.com\/index.php\/wp-json\/wp\/v2\/media?parent=19598"}],"wp:term":[{"taxonomy":"category","embeddable":true,"href":"https:\/\/periodiconuevomilenio.com\/index.php\/wp-json\/wp\/v2\/categories?post=19598"},{"taxonomy":"post_tag","embeddable":true,"href":"https:\/\/periodiconuevomilenio.com\/index.php\/wp-json\/wp\/v2\/tags?post=19598"}],"curies":[{"name":"wp","href":"https:\/\/api.w.org\/{rel}","templated":true}]}}