{"id":19672,"date":"2025-01-11T17:52:27","date_gmt":"2025-01-11T23:52:27","guid":{"rendered":"https:\/\/periodiconuevomilenio.com\/?p=19672"},"modified":"2025-01-11T17:52:29","modified_gmt":"2025-01-11T23:52:29","slug":"lo-encontraron-sin-vida","status":"publish","type":"post","link":"https:\/\/periodiconuevomilenio.com\/index.php\/2025\/01\/11\/lo-encontraron-sin-vida\/","title":{"rendered":"Lo encontraron sin vida"},"content":{"rendered":"\n<p>VALLE DE SANTIAGO, GTO.- Poco despu\u00e9s del mediod\u00eda de este s\u00e1bado 11 de enero, en medio del camino de terracer\u00eda que conduce de los Mart\u00ednez a las J\u00edcamas, fue localizado una persona sin vida, hasta el momento no est\u00e1 plenamente identificado.<\/p>\n\n\n\n<p>De acuerdo con los datos preliminares, fue poco despu\u00e9s del mediod\u00eda cuando una patrulla de seguridad p\u00fablica recibi\u00f3 el reporte en el sentido de que hab\u00eda un cuerpo a la mitad del camino y al parecer estaba s1n vida.<\/p>\n\n\n\n<p>Esto fue plenamente confinado por param\u00e9dicos que acudieron al lugar solo para confirmar que ya no contaba con signos vitales y se procedi\u00f3 a acordonar la zona y dar aviso a las autoridades de la fiscal\u00eda.<\/p>\n\n\n\n<p>En el camino de terracer\u00eda de la comunidad de Mart\u00ednez \u2013 Las J\u00edcamas. Se localiz\u00f3 una persona recostada a mitad del camino, tras ser revisado y determinar que ya no ten\u00eda vida, preci\u00e1ndosele lesiones aparentemente causadas por proyectil de @rma de fuego.<\/p>\n\n\n\n<p>La persona vest\u00eda sudadera azul, pantal\u00f3n de vestir en color caf\u00e9 claro y zapatos negros de trabajo. En el lugar se observan c@squillos percutidos de varios calibres, los cuales fueron asegurados como indicios por parte de los agentes de investigaci\u00f3n criminal, los cuales ser\u00e1n analizados.<\/p>\n\n\n\n<p>Se abri\u00f3 una carpeta e investigaci\u00f3n por parte de la fiscal\u00eda y el cuerpo fue enviado a la capital del estado, donde se realiza la necropsia de ley para determinar las causas reales de su mu3rte, la identidad de la persona y la mec\u00e1nica de los para esclarecer este crimen y dar los responsables.<\/p>\n\n\n\n<figure class=\"wp-block-image size-large\"><img loading=\"lazy\" decoding=\"async\" width=\"1024\" height=\"683\" src=\"https:\/\/periodiconuevomilenio.com\/wp-content\/uploads\/2025\/01\/img_3940-1024x683.jpg\" alt=\"\" class=\"wp-image-19675\" srcset=\"https:\/\/periodiconuevomilenio.com\/wp-content\/uploads\/2025\/01\/img_3940-1024x683.jpg 1024w, https:\/\/periodiconuevomilenio.com\/wp-content\/uploads\/2025\/01\/img_3940-300x200.jpg 300w, https:\/\/periodiconuevomilenio.com\/wp-content\/uploads\/2025\/01\/img_3940-768x512.jpg 768w, https:\/\/periodiconuevomilenio.com\/wp-content\/uploads\/2025\/01\/img_3940-1536x1024.jpg 1536w, https:\/\/periodiconuevomilenio.com\/wp-content\/uploads\/2025\/01\/img_3940-2048x1365.jpg 2048w\" sizes=\"auto, (max-width: 1024px) 100vw, 1024px\" \/><\/figure>\n\n\n\n<figure class=\"wp-block-image size-full\"><img loading=\"lazy\" decoding=\"async\" width=\"765\" height=\"557\" src=\"https:\/\/periodiconuevomilenio.com\/wp-content\/uploads\/2025\/01\/60bb15ae-519c-4128-804f-80103dab807e.jpg\" alt=\"\" class=\"wp-image-19674\" srcset=\"https:\/\/periodiconuevomilenio.com\/wp-content\/uploads\/2025\/01\/60bb15ae-519c-4128-804f-80103dab807e.jpg 765w, https:\/\/periodiconuevomilenio.com\/wp-content\/uploads\/2025\/01\/60bb15ae-519c-4128-804f-80103dab807e-300x218.jpg 300w\" sizes=\"auto, (max-width: 765px) 100vw, 765px\" \/><\/figure>\n\n\n","protected":false},"excerpt":{"rendered":"<p>VALLE DE SANTIAGO, GTO.- Poco despu\u00e9s del mediod\u00eda de este s\u00e1bado 11 de enero, en medio del camino<\/p>\n","protected":false},"author":1,"featured_media":19675,"comment_status":"open","ping_status":"open","sticky":false,"template":"","format":"standard","meta":{"jetpack_post_was_ever_published":false,"_jetpack_newsletter_access":"","_jetpack_dont_email_post_to_subs":false,"_jetpack_newsletter_tier_id":0,"_jetpack_memberships_contains_paywalled_content":false,"_jetpack_memberships_contains_paid_content":false,"footnotes":"","jetpack_publicize_message":"","jetpack_publicize_feature_enabled":false,"jetpack_social_post_already_shared":false,"jetpack_social_options":{"image_generator_settings":{"template":"highway","enabled":false},"version":2}},"categories":[31,48,39],"tags":[51,22],"class_list":["post-19672","post","type-post","status-publish","format-standard","has-post-thumbnail","hentry","category-estado","category-policiaca","category-valle-de-santiago","tag-estado","tag-valle"],"jetpack_publicize_connections":[],"jetpack_sharing_enabled":true,"jetpack_featured_media_url":"https:\/\/periodiconuevomilenio.com\/wp-content\/uploads\/2025\/01\/img_3940-scaled.jpg","_links":{"self":[{"href":"https:\/\/periodiconuevomilenio.com\/index.php\/wp-json\/wp\/v2\/posts\/19672","targetHints":{"allow":["GET"]}}],"collection":[{"href":"https:\/\/periodiconuevomilenio.com\/index.php\/wp-json\/wp\/v2\/posts"}],"about":[{"href":"https:\/\/periodiconuevomilenio.com\/index.php\/wp-json\/wp\/v2\/types\/post"}],"author":[{"embeddable":true,"href":"https:\/\/periodiconuevomilenio.com\/index.php\/wp-json\/wp\/v2\/users\/1"}],"replies":[{"embeddable":true,"href":"https:\/\/periodiconuevomilenio.com\/index.php\/wp-json\/wp\/v2\/comments?post=19672"}],"version-history":[{"count":1,"href":"https:\/\/periodiconuevomilenio.com\/index.php\/wp-json\/wp\/v2\/posts\/19672\/revisions"}],"predecessor-version":[{"id":19676,"href":"https:\/\/periodiconuevomilenio.com\/index.php\/wp-json\/wp\/v2\/posts\/19672\/revisions\/19676"}],"wp:featuredmedia":[{"embeddable":true,"href":"https:\/\/periodiconuevomilenio.com\/index.php\/wp-json\/wp\/v2\/media\/19675"}],"wp:attachment":[{"href":"https:\/\/periodiconuevomilenio.com\/index.php\/wp-json\/wp\/v2\/media?parent=19672"}],"wp:term":[{"taxonomy":"category","embeddable":true,"href":"https:\/\/periodiconuevomilenio.com\/index.php\/wp-json\/wp\/v2\/categories?post=19672"},{"taxonomy":"post_tag","embeddable":true,"href":"https:\/\/periodiconuevomilenio.com\/index.php\/wp-json\/wp\/v2\/tags?post=19672"}],"curies":[{"name":"wp","href":"https:\/\/api.w.org\/{rel}","templated":true}]}}