{"id":19696,"date":"2025-01-12T10:47:02","date_gmt":"2025-01-12T16:47:02","guid":{"rendered":"https:\/\/periodiconuevomilenio.com\/?p=19696"},"modified":"2025-01-12T10:47:03","modified_gmt":"2025-01-12T16:47:03","slug":"vinculacion-a-proceso-penal-de-hector-eduardo-n-y-oscar-ivan-n","status":"publish","type":"post","link":"https:\/\/periodiconuevomilenio.com\/index.php\/2025\/01\/12\/vinculacion-a-proceso-penal-de-hector-eduardo-n-y-oscar-ivan-n\/","title":{"rendered":"Vinculaci\u00f3n a proceso penal de H\u00c9CTOR EDUARDO \u201cN\u201d y \u00d3SCAR IV\u00c1N \u201cN\u201d"},"content":{"rendered":"\n<p>Vinculaci\u00f3n a proceso penal de <strong>H\u00c9CTOR EDUARDO \u201cN\u201d y \u00d3SCAR IV\u00c1N \u201cN\u201d <\/strong>por h0wicidi0 en anexo El 1 de julio de 2020, por la tarde, las v\u00edctimas se encontraban al interior de un centro de rehabilitaci\u00f3n ubicado en la comunidad de Arandas, en Irapuato.<\/p>\n\n\n\n<p>Al lugar ingresaron tres hombres con el rostro cubierto, portando armas de fuego, los inculpados se dirigieron a la planta alta y amagaron a los internos.<\/p>\n\n\n\n<p>Una&nbsp; vez sometidos, &nbsp;los agresores comenzaron a&nbsp; preguntar &nbsp;por &nbsp;una persona. Al no&nbsp; obtener respuesta afirmativa, dispararon contra las personas que se encontraban ah\u00ed, matando a 21 hombres. Los agresores descendieron a la planta baja y dispararon contra tres hombres m\u00e1s, quienes tambi\u00e9n fallecieron en el lugar.<\/p>\n\n\n\n<p>Tres personas fueron trasladadas al hospital debido a las lesiones sufridas, donde posteriormente perdieron la vida. La Fiscal\u00eda de Guanajuato logr\u00f3 esclarecer el evento delictivo e identificar a los inculpados. Con base en las investigaciones y elementos presentados, <strong>H<\/strong><strong>\u00c9CTOR EDUARDO \u201cN\u201d <\/strong>y <strong>\u00d3SCAR IV\u00c1N \u201cN\u201d <\/strong>han sido vinculados a proceso penal por su presunta participaci\u00f3n en este acto de homicidio m\u00faltiple.<\/p>\n\n\n\n<p>Importante es mencionar, que por estos hechos JES\u00daS EMMANUEL \u201cN\u201d, alias El Jordan, fue sentenciado a 797 a\u00f1os y 6 meses de prisi\u00f3n, pues un juez determin\u00f3 que fue uno de los tres presuntos autores de esta masacre<\/p>\n\n\n\n<figure class=\"wp-block-image size-large\"><img loading=\"lazy\" decoding=\"async\" width=\"819\" height=\"1024\" src=\"https:\/\/periodiconuevomilenio.com\/wp-content\/uploads\/2025\/01\/IMAGEN-FGE-011-2025-819x1024.jpg\" alt=\"\" class=\"wp-image-19697\" srcset=\"https:\/\/periodiconuevomilenio.com\/wp-content\/uploads\/2025\/01\/IMAGEN-FGE-011-2025-819x1024.jpg 819w, https:\/\/periodiconuevomilenio.com\/wp-content\/uploads\/2025\/01\/IMAGEN-FGE-011-2025-240x300.jpg 240w, https:\/\/periodiconuevomilenio.com\/wp-content\/uploads\/2025\/01\/IMAGEN-FGE-011-2025-768x960.jpg 768w, https:\/\/periodiconuevomilenio.com\/wp-content\/uploads\/2025\/01\/IMAGEN-FGE-011-2025-1024x1280.jpg 1024w, https:\/\/periodiconuevomilenio.com\/wp-content\/uploads\/2025\/01\/IMAGEN-FGE-011-2025.jpg 1080w\" sizes=\"auto, (max-width: 819px) 100vw, 819px\" \/><\/figure>\n\n\n","protected":false},"excerpt":{"rendered":"<p>Vinculaci\u00f3n a proceso penal de H\u00c9CTOR EDUARDO \u201cN\u201d y \u00d3SCAR IV\u00c1N \u201cN\u201d por h0wicidi0 en anexo El 1<\/p>\n","protected":false},"author":1,"featured_media":19697,"comment_status":"open","ping_status":"open","sticky":false,"template":"","format":"standard","meta":{"jetpack_post_was_ever_published":false,"_jetpack_newsletter_access":"","_jetpack_dont_email_post_to_subs":false,"_jetpack_newsletter_tier_id":0,"_jetpack_memberships_contains_paywalled_content":false,"_jetpack_memberships_contains_paid_content":false,"footnotes":"","jetpack_publicize_message":"","jetpack_publicize_feature_enabled":false,"jetpack_social_post_already_shared":false,"jetpack_social_options":{"image_generator_settings":{"template":"highway","enabled":false},"version":2}},"categories":[31,48],"tags":[51],"class_list":["post-19696","post","type-post","status-publish","format-standard","has-post-thumbnail","hentry","category-estado","category-policiaca","tag-estado"],"jetpack_publicize_connections":[],"jetpack_sharing_enabled":true,"jetpack_featured_media_url":"https:\/\/periodiconuevomilenio.com\/wp-content\/uploads\/2025\/01\/IMAGEN-FGE-011-2025.jpg","_links":{"self":[{"href":"https:\/\/periodiconuevomilenio.com\/index.php\/wp-json\/wp\/v2\/posts\/19696","targetHints":{"allow":["GET"]}}],"collection":[{"href":"https:\/\/periodiconuevomilenio.com\/index.php\/wp-json\/wp\/v2\/posts"}],"about":[{"href":"https:\/\/periodiconuevomilenio.com\/index.php\/wp-json\/wp\/v2\/types\/post"}],"author":[{"embeddable":true,"href":"https:\/\/periodiconuevomilenio.com\/index.php\/wp-json\/wp\/v2\/users\/1"}],"replies":[{"embeddable":true,"href":"https:\/\/periodiconuevomilenio.com\/index.php\/wp-json\/wp\/v2\/comments?post=19696"}],"version-history":[{"count":1,"href":"https:\/\/periodiconuevomilenio.com\/index.php\/wp-json\/wp\/v2\/posts\/19696\/revisions"}],"predecessor-version":[{"id":19698,"href":"https:\/\/periodiconuevomilenio.com\/index.php\/wp-json\/wp\/v2\/posts\/19696\/revisions\/19698"}],"wp:featuredmedia":[{"embeddable":true,"href":"https:\/\/periodiconuevomilenio.com\/index.php\/wp-json\/wp\/v2\/media\/19697"}],"wp:attachment":[{"href":"https:\/\/periodiconuevomilenio.com\/index.php\/wp-json\/wp\/v2\/media?parent=19696"}],"wp:term":[{"taxonomy":"category","embeddable":true,"href":"https:\/\/periodiconuevomilenio.com\/index.php\/wp-json\/wp\/v2\/categories?post=19696"},{"taxonomy":"post_tag","embeddable":true,"href":"https:\/\/periodiconuevomilenio.com\/index.php\/wp-json\/wp\/v2\/tags?post=19696"}],"curies":[{"name":"wp","href":"https:\/\/api.w.org\/{rel}","templated":true}]}}