{"id":19700,"date":"2025-01-13T00:37:04","date_gmt":"2025-01-13T06:37:04","guid":{"rendered":"https:\/\/periodiconuevomilenio.com\/?p=19700"},"modified":"2025-01-13T00:37:06","modified_gmt":"2025-01-13T06:37:06","slug":"descanse-en-paz-alfredo-hernandez","status":"publish","type":"post","link":"https:\/\/periodiconuevomilenio.com\/index.php\/2025\/01\/13\/descanse-en-paz-alfredo-hernandez\/","title":{"rendered":"Descanse en Paz Alfredo Hern\u00e1ndez"},"content":{"rendered":"\n<p>VALLE DE SANTIAGO, GTO.- Fue despedido con todos los honores, como todo ch\u00f3fer de las combis, ayer dio su \u00faltimo recorrido en la ruta Miravalle y despu\u00e9s a su \u00faltima morada en el Pante\u00f3n Se\u00f1or Santiago, donde sus compa\u00f1eros lo trasladaron en hombros y pidieron por  su eterno descanso .<\/p>\n\n\n\n<p>Fue sorpresiva  su muerte, sin embargo, quiz\u00e1 ya \u00e9l la esperaba, pues ten\u00eda ya varios meses enfermo, y este s\u00e1bado en las primeras horas perdi\u00f3 la batalla y falleci\u00f3 Alfredo Hern\u00e1ndez ch\u00f3fer que durante la mayor parte de su vida fue su principal actividad en los autobuses urbanos y finalmente en las combis rojas del trasporte \u201cCardenista\u201d.<\/p>\n\n\n\n<p>Alfredo Hern\u00e1ndez era conocido entre sus compa\u00f1eros como \u201cel Mala\u201d y este domingo 12 de enero rindi\u00f3 fruto a la madre tierra, dejando un hondo pesar para sus familiares y amigos, cuatro hijos, dos hombres y dos mujeres, quienes lloran su partida.<\/p>\n\n\n\n<p>El viernes por la noche termin\u00f3 su ruta de la Miravalle como era habitual; sin embargo, por la noche fue llevado de urgencias al hospital civil quej\u00e1ndose de un fuerte dolor, horas m\u00e1s tarde se anunciaba que hab\u00eda partido de este plano terrenal.<\/p>\n\n\n\n<p>Fue velado en su domicilio particular, este domingo fue llevado a la misa de cuerpo presente en el templo de la Asunci\u00f3n acompa\u00f1ado de familiares, amigos y compa\u00f1eros quienes le dieron el \u00faltimo adi\u00f3s y realizando su \u00faltimo recorrido de su ruta, los micros hicieron sonar el claxon dando un ambiente m\u00e1s tristeza aunado con el clima fr\u00edo de la temporada.<\/p>\n\n\n\n<p>De ah\u00ed fue llevado al Pante\u00f3n municipal desde la entrada cargado en hombros hasta su sepultura donde ahora ya descansa en paz y desde aqu\u00ed enviamos nuestras m\u00e1s sinceras condolencias y elevamos una oraci\u00f3n por su terno descanso pidieron una pronta resignaci\u00f3n para todos sus familiares y amigos Descanse en Paz el, padre, amigo, el compadre, el compa\u00f1ero Alfredo Hern\u00e1ndez \u201cEl Mala\u201d.<\/p>\n\n\n\n<figure class=\"wp-block-gallery has-nested-images columns-default is-cropped wp-block-gallery-1 is-layout-flex wp-block-gallery-is-layout-flex\">\n<figure class=\"wp-block-image size-large\"><img loading=\"lazy\" decoding=\"async\" width=\"1024\" height=\"666\" data-id=\"19701\" src=\"https:\/\/periodiconuevomilenio.com\/wp-content\/uploads\/2025\/01\/IMG20250112153728-1024x666.jpg\" alt=\"\" class=\"wp-image-19701\" srcset=\"https:\/\/periodiconuevomilenio.com\/wp-content\/uploads\/2025\/01\/IMG20250112153728-1024x666.jpg 1024w, https:\/\/periodiconuevomilenio.com\/wp-content\/uploads\/2025\/01\/IMG20250112153728-300x195.jpg 300w, https:\/\/periodiconuevomilenio.com\/wp-content\/uploads\/2025\/01\/IMG20250112153728-768x500.jpg 768w, https:\/\/periodiconuevomilenio.com\/wp-content\/uploads\/2025\/01\/IMG20250112153728-1536x1000.jpg 1536w, https:\/\/periodiconuevomilenio.com\/wp-content\/uploads\/2025\/01\/IMG20250112153728-2048x1333.jpg 2048w\" sizes=\"auto, (max-width: 1024px) 100vw, 1024px\" \/><\/figure>\n\n\n\n<figure class=\"wp-block-image size-large\"><img loading=\"lazy\" decoding=\"async\" width=\"1024\" height=\"768\" data-id=\"19703\" src=\"https:\/\/periodiconuevomilenio.com\/wp-content\/uploads\/2025\/01\/IMG20250112144628-1024x768.jpg\" alt=\"\" class=\"wp-image-19703\" srcset=\"https:\/\/periodiconuevomilenio.com\/wp-content\/uploads\/2025\/01\/IMG20250112144628-1024x768.jpg 1024w, https:\/\/periodiconuevomilenio.com\/wp-content\/uploads\/2025\/01\/IMG20250112144628-300x225.jpg 300w, https:\/\/periodiconuevomilenio.com\/wp-content\/uploads\/2025\/01\/IMG20250112144628-768x576.jpg 768w, https:\/\/periodiconuevomilenio.com\/wp-content\/uploads\/2025\/01\/IMG20250112144628-1536x1152.jpg 1536w, https:\/\/periodiconuevomilenio.com\/wp-content\/uploads\/2025\/01\/IMG20250112144628-2048x1536.jpg 2048w\" sizes=\"auto, (max-width: 1024px) 100vw, 1024px\" \/><\/figure>\n\n\n\n<figure class=\"wp-block-image size-large\"><img loading=\"lazy\" decoding=\"async\" width=\"1024\" height=\"827\" data-id=\"19702\" src=\"https:\/\/periodiconuevomilenio.com\/wp-content\/uploads\/2025\/01\/IMG20250112143346-1024x827.jpg\" alt=\"\" class=\"wp-image-19702\" srcset=\"https:\/\/periodiconuevomilenio.com\/wp-content\/uploads\/2025\/01\/IMG20250112143346-1024x827.jpg 1024w, https:\/\/periodiconuevomilenio.com\/wp-content\/uploads\/2025\/01\/IMG20250112143346-300x242.jpg 300w, https:\/\/periodiconuevomilenio.com\/wp-content\/uploads\/2025\/01\/IMG20250112143346-768x620.jpg 768w, https:\/\/periodiconuevomilenio.com\/wp-content\/uploads\/2025\/01\/IMG20250112143346-1536x1240.jpg 1536w, https:\/\/periodiconuevomilenio.com\/wp-content\/uploads\/2025\/01\/IMG20250112143346-2048x1653.jpg 2048w\" sizes=\"auto, (max-width: 1024px) 100vw, 1024px\" \/><\/figure>\n<\/figure>\n\n\n","protected":false},"excerpt":{"rendered":"<p>VALLE DE SANTIAGO, GTO.- Fue despedido con todos los honores, como todo ch\u00f3fer de las combis, ayer dio<\/p>\n","protected":false},"author":1,"featured_media":19701,"comment_status":"open","ping_status":"open","sticky":false,"template":"","format":"standard","meta":{"jetpack_post_was_ever_published":false,"_jetpack_newsletter_access":"","_jetpack_dont_email_post_to_subs":false,"_jetpack_newsletter_tier_id":0,"_jetpack_memberships_contains_paywalled_content":false,"_jetpack_memberships_contains_paid_content":false,"footnotes":"","jetpack_publicize_message":"","jetpack_publicize_feature_enabled":false,"jetpack_social_post_already_shared":false,"jetpack_social_options":{"image_generator_settings":{"template":"highway","enabled":false},"version":2}},"categories":[39],"tags":[22],"class_list":["post-19700","post","type-post","status-publish","format-standard","has-post-thumbnail","hentry","category-valle-de-santiago","tag-valle"],"jetpack_publicize_connections":[],"jetpack_sharing_enabled":true,"jetpack_featured_media_url":"https:\/\/periodiconuevomilenio.com\/wp-content\/uploads\/2025\/01\/IMG20250112153728.jpg","_links":{"self":[{"href":"https:\/\/periodiconuevomilenio.com\/index.php\/wp-json\/wp\/v2\/posts\/19700","targetHints":{"allow":["GET"]}}],"collection":[{"href":"https:\/\/periodiconuevomilenio.com\/index.php\/wp-json\/wp\/v2\/posts"}],"about":[{"href":"https:\/\/periodiconuevomilenio.com\/index.php\/wp-json\/wp\/v2\/types\/post"}],"author":[{"embeddable":true,"href":"https:\/\/periodiconuevomilenio.com\/index.php\/wp-json\/wp\/v2\/users\/1"}],"replies":[{"embeddable":true,"href":"https:\/\/periodiconuevomilenio.com\/index.php\/wp-json\/wp\/v2\/comments?post=19700"}],"version-history":[{"count":1,"href":"https:\/\/periodiconuevomilenio.com\/index.php\/wp-json\/wp\/v2\/posts\/19700\/revisions"}],"predecessor-version":[{"id":19704,"href":"https:\/\/periodiconuevomilenio.com\/index.php\/wp-json\/wp\/v2\/posts\/19700\/revisions\/19704"}],"wp:featuredmedia":[{"embeddable":true,"href":"https:\/\/periodiconuevomilenio.com\/index.php\/wp-json\/wp\/v2\/media\/19701"}],"wp:attachment":[{"href":"https:\/\/periodiconuevomilenio.com\/index.php\/wp-json\/wp\/v2\/media?parent=19700"}],"wp:term":[{"taxonomy":"category","embeddable":true,"href":"https:\/\/periodiconuevomilenio.com\/index.php\/wp-json\/wp\/v2\/categories?post=19700"},{"taxonomy":"post_tag","embeddable":true,"href":"https:\/\/periodiconuevomilenio.com\/index.php\/wp-json\/wp\/v2\/tags?post=19700"}],"curies":[{"name":"wp","href":"https:\/\/api.w.org\/{rel}","templated":true}]}}