{"id":19720,"date":"2025-01-14T01:18:20","date_gmt":"2025-01-14T07:18:20","guid":{"rendered":"https:\/\/periodiconuevomilenio.com\/?p=19720"},"modified":"2025-01-14T01:18:22","modified_gmt":"2025-01-14T07:18:22","slug":"poniendo-en-marcha-el-engranaje","status":"publish","type":"post","link":"https:\/\/periodiconuevomilenio.com\/index.php\/2025\/01\/14\/poniendo-en-marcha-el-engranaje\/","title":{"rendered":"Poniendo en Marcha el Engranaje"},"content":{"rendered":"\n<p>VALLE DE SANTIAGO,GTO.- En pr\u00f3ximos d\u00edas probablemente en la segunda quincena de Marzo &nbsp;vendr\u00e1 a visitar&nbsp; al pa\u00eds de las Siete Luminarias &nbsp;un grupo de extranjeros en promedio de 50 personas.<\/p>\n\n\n\n<p>Principalmente de Sudam\u00e9rica y Francia, &nbsp;vienen en busca del disco solar sipembo que se encuentra aqu\u00ed en las luminarias, &nbsp;hay 13 uno est\u00e1 en ,utha usa, en Egipto, los dem\u00e1s est\u00e1n regados en sudamerica, M\u00e9xico tiene uno y d\u00f3nde crees que est\u00e1 aqu\u00ed en las luminarias en los lugares de origen!!!.<\/p>\n\n\n\n<p>Cada uno de \u00e9stos Sagrados Volcanes, es una Gran Consciencia con vida, y en su interior hay 7 ciudades que se quedaron desde Lemuria, en resguardo del movimiento del Disco Solar Sipembo, y de la memoria del Origen de la Humanidad.<\/p>\n\n\n\n<p>&nbsp;Cada una de \u00e9stas 7 ciudades, conectadas a la Consciencia de \u00e9stos Sagrados Seres Volcanes, son parte de un engranaje perfecto, que han aguardado el momento exacto, en que la Humanidad estuviera lista, para en colaboraci\u00f3n humanos de superficie, y hermanos intraterrenos, pusieran en marcha \u00e9ste engranaje, se aperturaran cada una de \u00e9stas 7 ciudades, y el Disco Solar Sipembo sostuviera el nacimiento de un nuevo sol en el nuevo d\u00eda Gal\u00e1ctico, y la informaci\u00f3n Origen de la Humanidad, en todos los c\u00f3digos solares que ha guardado.<\/p>\n\n\n\n<p>LAS SIETE LUMINARIAS, sin dudas es el lugar donde los volcanes se conectan con las estrellas para vibrar juntos y traer el cielo a la tierra.<\/p>\n\n\n\n<figure class=\"wp-block-image size-large\"><img loading=\"lazy\" decoding=\"async\" width=\"1024\" height=\"768\" src=\"https:\/\/periodiconuevomilenio.com\/wp-content\/uploads\/2025\/01\/img20240908123303-1-1024x768.jpg\" alt=\"\" class=\"wp-image-19721\" srcset=\"https:\/\/periodiconuevomilenio.com\/wp-content\/uploads\/2025\/01\/img20240908123303-1-1024x768.jpg 1024w, https:\/\/periodiconuevomilenio.com\/wp-content\/uploads\/2025\/01\/img20240908123303-1-300x225.jpg 300w, https:\/\/periodiconuevomilenio.com\/wp-content\/uploads\/2025\/01\/img20240908123303-1-768x576.jpg 768w, https:\/\/periodiconuevomilenio.com\/wp-content\/uploads\/2025\/01\/img20240908123303-1-1536x1152.jpg 1536w, https:\/\/periodiconuevomilenio.com\/wp-content\/uploads\/2025\/01\/img20240908123303-1-2048x1536.jpg 2048w\" sizes=\"auto, (max-width: 1024px) 100vw, 1024px\" \/><\/figure>\n\n\n\n<figure class=\"wp-block-gallery has-nested-images columns-default is-cropped wp-block-gallery-1 is-layout-flex wp-block-gallery-is-layout-flex\"><\/figure>\n","protected":false},"excerpt":{"rendered":"<p>VALLE DE SANTIAGO,GTO.- En pr\u00f3ximos d\u00edas probablemente en la segunda quincena de Marzo &nbsp;vendr\u00e1 a visitar&nbsp; al pa\u00eds<\/p>\n","protected":false},"author":1,"featured_media":19721,"comment_status":"open","ping_status":"open","sticky":false,"template":"","format":"standard","meta":{"jetpack_post_was_ever_published":false,"_jetpack_newsletter_access":"","_jetpack_dont_email_post_to_subs":false,"_jetpack_newsletter_tier_id":0,"_jetpack_memberships_contains_paywalled_content":false,"_jetpack_memberships_contains_paid_content":false,"footnotes":"","jetpack_publicize_message":"","jetpack_publicize_feature_enabled":false,"jetpack_social_post_already_shared":false,"jetpack_social_options":{"image_generator_settings":{"template":"highway","enabled":false},"version":2}},"categories":[46,39],"tags":[22],"class_list":["post-19720","post","type-post","status-publish","format-standard","has-post-thumbnail","hentry","category-internacional","category-valle-de-santiago","tag-valle"],"jetpack_publicize_connections":[],"jetpack_sharing_enabled":true,"jetpack_featured_media_url":"https:\/\/periodiconuevomilenio.com\/wp-content\/uploads\/2025\/01\/img20240908123303-1-scaled.jpg","_links":{"self":[{"href":"https:\/\/periodiconuevomilenio.com\/index.php\/wp-json\/wp\/v2\/posts\/19720","targetHints":{"allow":["GET"]}}],"collection":[{"href":"https:\/\/periodiconuevomilenio.com\/index.php\/wp-json\/wp\/v2\/posts"}],"about":[{"href":"https:\/\/periodiconuevomilenio.com\/index.php\/wp-json\/wp\/v2\/types\/post"}],"author":[{"embeddable":true,"href":"https:\/\/periodiconuevomilenio.com\/index.php\/wp-json\/wp\/v2\/users\/1"}],"replies":[{"embeddable":true,"href":"https:\/\/periodiconuevomilenio.com\/index.php\/wp-json\/wp\/v2\/comments?post=19720"}],"version-history":[{"count":1,"href":"https:\/\/periodiconuevomilenio.com\/index.php\/wp-json\/wp\/v2\/posts\/19720\/revisions"}],"predecessor-version":[{"id":19722,"href":"https:\/\/periodiconuevomilenio.com\/index.php\/wp-json\/wp\/v2\/posts\/19720\/revisions\/19722"}],"wp:featuredmedia":[{"embeddable":true,"href":"https:\/\/periodiconuevomilenio.com\/index.php\/wp-json\/wp\/v2\/media\/19721"}],"wp:attachment":[{"href":"https:\/\/periodiconuevomilenio.com\/index.php\/wp-json\/wp\/v2\/media?parent=19720"}],"wp:term":[{"taxonomy":"category","embeddable":true,"href":"https:\/\/periodiconuevomilenio.com\/index.php\/wp-json\/wp\/v2\/categories?post=19720"},{"taxonomy":"post_tag","embeddable":true,"href":"https:\/\/periodiconuevomilenio.com\/index.php\/wp-json\/wp\/v2\/tags?post=19720"}],"curies":[{"name":"wp","href":"https:\/\/api.w.org\/{rel}","templated":true}]}}