{"id":19727,"date":"2025-01-14T21:23:46","date_gmt":"2025-01-15T03:23:46","guid":{"rendered":"https:\/\/periodiconuevomilenio.com\/?p=19727"},"modified":"2025-01-14T21:23:48","modified_gmt":"2025-01-15T03:23:48","slug":"toma-protesta-y-se-instala-la-comision-municipal-de-regularizacion-de-asentamiento-humanos","status":"publish","type":"post","link":"https:\/\/periodiconuevomilenio.com\/index.php\/2025\/01\/14\/toma-protesta-y-se-instala-la-comision-municipal-de-regularizacion-de-asentamiento-humanos\/","title":{"rendered":"TOMA PROTESTA Y SE INSTALA LA COMISI\u00d3N MUNICIPAL DE REGULARIZACI\u00d3N DE ASENTAMIENTO HUMANOS."},"content":{"rendered":"\n<ul class=\"wp-block-list\">\n<li>Se ejecutar\u00e1n trabajos para dar certeza jur\u00eddica al patrimonio de los vallenses.<\/li>\n<\/ul>\n\n\n\n<p>&nbsp;&nbsp;&nbsp;&nbsp; Valle de Santiago, Gto., 14 de enero de 2025.- Con el objetivo de crear acciones encaminadas en la regularizaci\u00f3n de asentamiento humanos, se tom\u00f3 protesta y se instal\u00f3 la Comisi\u00f3n Municipal de Regularizaci\u00f3n de Asentamientos Humanos.<\/p>\n\n\n\n<p>&nbsp;&nbsp;&nbsp;&nbsp; El Presidente Municipal, Israel Mosqueda Gasca fue el encargado de tomar protesta a los integrantes de dicha Comisi\u00f3n Municipal.<\/p>\n\n\n\n<p>&nbsp;&nbsp;&nbsp;&nbsp; Con estas acciones, se da legalidad para poder aplicar la normatividad pertinente en los asentamientos para que puedan acceder a su regularizaci\u00f3n y as\u00ed, las familias vallenses tengan su certeza jur\u00eddica de la propiedad de su patrimonio.<\/p>\n\n\n\n<p>&nbsp;&nbsp;&nbsp;&nbsp; Los asentamientos urbanos al ser regularizados pueden acceder con mayor facilidad a los programas sociales, lo que permite un mejor desarrollo social y urbano con el \u00fanico objetivo de elevar la calidad de vida de los habitantes del municipio.<\/p>\n\n\n\n<p>&nbsp;&nbsp;&nbsp;&nbsp; Para la toma de protesta estuvo presente el alcalde, Israel Mosqueda Gasca; Norma Ang\u00e9lica Hern\u00e1ndez, Directora General de Seguridad en la Tenencia de la Tierra del Estado de Guanajuato; Mar\u00eda Guadalupe Cervantes, Directora de Regularizaci\u00f3n de Asentamientos Humanos, miembros del Ayuntamiento y directores del \u00e1rea.<\/p>\n\n\n\n<p>&nbsp;&nbsp;&nbsp;&nbsp; En su mensaje, el primer edil, Mosqueda Gasca agradeci\u00f3 la presencia y participaci\u00f3n de todos los presentes y reafirm\u00f3 el compromiso de brindar certeza jur\u00eddica al patrimonio de las familias vallenses que no cuenten con la escrituras p\u00fablicas de sus viviendas.<\/p>\n\n\n\n<p>\u00a0\u00a0\u00a0\u00a0 De igual manera, asegur\u00f3 que se trabajar\u00e1 de manera coordinada con la Direcci\u00f3n General de la Tenencia de la Tierra del Estado de Guanajuato para llevar los procesos de regularizaci\u00f3n de los predios en la localidad.<\/p>\n\n\n\n<figure class=\"wp-block-gallery has-nested-images columns-default is-cropped wp-block-gallery-1 is-layout-flex wp-block-gallery-is-layout-flex\">\n<figure class=\"wp-block-image\"><img decoding=\"async\" src=\"blob:https:\/\/periodiconuevomilenio.com\/bea046a5-3b1a-4b55-9614-fcd0a165eaf7\" alt=\"\"\/><\/figure>\n\n\n\n<figure class=\"wp-block-image\"><img decoding=\"async\" src=\"blob:https:\/\/periodiconuevomilenio.com\/3aa34c16-577a-4107-878f-0207046533d4\" alt=\"\"\/><\/figure>\n\n\n\n<figure class=\"wp-block-image\"><img decoding=\"async\" src=\"blob:https:\/\/periodiconuevomilenio.com\/0337529a-3f3d-47ab-9d79-6e5dcd1bf32d\" alt=\"\"\/><\/figure>\n<\/figure>\n\n\n\n<p><\/p>\n","protected":false},"excerpt":{"rendered":"<p>&nbsp;&nbsp;&nbsp;&nbsp; Valle de Santiago, Gto., 14 de enero de 2025.- Con el objetivo de crear acciones encaminadas en<\/p>\n","protected":false},"author":1,"featured_media":19728,"comment_status":"open","ping_status":"open","sticky":false,"template":"","format":"standard","meta":{"jetpack_post_was_ever_published":false,"_jetpack_newsletter_access":"","_jetpack_dont_email_post_to_subs":false,"_jetpack_newsletter_tier_id":0,"_jetpack_memberships_contains_paywalled_content":false,"_jetpack_memberships_contains_paid_content":false,"footnotes":"","jetpack_publicize_message":"","jetpack_publicize_feature_enabled":true,"jetpack_social_post_already_shared":true,"jetpack_social_options":{"image_generator_settings":{"template":"highway","enabled":false},"version":2}},"categories":[39],"tags":[22],"class_list":["post-19727","post","type-post","status-publish","format-standard","has-post-thumbnail","hentry","category-valle-de-santiago","tag-valle"],"jetpack_publicize_connections":[],"jetpack_sharing_enabled":true,"jetpack_featured_media_url":"https:\/\/periodiconuevomilenio.com\/wp-content\/uploads\/2025\/01\/209cdc98-b425-4ca4-8627-884c0014c23d-scaled.jpg","_links":{"self":[{"href":"https:\/\/periodiconuevomilenio.com\/index.php\/wp-json\/wp\/v2\/posts\/19727","targetHints":{"allow":["GET"]}}],"collection":[{"href":"https:\/\/periodiconuevomilenio.com\/index.php\/wp-json\/wp\/v2\/posts"}],"about":[{"href":"https:\/\/periodiconuevomilenio.com\/index.php\/wp-json\/wp\/v2\/types\/post"}],"author":[{"embeddable":true,"href":"https:\/\/periodiconuevomilenio.com\/index.php\/wp-json\/wp\/v2\/users\/1"}],"replies":[{"embeddable":true,"href":"https:\/\/periodiconuevomilenio.com\/index.php\/wp-json\/wp\/v2\/comments?post=19727"}],"version-history":[{"count":2,"href":"https:\/\/periodiconuevomilenio.com\/index.php\/wp-json\/wp\/v2\/posts\/19727\/revisions"}],"predecessor-version":[{"id":19732,"href":"https:\/\/periodiconuevomilenio.com\/index.php\/wp-json\/wp\/v2\/posts\/19727\/revisions\/19732"}],"wp:featuredmedia":[{"embeddable":true,"href":"https:\/\/periodiconuevomilenio.com\/index.php\/wp-json\/wp\/v2\/media\/19728"}],"wp:attachment":[{"href":"https:\/\/periodiconuevomilenio.com\/index.php\/wp-json\/wp\/v2\/media?parent=19727"}],"wp:term":[{"taxonomy":"category","embeddable":true,"href":"https:\/\/periodiconuevomilenio.com\/index.php\/wp-json\/wp\/v2\/categories?post=19727"},{"taxonomy":"post_tag","embeddable":true,"href":"https:\/\/periodiconuevomilenio.com\/index.php\/wp-json\/wp\/v2\/tags?post=19727"}],"curies":[{"name":"wp","href":"https:\/\/api.w.org\/{rel}","templated":true}]}}