{"id":19808,"date":"2025-01-17T17:19:16","date_gmt":"2025-01-17T23:19:16","guid":{"rendered":"https:\/\/periodiconuevomilenio.com\/?p=19808"},"modified":"2025-01-17T17:19:18","modified_gmt":"2025-01-17T23:19:18","slug":"d3sm3mbrad0-en-valle","status":"publish","type":"post","link":"https:\/\/periodiconuevomilenio.com\/index.php\/2025\/01\/17\/d3sm3mbrad0-en-valle\/","title":{"rendered":"D3SM3MBRAD0 EN VALLE"},"content":{"rendered":"\n<p>Esto en la comunidad del Alto de Altamira con l\u00edmites con Salamanca<br>Est\u00e1 sin identificar<br>Valle de Santiago, Gto.- En las primeras horas de este viernes 17 de enero, fue localizado un cuerpo de una persona que fue d3sm3mbrad0, los despojos estaban al interior de bolsa en color obscuro.<br>De acuerdo con los informes preliminares, fue este viernes al filo de las 8 de la ma\u00f1ana, cuando al sistema de emergencia 911 lleg\u00f3 una llamada poniendo en alerta a seguridad p\u00fablica, ya que se encontraron bolsas de pl\u00e1stico y en su interior pedazos de cuerpo humano.<br>Revelaron que los primeros respondientes fueron la polic\u00eda local que se encontraban sobre el recorrido de vigilancia, cuando les reportan extremidades humanas sobre camino de terracer\u00eda al alto de Altamira.<br>Se traslada al lugar indicado, por lo que al arribar al lugar se visualizan extremidades humanas y bolsas en color negros, como un costal con una cobija y una cartulina color verde con un mensaje alusivo a un grupo delictivo.<br>No se revel\u00f3 el contenido del mensaje, procediendo de inmediato a acordonar el lugar y resguardar la zona, por lo que se le da conocimiento a la fiscal\u00eda, quienes enviaron personal en el lugar para tomar conocimiento y abrir una carpeta de investigaci\u00f3n en torno a estos hechos.<\/p>\n\n\n\n<figure class=\"wp-block-image size-large\"><img loading=\"lazy\" decoding=\"async\" width=\"1024\" height=\"683\" src=\"https:\/\/periodiconuevomilenio.com\/wp-content\/uploads\/2025\/01\/img_5046-1024x683.jpg\" alt=\"\" class=\"wp-image-19809\" srcset=\"https:\/\/periodiconuevomilenio.com\/wp-content\/uploads\/2025\/01\/img_5046-1024x683.jpg 1024w, https:\/\/periodiconuevomilenio.com\/wp-content\/uploads\/2025\/01\/img_5046-300x200.jpg 300w, https:\/\/periodiconuevomilenio.com\/wp-content\/uploads\/2025\/01\/img_5046-768x512.jpg 768w, https:\/\/periodiconuevomilenio.com\/wp-content\/uploads\/2025\/01\/img_5046-1536x1024.jpg 1536w, https:\/\/periodiconuevomilenio.com\/wp-content\/uploads\/2025\/01\/img_5046-2048x1365.jpg 2048w\" sizes=\"auto, (max-width: 1024px) 100vw, 1024px\" \/><\/figure>\n\n\n","protected":false},"excerpt":{"rendered":"<p>Esto en la comunidad del Alto de Altamira con l\u00edmites con SalamancaEst\u00e1 sin identificarValle de Santiago, Gto.- En<\/p>\n","protected":false},"author":1,"featured_media":19809,"comment_status":"open","ping_status":"open","sticky":false,"template":"","format":"standard","meta":{"jetpack_post_was_ever_published":false,"_jetpack_newsletter_access":"","_jetpack_dont_email_post_to_subs":false,"_jetpack_newsletter_tier_id":0,"_jetpack_memberships_contains_paywalled_content":false,"_jetpack_memberships_contains_paid_content":false,"footnotes":"","jetpack_publicize_message":"","jetpack_publicize_feature_enabled":false,"jetpack_social_post_already_shared":false,"jetpack_social_options":{"image_generator_settings":{"template":"highway","enabled":false},"version":2}},"categories":[48,39],"tags":[22],"class_list":["post-19808","post","type-post","status-publish","format-standard","has-post-thumbnail","hentry","category-policiaca","category-valle-de-santiago","tag-valle"],"jetpack_publicize_connections":[],"jetpack_sharing_enabled":true,"jetpack_featured_media_url":"https:\/\/periodiconuevomilenio.com\/wp-content\/uploads\/2025\/01\/img_5046-scaled.jpg","_links":{"self":[{"href":"https:\/\/periodiconuevomilenio.com\/index.php\/wp-json\/wp\/v2\/posts\/19808","targetHints":{"allow":["GET"]}}],"collection":[{"href":"https:\/\/periodiconuevomilenio.com\/index.php\/wp-json\/wp\/v2\/posts"}],"about":[{"href":"https:\/\/periodiconuevomilenio.com\/index.php\/wp-json\/wp\/v2\/types\/post"}],"author":[{"embeddable":true,"href":"https:\/\/periodiconuevomilenio.com\/index.php\/wp-json\/wp\/v2\/users\/1"}],"replies":[{"embeddable":true,"href":"https:\/\/periodiconuevomilenio.com\/index.php\/wp-json\/wp\/v2\/comments?post=19808"}],"version-history":[{"count":1,"href":"https:\/\/periodiconuevomilenio.com\/index.php\/wp-json\/wp\/v2\/posts\/19808\/revisions"}],"predecessor-version":[{"id":19810,"href":"https:\/\/periodiconuevomilenio.com\/index.php\/wp-json\/wp\/v2\/posts\/19808\/revisions\/19810"}],"wp:featuredmedia":[{"embeddable":true,"href":"https:\/\/periodiconuevomilenio.com\/index.php\/wp-json\/wp\/v2\/media\/19809"}],"wp:attachment":[{"href":"https:\/\/periodiconuevomilenio.com\/index.php\/wp-json\/wp\/v2\/media?parent=19808"}],"wp:term":[{"taxonomy":"category","embeddable":true,"href":"https:\/\/periodiconuevomilenio.com\/index.php\/wp-json\/wp\/v2\/categories?post=19808"},{"taxonomy":"post_tag","embeddable":true,"href":"https:\/\/periodiconuevomilenio.com\/index.php\/wp-json\/wp\/v2\/tags?post=19808"}],"curies":[{"name":"wp","href":"https:\/\/api.w.org\/{rel}","templated":true}]}}