{"id":19811,"date":"2025-01-17T23:50:08","date_gmt":"2025-01-18T05:50:08","guid":{"rendered":"https:\/\/periodiconuevomilenio.com\/?p=19811"},"modified":"2025-01-17T23:50:10","modified_gmt":"2025-01-18T05:50:10","slug":"mu3r3-prroquian0-al-salir-de-la-cantina-el-pavo","status":"publish","type":"post","link":"https:\/\/periodiconuevomilenio.com\/index.php\/2025\/01\/17\/mu3r3-prroquian0-al-salir-de-la-cantina-el-pavo\/","title":{"rendered":"MU3R3 P@RROQUIAN0 AL SALIR DE LA CANTINA EL PAVO"},"content":{"rendered":"\n<p>VALLE DE SANTIAGO, GTO.- Esta noche un parroquiano perdi\u00f3 la vida esta noche, se dijo que sali\u00f3 de la cantina el pavo, resbal\u00f3 y cay\u00f3 al piso, golpe\u00e1ndose fuertemente la cabeza, mur1end0 casi de manera instant\u00e1nea.<br>Trascendi\u00f3 que fue poco despu\u00e9s de las 10 de la noche cuando al sistema de emergencia 911 lleg\u00f3 una llamada de auxilio solicitado la presencia de cuerpos de auxilio, ya que una persona hab\u00eda ca\u00eddo desde su propia altura y se hab\u00eda golpeado la cabeza y se ve\u00eda que estaba muy mal.<br>Esto a las afueras de la cantina el Pavo, que se localiza en la esquina de Obreg\u00f3n y Leandro Valle, lugar hasta donde llegaron los param\u00e9dicos para revisarlo y darse cuenta de que ya no contaba con signos vitales.<br>La polic\u00eda preventiva procedi\u00f3 a acordonar el \u00e1rea y proteger la zona, dando aviso a la fiscal\u00eda del estado, quienes enviaron al lugar a los agentes de investigaci\u00f3n criminal para abrir una carpeta de investigaci\u00f3n y conocer los motivos de su muerte.<br>El cuerpo fue llevado al anfiteatro en la capital del estado a trav\u00e9s de la ambulancia de traslado de indicios para la pr\u00e1ctica de la necropsia de ley, para dar a conocer la mec\u00e1nica de estos hechos y la identidad de la persona.<\/p>\n\n\n\n<figure class=\"wp-block-image size-large\"><img loading=\"lazy\" decoding=\"async\" width=\"1024\" height=\"610\" src=\"https:\/\/periodiconuevomilenio.com\/wp-content\/uploads\/2025\/01\/img_9883-1-1024x610.jpg\" alt=\"\" class=\"wp-image-19812\" srcset=\"https:\/\/periodiconuevomilenio.com\/wp-content\/uploads\/2025\/01\/img_9883-1-1024x610.jpg 1024w, https:\/\/periodiconuevomilenio.com\/wp-content\/uploads\/2025\/01\/img_9883-1-300x179.jpg 300w, https:\/\/periodiconuevomilenio.com\/wp-content\/uploads\/2025\/01\/img_9883-1-768x458.jpg 768w, https:\/\/periodiconuevomilenio.com\/wp-content\/uploads\/2025\/01\/img_9883-1-1536x915.jpg 1536w, https:\/\/periodiconuevomilenio.com\/wp-content\/uploads\/2025\/01\/img_9883-1-2048x1220.jpg 2048w\" sizes=\"auto, (max-width: 1024px) 100vw, 1024px\" \/><\/figure>\n\n\n","protected":false},"excerpt":{"rendered":"<p>VALLE DE SANTIAGO, GTO.- Esta noche un parroquiano perdi\u00f3 la vida esta noche, se dijo que sali\u00f3 de<\/p>\n","protected":false},"author":1,"featured_media":19812,"comment_status":"open","ping_status":"open","sticky":false,"template":"","format":"standard","meta":{"jetpack_post_was_ever_published":false,"_jetpack_newsletter_access":"","_jetpack_dont_email_post_to_subs":false,"_jetpack_newsletter_tier_id":0,"_jetpack_memberships_contains_paywalled_content":false,"_jetpack_memberships_contains_paid_content":false,"footnotes":"","jetpack_publicize_message":"","jetpack_publicize_feature_enabled":false,"jetpack_social_post_already_shared":false,"jetpack_social_options":{"image_generator_settings":{"template":"highway","enabled":false},"version":2}},"categories":[48,39],"tags":[22],"class_list":["post-19811","post","type-post","status-publish","format-standard","has-post-thumbnail","hentry","category-policiaca","category-valle-de-santiago","tag-valle"],"jetpack_publicize_connections":[],"jetpack_sharing_enabled":true,"jetpack_featured_media_url":"https:\/\/periodiconuevomilenio.com\/wp-content\/uploads\/2025\/01\/img_9883-1-scaled.jpg","_links":{"self":[{"href":"https:\/\/periodiconuevomilenio.com\/index.php\/wp-json\/wp\/v2\/posts\/19811","targetHints":{"allow":["GET"]}}],"collection":[{"href":"https:\/\/periodiconuevomilenio.com\/index.php\/wp-json\/wp\/v2\/posts"}],"about":[{"href":"https:\/\/periodiconuevomilenio.com\/index.php\/wp-json\/wp\/v2\/types\/post"}],"author":[{"embeddable":true,"href":"https:\/\/periodiconuevomilenio.com\/index.php\/wp-json\/wp\/v2\/users\/1"}],"replies":[{"embeddable":true,"href":"https:\/\/periodiconuevomilenio.com\/index.php\/wp-json\/wp\/v2\/comments?post=19811"}],"version-history":[{"count":1,"href":"https:\/\/periodiconuevomilenio.com\/index.php\/wp-json\/wp\/v2\/posts\/19811\/revisions"}],"predecessor-version":[{"id":19813,"href":"https:\/\/periodiconuevomilenio.com\/index.php\/wp-json\/wp\/v2\/posts\/19811\/revisions\/19813"}],"wp:featuredmedia":[{"embeddable":true,"href":"https:\/\/periodiconuevomilenio.com\/index.php\/wp-json\/wp\/v2\/media\/19812"}],"wp:attachment":[{"href":"https:\/\/periodiconuevomilenio.com\/index.php\/wp-json\/wp\/v2\/media?parent=19811"}],"wp:term":[{"taxonomy":"category","embeddable":true,"href":"https:\/\/periodiconuevomilenio.com\/index.php\/wp-json\/wp\/v2\/categories?post=19811"},{"taxonomy":"post_tag","embeddable":true,"href":"https:\/\/periodiconuevomilenio.com\/index.php\/wp-json\/wp\/v2\/tags?post=19811"}],"curies":[{"name":"wp","href":"https:\/\/api.w.org\/{rel}","templated":true}]}}