{"id":1995,"date":"2023-04-01T15:00:32","date_gmt":"2023-04-01T21:00:32","guid":{"rendered":"https:\/\/periodiconuevomilenio.com\/?p=1995"},"modified":"2023-04-01T15:53:34","modified_gmt":"2023-04-01T21:53:34","slug":"balazos-frente-al-templo-de-la-asuncion","status":"publish","type":"post","link":"https:\/\/periodiconuevomilenio.com\/index.php\/2023\/04\/01\/balazos-frente-al-templo-de-la-asuncion\/","title":{"rendered":"<strong>Hieren al Coll\u00ed en la Loma<\/strong>"},"content":{"rendered":"\n<p><strong>VALLE DE SANTIAGO, GTO.- &nbsp;Una persona que fue &nbsp;herida a balazos fue traslada de emergencia en c\u00f3digo rojo a recib\u00ed atenci\u00f3n m\u00e9dica, se dijo que el ataque se registr\u00f3&nbsp; cerca de las 2 de la tarde en la colonia la Loma este s\u00e1bado primero de abril.<\/strong><\/p>\n\n\n\n<p><strong>Los hechos se registraron \u00a0\u00a0\u00a0Justo frente al templo de la Asunci\u00f3n, en las calles de Valent\u00edn Varela y Juan Carlos Orozco \u00a0, \u00a0la persona herida fue identificada por sus familiares como \u00a0el \u00a0coll\u00ed, \u00a0presenta varias lesiones  por impactos \u00a0de arma de fuego sobre todo en el abdomen.<\/strong><\/p>\n\n\n\n<p><strong>Estamos en espera de &nbsp; que la fiscal\u00eda&nbsp; y&nbsp; la&nbsp; comisaria de seguridad p\u00fablica emitan&nbsp; alguna informaci\u00f3n oficial en torno a este hecho y saber el estado en que se encuentra el lesionado,<\/strong><\/p>\n\n\n","protected":false},"excerpt":{"rendered":"<p>VALLE DE SANTIAGO, GTO.- &nbsp;Una persona que fue &nbsp;herida a balazos fue traslada de emergencia en c\u00f3digo rojo<\/p>\n","protected":false},"author":1,"featured_media":1997,"comment_status":"open","ping_status":"open","sticky":false,"template":"","format":"standard","meta":{"jetpack_post_was_ever_published":false,"_jetpack_newsletter_access":"","_jetpack_dont_email_post_to_subs":false,"_jetpack_newsletter_tier_id":0,"_jetpack_memberships_contains_paywalled_content":false,"_jetpack_memberships_contains_paid_content":false,"footnotes":"","jetpack_publicize_message":"","jetpack_publicize_feature_enabled":false,"jetpack_social_post_already_shared":false,"jetpack_social_options":{"image_generator_settings":{"template":"highway","enabled":false},"version":2}},"categories":[48,39],"tags":[22],"class_list":["post-1995","post","type-post","status-publish","format-standard","has-post-thumbnail","hentry","category-policiaca","category-valle-de-santiago","tag-valle"],"jetpack_publicize_connections":[],"jetpack_sharing_enabled":true,"jetpack_featured_media_url":"https:\/\/periodiconuevomilenio.com\/wp-content\/uploads\/2023\/04\/screenshot_2023-04-01-14-29-43-615_com.facebook.katana.jpg","_links":{"self":[{"href":"https:\/\/periodiconuevomilenio.com\/index.php\/wp-json\/wp\/v2\/posts\/1995","targetHints":{"allow":["GET"]}}],"collection":[{"href":"https:\/\/periodiconuevomilenio.com\/index.php\/wp-json\/wp\/v2\/posts"}],"about":[{"href":"https:\/\/periodiconuevomilenio.com\/index.php\/wp-json\/wp\/v2\/types\/post"}],"author":[{"embeddable":true,"href":"https:\/\/periodiconuevomilenio.com\/index.php\/wp-json\/wp\/v2\/users\/1"}],"replies":[{"embeddable":true,"href":"https:\/\/periodiconuevomilenio.com\/index.php\/wp-json\/wp\/v2\/comments?post=1995"}],"version-history":[{"count":2,"href":"https:\/\/periodiconuevomilenio.com\/index.php\/wp-json\/wp\/v2\/posts\/1995\/revisions"}],"predecessor-version":[{"id":2001,"href":"https:\/\/periodiconuevomilenio.com\/index.php\/wp-json\/wp\/v2\/posts\/1995\/revisions\/2001"}],"wp:featuredmedia":[{"embeddable":true,"href":"https:\/\/periodiconuevomilenio.com\/index.php\/wp-json\/wp\/v2\/media\/1997"}],"wp:attachment":[{"href":"https:\/\/periodiconuevomilenio.com\/index.php\/wp-json\/wp\/v2\/media?parent=1995"}],"wp:term":[{"taxonomy":"category","embeddable":true,"href":"https:\/\/periodiconuevomilenio.com\/index.php\/wp-json\/wp\/v2\/categories?post=1995"},{"taxonomy":"post_tag","embeddable":true,"href":"https:\/\/periodiconuevomilenio.com\/index.php\/wp-json\/wp\/v2\/tags?post=1995"}],"curies":[{"name":"wp","href":"https:\/\/api.w.org\/{rel}","templated":true}]}}