{"id":2008,"date":"2023-04-02T01:26:37","date_gmt":"2023-04-02T07:26:37","guid":{"rendered":"https:\/\/periodiconuevomilenio.com\/?p=2008"},"modified":"2023-04-02T01:29:43","modified_gmt":"2023-04-02T07:29:43","slug":"comienzan-las-celebraciones-propia-de-semanasanta-hoy-domingo-de-ramos","status":"publish","type":"post","link":"https:\/\/periodiconuevomilenio.com\/index.php\/2023\/04\/02\/comienzan-las-celebraciones-propia-de-semanasanta-hoy-domingo-de-ramos\/","title":{"rendered":"Comienzan las celebraciones Propias de Semana Santa, hoy Domingo de Ramos"},"content":{"rendered":"\n<p>El&nbsp;Domingo de Ramos, tambi\u00e9n llamado a veces sexto domingo de Cuaresma, es una celebraci\u00f3n religiosa en la que la mayor\u00eda de las confesiones del&nbsp;<a href=\"https:\/\/es.wikipedia.org\/wiki\/Cristianismo\">cristianismo<\/a>&nbsp;conmemora la entrada de&nbsp;<a href=\"https:\/\/es.wikipedia.org\/wiki\/Jes%C3%BAs_de_Nazaret\">Jesucristo<\/a>&nbsp;en&nbsp;<a href=\"https:\/\/es.wikipedia.org\/wiki\/Jerusal%C3%A9n\">Jerusal\u00e9n<\/a>, dando inicio a la&nbsp;<a href=\"https:\/\/es.wikipedia.org\/wiki\/Semana_Santa\">Semana Santa<\/a>.<\/p>\n\n\n\n<p>Es una fiesta cristiana movible que cae el domingo antes de Pascua, es decir, el sexto domingo de Cuaresma.<\/p>\n\n\n\n<p>La fiesta conmemora la&nbsp;<a href=\"https:\/\/es.wikipedia.org\/wiki\/Entrada_triunfal_en_Jerusal%C3%A9n\">Entrada triunfal en Jerusal\u00e9n<\/a>, un evento mencionado en cada uno de los cuatro&nbsp;<a href=\"https:\/\/es.wikipedia.org\/wiki\/Evangelio\">evangelios can\u00f3nicos<\/a>.<sup><a href=\"https:\/\/es.wikipedia.org\/wiki\/Domingo_de_Ramos#cite_note-3\">3<\/a><\/sup>\u200b El Domingo de Ramos marca el primer d\u00eda de la&nbsp;<a href=\"https:\/\/es.wikipedia.org\/wiki\/Semana_Santa\">Semana Santa<\/a>. Para los seguidores del cristianismo de Nicea, es la \u00faltima semana de la temporada solemne cristiana de Cuaresma que precede a la llegada de la Pascua. \u200b<\/p>\n\n\n\n<p>En la mayor\u00eda de las iglesias lit\u00fargicas, el&nbsp;Domingo de Ramos&nbsp;se celebra con la bendici\u00f3n y distribuci\u00f3n de ramas de palma o las ramas de otros \u00e1rboles nativos, que representan las ramas de palma que la multitud esparci\u00f3 frente a Cristo mientras \u00e9l entraba en Jerusal\u00e9n.<\/p>\n","protected":false},"excerpt":{"rendered":"<p>El&nbsp;Domingo de Ramos, tambi\u00e9n llamado a veces sexto domingo de Cuaresma, es una celebraci\u00f3n religiosa en la que<\/p>\n","protected":false},"author":1,"featured_media":2010,"comment_status":"open","ping_status":"open","sticky":false,"template":"","format":"standard","meta":{"jetpack_post_was_ever_published":false,"_jetpack_newsletter_access":"","_jetpack_dont_email_post_to_subs":false,"_jetpack_newsletter_tier_id":0,"_jetpack_memberships_contains_paywalled_content":false,"_jetpack_memberships_contains_paid_content":false,"footnotes":"","jetpack_publicize_message":"","jetpack_publicize_feature_enabled":false,"jetpack_social_post_already_shared":false,"jetpack_social_options":{"image_generator_settings":{"template":"highway","enabled":false},"version":2}},"categories":[39],"tags":[22],"class_list":["post-2008","post","type-post","status-publish","format-standard","has-post-thumbnail","hentry","category-valle-de-santiago","tag-valle"],"jetpack_publicize_connections":[],"jetpack_sharing_enabled":true,"jetpack_featured_media_url":"https:\/\/periodiconuevomilenio.com\/wp-content\/uploads\/2023\/04\/domingo-de-ramos-especial.jpg","_links":{"self":[{"href":"https:\/\/periodiconuevomilenio.com\/index.php\/wp-json\/wp\/v2\/posts\/2008","targetHints":{"allow":["GET"]}}],"collection":[{"href":"https:\/\/periodiconuevomilenio.com\/index.php\/wp-json\/wp\/v2\/posts"}],"about":[{"href":"https:\/\/periodiconuevomilenio.com\/index.php\/wp-json\/wp\/v2\/types\/post"}],"author":[{"embeddable":true,"href":"https:\/\/periodiconuevomilenio.com\/index.php\/wp-json\/wp\/v2\/users\/1"}],"replies":[{"embeddable":true,"href":"https:\/\/periodiconuevomilenio.com\/index.php\/wp-json\/wp\/v2\/comments?post=2008"}],"version-history":[{"count":2,"href":"https:\/\/periodiconuevomilenio.com\/index.php\/wp-json\/wp\/v2\/posts\/2008\/revisions"}],"predecessor-version":[{"id":2011,"href":"https:\/\/periodiconuevomilenio.com\/index.php\/wp-json\/wp\/v2\/posts\/2008\/revisions\/2011"}],"wp:featuredmedia":[{"embeddable":true,"href":"https:\/\/periodiconuevomilenio.com\/index.php\/wp-json\/wp\/v2\/media\/2010"}],"wp:attachment":[{"href":"https:\/\/periodiconuevomilenio.com\/index.php\/wp-json\/wp\/v2\/media?parent=2008"}],"wp:term":[{"taxonomy":"category","embeddable":true,"href":"https:\/\/periodiconuevomilenio.com\/index.php\/wp-json\/wp\/v2\/categories?post=2008"},{"taxonomy":"post_tag","embeddable":true,"href":"https:\/\/periodiconuevomilenio.com\/index.php\/wp-json\/wp\/v2\/tags?post=2008"}],"curies":[{"name":"wp","href":"https:\/\/api.w.org\/{rel}","templated":true}]}}