{"id":2018,"date":"2023-04-04T08:19:52","date_gmt":"2023-04-04T14:19:52","guid":{"rendered":"https:\/\/periodiconuevomilenio.com\/?p=2018"},"modified":"2023-04-04T08:19:55","modified_gmt":"2023-04-04T14:19:55","slug":"es-mejor-acabar-con-la-tradicion-queacabar-con-nuestra-agua-smapaj-jaral","status":"publish","type":"post","link":"https:\/\/periodiconuevomilenio.com\/index.php\/2023\/04\/04\/es-mejor-acabar-con-la-tradicion-queacabar-con-nuestra-agua-smapaj-jaral\/","title":{"rendered":"<strong>Es mejor acabar con la Tradici\u00f3n queAcabar con nuestra agua Smapaj jaral<\/strong>"},"content":{"rendered":"\n<p>Sab\u00edas que la tradici\u00f3n de mojarse en s\u00e1bado de gloria, surge en la edad media, cuando la iglesia cat\u00f3lica prohib\u00eda ba\u00f1arse en Semana Santa, pues al ser un elemento de purificaci\u00f3n, el agua ten\u00eda que ser utilizada hasta el S\u00e1bado de Gloria.<\/p>\n\n\n\n<p>En ese momento, las personas sol\u00edan aventarse agua para purificar su alma y as\u00ed lavar todos sus pecados.<\/p>\n\n\n\n<p>Actualmente nos estamos acabando el agua, por eso es importante cuidarla y no seguir con estas tradiciones, incluso actualmente la misma iglesia cat\u00f3lica proh\u00edbe a sus seguidores realizar estas pr\u00e1cticas; y aconseja a sus adeptos a cuidar del medio ambiente.<\/p>\n","protected":false},"excerpt":{"rendered":"<p>Sab\u00edas que la tradici\u00f3n de mojarse en s\u00e1bado de gloria, surge en la edad media, cuando la iglesia<\/p>\n","protected":false},"author":1,"featured_media":2019,"comment_status":"open","ping_status":"open","sticky":false,"template":"","format":"standard","meta":{"jetpack_post_was_ever_published":false,"_jetpack_newsletter_access":"","_jetpack_dont_email_post_to_subs":false,"_jetpack_newsletter_tier_id":0,"_jetpack_memberships_contains_paywalled_content":false,"_jetpack_memberships_contains_paid_content":false,"footnotes":"","jetpack_publicize_message":"","jetpack_publicize_feature_enabled":false,"jetpack_social_post_already_shared":false,"jetpack_social_options":{"image_generator_settings":{"template":"highway","enabled":false},"version":2}},"categories":[34],"tags":[23],"class_list":["post-2018","post","type-post","status-publish","format-standard","has-post-thumbnail","hentry","category-jaral-del-progreso","tag-jaral"],"jetpack_publicize_connections":[],"jetpack_sharing_enabled":true,"jetpack_featured_media_url":"https:\/\/periodiconuevomilenio.com\/wp-content\/uploads\/2023\/04\/339007135_179792424861971_5795021579062229969_n.jpg","_links":{"self":[{"href":"https:\/\/periodiconuevomilenio.com\/index.php\/wp-json\/wp\/v2\/posts\/2018","targetHints":{"allow":["GET"]}}],"collection":[{"href":"https:\/\/periodiconuevomilenio.com\/index.php\/wp-json\/wp\/v2\/posts"}],"about":[{"href":"https:\/\/periodiconuevomilenio.com\/index.php\/wp-json\/wp\/v2\/types\/post"}],"author":[{"embeddable":true,"href":"https:\/\/periodiconuevomilenio.com\/index.php\/wp-json\/wp\/v2\/users\/1"}],"replies":[{"embeddable":true,"href":"https:\/\/periodiconuevomilenio.com\/index.php\/wp-json\/wp\/v2\/comments?post=2018"}],"version-history":[{"count":1,"href":"https:\/\/periodiconuevomilenio.com\/index.php\/wp-json\/wp\/v2\/posts\/2018\/revisions"}],"predecessor-version":[{"id":2020,"href":"https:\/\/periodiconuevomilenio.com\/index.php\/wp-json\/wp\/v2\/posts\/2018\/revisions\/2020"}],"wp:featuredmedia":[{"embeddable":true,"href":"https:\/\/periodiconuevomilenio.com\/index.php\/wp-json\/wp\/v2\/media\/2019"}],"wp:attachment":[{"href":"https:\/\/periodiconuevomilenio.com\/index.php\/wp-json\/wp\/v2\/media?parent=2018"}],"wp:term":[{"taxonomy":"category","embeddable":true,"href":"https:\/\/periodiconuevomilenio.com\/index.php\/wp-json\/wp\/v2\/categories?post=2018"},{"taxonomy":"post_tag","embeddable":true,"href":"https:\/\/periodiconuevomilenio.com\/index.php\/wp-json\/wp\/v2\/tags?post=2018"}],"curies":[{"name":"wp","href":"https:\/\/api.w.org\/{rel}","templated":true}]}}