{"id":20251,"date":"2025-02-01T12:37:38","date_gmt":"2025-02-01T18:37:38","guid":{"rendered":"https:\/\/periodiconuevomilenio.com\/?p=20251"},"modified":"2025-02-01T12:37:40","modified_gmt":"2025-02-01T18:37:40","slug":"encabezan-marcha-de-la-prevencion-estudiantes-de-primaria-en-uriangato","status":"publish","type":"post","link":"https:\/\/periodiconuevomilenio.com\/index.php\/2025\/02\/01\/encabezan-marcha-de-la-prevencion-estudiantes-de-primaria-en-uriangato\/","title":{"rendered":"Encabezan \u201cMarcha de la Prevenci\u00f3n\u201d estudiantes de primaria en Uriangato\u00a0"},"content":{"rendered":"\n<p><strong>&nbsp;Las y los ni\u00f1os hicieron un llamado a terminar con la violencia y generar entornos de paz en todo el territorio mexicano.&nbsp;<\/strong><\/p>\n\n\n\n<p><strong>* Esta actividad fue impulsada por la Secretar\u00eda de Seguridad y Paz del Gobierno de la Gente.&nbsp;<\/strong><\/p>\n\n\n\n<p><strong>Uriangato, Gto., a 01 de febrero de 2025.-<\/strong>&nbsp;M\u00e1s de 400 personas incluyendo a 370 alumnos de la Escuela Primaria Aguiluchos de Chapultepec turno matutino, salieron a las calles vestidos de blanco y con pancartas que inclu\u00edan mensajes pacifistas para encabezar la denominada \u201cMarcha de la Prevenci\u00f3n\u201d.&nbsp;<\/p>\n\n\n\n<p>Esta actividad surgi\u00f3 de manera conjunta entre la Secretar\u00eda de Seguridad y Paz a trav\u00e9s de la Subsecretar\u00eda de Prevenci\u00f3n; la Direcci\u00f3n Municipal de Seguridad P\u00fablica de Uriangato y autoridades escolares, con la finalidad de inculcar valores de igualdad, tolerancia y respeto en las y los alumnos dentro de su instituci\u00f3n y tambi\u00e9n con la sociedad.&nbsp;<\/p>\n\n\n\n<p>La marcha parti\u00f3 afuera de las instalaciones de la Primaria Aguiluchos de Chapultepec ubicada en la avenida Miguel Hidalgo, en la colonia Centro; siguieron por las calles Dalia, \u00c1lvaro Obreg\u00f3n, Francisco I. Madero, Jos\u00e9 Mar\u00eda Morelos y regresaron por la calle Hidalgo para terminar en las instalaciones de dicho centro escolar.&nbsp;<\/p>\n\n\n\n<p>\u201cAdi\u00f3s a la Violencia\u201d, \u201cViva la Paz\u201d y \u201cYa Basta\u201d, fueron algunos de los mensajes que levantaban y coreaban las y los ni\u00f1os apoyados por personas adultas que se fueron sumando a las peticiones de la joven comunidad estudiantil con porras, aplausos y reconocimientos.&nbsp;<\/p>\n\n\n\n<p>Con estas acciones, la Secretar\u00eda de Seguridad y Paz suma esfuerzos para incrementar la participaci\u00f3n ciudadana a trav\u00e9s de programas de prevenci\u00f3n que ayuden a robustecer el respeto c\u00edvico para evitar la comisi\u00f3n de delitos que alteren la tranquilidad social.&nbsp;<\/p>\n\n\n\n<figure class=\"wp-block-gallery has-nested-images columns-default is-cropped wp-block-gallery-1 is-layout-flex wp-block-gallery-is-layout-flex\">\n<figure class=\"wp-block-image size-large\"><img loading=\"lazy\" decoding=\"async\" width=\"1024\" height=\"682\" data-id=\"20259\" src=\"https:\/\/periodiconuevomilenio.com\/wp-content\/uploads\/2025\/02\/Marcha-paz-Uriangato-01-1024x682.jpg\" alt=\"\" class=\"wp-image-20259\" srcset=\"https:\/\/periodiconuevomilenio.com\/wp-content\/uploads\/2025\/02\/Marcha-paz-Uriangato-01-1024x682.jpg 1024w, https:\/\/periodiconuevomilenio.com\/wp-content\/uploads\/2025\/02\/Marcha-paz-Uriangato-01-300x200.jpg 300w, https:\/\/periodiconuevomilenio.com\/wp-content\/uploads\/2025\/02\/Marcha-paz-Uriangato-01-768x512.jpg 768w, https:\/\/periodiconuevomilenio.com\/wp-content\/uploads\/2025\/02\/Marcha-paz-Uriangato-01-1536x1023.jpg 1536w, https:\/\/periodiconuevomilenio.com\/wp-content\/uploads\/2025\/02\/Marcha-paz-Uriangato-01.jpg 1600w\" sizes=\"auto, (max-width: 1024px) 100vw, 1024px\" \/><\/figure>\n\n\n\n<figure class=\"wp-block-image size-large\"><img loading=\"lazy\" decoding=\"async\" width=\"1024\" height=\"682\" data-id=\"20260\" src=\"https:\/\/periodiconuevomilenio.com\/wp-content\/uploads\/2025\/02\/Marcha-paz-Uriangato-08-1-1024x682.jpg\" alt=\"\" class=\"wp-image-20260\" srcset=\"https:\/\/periodiconuevomilenio.com\/wp-content\/uploads\/2025\/02\/Marcha-paz-Uriangato-08-1-1024x682.jpg 1024w, https:\/\/periodiconuevomilenio.com\/wp-content\/uploads\/2025\/02\/Marcha-paz-Uriangato-08-1-300x200.jpg 300w, https:\/\/periodiconuevomilenio.com\/wp-content\/uploads\/2025\/02\/Marcha-paz-Uriangato-08-1-768x512.jpg 768w, https:\/\/periodiconuevomilenio.com\/wp-content\/uploads\/2025\/02\/Marcha-paz-Uriangato-08-1-1536x1023.jpg 1536w, https:\/\/periodiconuevomilenio.com\/wp-content\/uploads\/2025\/02\/Marcha-paz-Uriangato-08-1.jpg 1600w\" sizes=\"auto, (max-width: 1024px) 100vw, 1024px\" \/><\/figure>\n<\/figure>\n\n\n\n<figure class=\"wp-block-gallery has-nested-images columns-default is-cropped wp-block-gallery-2 is-layout-flex wp-block-gallery-is-layout-flex\">\n<figure class=\"wp-block-image size-large\"><img loading=\"lazy\" decoding=\"async\" width=\"1024\" height=\"682\" data-id=\"20253\" src=\"https:\/\/periodiconuevomilenio.com\/wp-content\/uploads\/2025\/02\/Marcha-paz-Uriangato-06-1024x682.jpg\" alt=\"\" class=\"wp-image-20253\" srcset=\"https:\/\/periodiconuevomilenio.com\/wp-content\/uploads\/2025\/02\/Marcha-paz-Uriangato-06-1024x682.jpg 1024w, https:\/\/periodiconuevomilenio.com\/wp-content\/uploads\/2025\/02\/Marcha-paz-Uriangato-06-300x200.jpg 300w, https:\/\/periodiconuevomilenio.com\/wp-content\/uploads\/2025\/02\/Marcha-paz-Uriangato-06-768x512.jpg 768w, https:\/\/periodiconuevomilenio.com\/wp-content\/uploads\/2025\/02\/Marcha-paz-Uriangato-06-1536x1023.jpg 1536w, https:\/\/periodiconuevomilenio.com\/wp-content\/uploads\/2025\/02\/Marcha-paz-Uriangato-06.jpg 1600w\" sizes=\"auto, (max-width: 1024px) 100vw, 1024px\" \/><\/figure>\n\n\n\n<figure class=\"wp-block-image size-large\"><img loading=\"lazy\" decoding=\"async\" width=\"1024\" height=\"682\" data-id=\"20258\" src=\"https:\/\/periodiconuevomilenio.com\/wp-content\/uploads\/2025\/02\/Marcha-paz-Uriangato-04-1024x682.jpg\" alt=\"\" class=\"wp-image-20258\" srcset=\"https:\/\/periodiconuevomilenio.com\/wp-content\/uploads\/2025\/02\/Marcha-paz-Uriangato-04-1024x682.jpg 1024w, https:\/\/periodiconuevomilenio.com\/wp-content\/uploads\/2025\/02\/Marcha-paz-Uriangato-04-300x200.jpg 300w, https:\/\/periodiconuevomilenio.com\/wp-content\/uploads\/2025\/02\/Marcha-paz-Uriangato-04-768x512.jpg 768w, https:\/\/periodiconuevomilenio.com\/wp-content\/uploads\/2025\/02\/Marcha-paz-Uriangato-04-1536x1023.jpg 1536w, https:\/\/periodiconuevomilenio.com\/wp-content\/uploads\/2025\/02\/Marcha-paz-Uriangato-04.jpg 1600w\" sizes=\"auto, (max-width: 1024px) 100vw, 1024px\" \/><\/figure>\n\n\n\n<figure class=\"wp-block-image size-large\"><img loading=\"lazy\" decoding=\"async\" width=\"1024\" height=\"682\" data-id=\"20254\" src=\"https:\/\/periodiconuevomilenio.com\/wp-content\/uploads\/2025\/02\/Marcha-paz-Uriangato-11-1024x682.jpg\" alt=\"\" class=\"wp-image-20254\" srcset=\"https:\/\/periodiconuevomilenio.com\/wp-content\/uploads\/2025\/02\/Marcha-paz-Uriangato-11-1024x682.jpg 1024w, https:\/\/periodiconuevomilenio.com\/wp-content\/uploads\/2025\/02\/Marcha-paz-Uriangato-11-300x200.jpg 300w, https:\/\/periodiconuevomilenio.com\/wp-content\/uploads\/2025\/02\/Marcha-paz-Uriangato-11-768x512.jpg 768w, https:\/\/periodiconuevomilenio.com\/wp-content\/uploads\/2025\/02\/Marcha-paz-Uriangato-11-1536x1023.jpg 1536w, https:\/\/periodiconuevomilenio.com\/wp-content\/uploads\/2025\/02\/Marcha-paz-Uriangato-11.jpg 1600w\" sizes=\"auto, (max-width: 1024px) 100vw, 1024px\" \/><\/figure>\n\n\n\n<figure class=\"wp-block-image size-large\"><img loading=\"lazy\" decoding=\"async\" width=\"1024\" height=\"682\" data-id=\"20256\" src=\"https:\/\/periodiconuevomilenio.com\/wp-content\/uploads\/2025\/02\/Marcha-paz-Uriangato-10-1-1024x682.jpg\" alt=\"\" class=\"wp-image-20256\" srcset=\"https:\/\/periodiconuevomilenio.com\/wp-content\/uploads\/2025\/02\/Marcha-paz-Uriangato-10-1-1024x682.jpg 1024w, https:\/\/periodiconuevomilenio.com\/wp-content\/uploads\/2025\/02\/Marcha-paz-Uriangato-10-1-300x200.jpg 300w, https:\/\/periodiconuevomilenio.com\/wp-content\/uploads\/2025\/02\/Marcha-paz-Uriangato-10-1-768x512.jpg 768w, https:\/\/periodiconuevomilenio.com\/wp-content\/uploads\/2025\/02\/Marcha-paz-Uriangato-10-1-1536x1023.jpg 1536w, https:\/\/periodiconuevomilenio.com\/wp-content\/uploads\/2025\/02\/Marcha-paz-Uriangato-10-1.jpg 1600w\" sizes=\"auto, (max-width: 1024px) 100vw, 1024px\" \/><\/figure>\n\n\n\n<figure class=\"wp-block-image size-large\"><img loading=\"lazy\" decoding=\"async\" width=\"1024\" height=\"682\" data-id=\"20252\" src=\"https:\/\/periodiconuevomilenio.com\/wp-content\/uploads\/2025\/02\/Marcha-paz-Uriangato-02-1024x682.jpg\" alt=\"\" class=\"wp-image-20252\" srcset=\"https:\/\/periodiconuevomilenio.com\/wp-content\/uploads\/2025\/02\/Marcha-paz-Uriangato-02-1024x682.jpg 1024w, https:\/\/periodiconuevomilenio.com\/wp-content\/uploads\/2025\/02\/Marcha-paz-Uriangato-02-300x200.jpg 300w, https:\/\/periodiconuevomilenio.com\/wp-content\/uploads\/2025\/02\/Marcha-paz-Uriangato-02-768x512.jpg 768w, https:\/\/periodiconuevomilenio.com\/wp-content\/uploads\/2025\/02\/Marcha-paz-Uriangato-02-1536x1023.jpg 1536w, https:\/\/periodiconuevomilenio.com\/wp-content\/uploads\/2025\/02\/Marcha-paz-Uriangato-02.jpg 1600w\" sizes=\"auto, (max-width: 1024px) 100vw, 1024px\" \/><\/figure>\n\n\n\n<figure class=\"wp-block-image size-large\"><img loading=\"lazy\" decoding=\"async\" width=\"1024\" height=\"682\" data-id=\"20257\" src=\"https:\/\/periodiconuevomilenio.com\/wp-content\/uploads\/2025\/02\/Marcha-paz-Uriangato-08-1024x682.jpg\" alt=\"\" class=\"wp-image-20257\" srcset=\"https:\/\/periodiconuevomilenio.com\/wp-content\/uploads\/2025\/02\/Marcha-paz-Uriangato-08-1024x682.jpg 1024w, https:\/\/periodiconuevomilenio.com\/wp-content\/uploads\/2025\/02\/Marcha-paz-Uriangato-08-300x200.jpg 300w, https:\/\/periodiconuevomilenio.com\/wp-content\/uploads\/2025\/02\/Marcha-paz-Uriangato-08-768x512.jpg 768w, https:\/\/periodiconuevomilenio.com\/wp-content\/uploads\/2025\/02\/Marcha-paz-Uriangato-08-1536x1023.jpg 1536w, https:\/\/periodiconuevomilenio.com\/wp-content\/uploads\/2025\/02\/Marcha-paz-Uriangato-08.jpg 1600w\" sizes=\"auto, (max-width: 1024px) 100vw, 1024px\" \/><\/figure>\n\n\n\n<figure class=\"wp-block-image size-large\"><img loading=\"lazy\" decoding=\"async\" width=\"1024\" height=\"682\" data-id=\"20255\" src=\"https:\/\/periodiconuevomilenio.com\/wp-content\/uploads\/2025\/02\/Marcha-paz-Uriangato-10-1024x682.jpg\" alt=\"\" class=\"wp-image-20255\" srcset=\"https:\/\/periodiconuevomilenio.com\/wp-content\/uploads\/2025\/02\/Marcha-paz-Uriangato-10-1024x682.jpg 1024w, https:\/\/periodiconuevomilenio.com\/wp-content\/uploads\/2025\/02\/Marcha-paz-Uriangato-10-300x200.jpg 300w, https:\/\/periodiconuevomilenio.com\/wp-content\/uploads\/2025\/02\/Marcha-paz-Uriangato-10-768x512.jpg 768w, https:\/\/periodiconuevomilenio.com\/wp-content\/uploads\/2025\/02\/Marcha-paz-Uriangato-10-1536x1023.jpg 1536w, https:\/\/periodiconuevomilenio.com\/wp-content\/uploads\/2025\/02\/Marcha-paz-Uriangato-10.jpg 1600w\" sizes=\"auto, (max-width: 1024px) 100vw, 1024px\" \/><\/figure>\n<\/figure>\n\n\n","protected":false},"excerpt":{"rendered":"<p>&nbsp;Las y los ni\u00f1os hicieron un llamado a terminar con la violencia y generar entornos de paz en<\/p>\n","protected":false},"author":1,"featured_media":20253,"comment_status":"open","ping_status":"open","sticky":false,"template":"","format":"standard","meta":{"jetpack_post_was_ever_published":false,"_jetpack_newsletter_access":"","_jetpack_dont_email_post_to_subs":false,"_jetpack_newsletter_tier_id":0,"_jetpack_memberships_contains_paywalled_content":false,"_jetpack_memberships_contains_paid_content":false,"footnotes":"","jetpack_publicize_message":"","jetpack_publicize_feature_enabled":false,"jetpack_social_post_already_shared":false,"jetpack_social_options":{"image_generator_settings":{"template":"highway","enabled":false},"version":2}},"categories":[31,38],"tags":[28],"class_list":["post-20251","post","type-post","status-publish","format-standard","has-post-thumbnail","hentry","category-estado","category-uriangato","tag-uriangato"],"jetpack_publicize_connections":[],"jetpack_sharing_enabled":true,"jetpack_featured_media_url":"https:\/\/periodiconuevomilenio.com\/wp-content\/uploads\/2025\/02\/Marcha-paz-Uriangato-06.jpg","_links":{"self":[{"href":"https:\/\/periodiconuevomilenio.com\/index.php\/wp-json\/wp\/v2\/posts\/20251","targetHints":{"allow":["GET"]}}],"collection":[{"href":"https:\/\/periodiconuevomilenio.com\/index.php\/wp-json\/wp\/v2\/posts"}],"about":[{"href":"https:\/\/periodiconuevomilenio.com\/index.php\/wp-json\/wp\/v2\/types\/post"}],"author":[{"embeddable":true,"href":"https:\/\/periodiconuevomilenio.com\/index.php\/wp-json\/wp\/v2\/users\/1"}],"replies":[{"embeddable":true,"href":"https:\/\/periodiconuevomilenio.com\/index.php\/wp-json\/wp\/v2\/comments?post=20251"}],"version-history":[{"count":1,"href":"https:\/\/periodiconuevomilenio.com\/index.php\/wp-json\/wp\/v2\/posts\/20251\/revisions"}],"predecessor-version":[{"id":20261,"href":"https:\/\/periodiconuevomilenio.com\/index.php\/wp-json\/wp\/v2\/posts\/20251\/revisions\/20261"}],"wp:featuredmedia":[{"embeddable":true,"href":"https:\/\/periodiconuevomilenio.com\/index.php\/wp-json\/wp\/v2\/media\/20253"}],"wp:attachment":[{"href":"https:\/\/periodiconuevomilenio.com\/index.php\/wp-json\/wp\/v2\/media?parent=20251"}],"wp:term":[{"taxonomy":"category","embeddable":true,"href":"https:\/\/periodiconuevomilenio.com\/index.php\/wp-json\/wp\/v2\/categories?post=20251"},{"taxonomy":"post_tag","embeddable":true,"href":"https:\/\/periodiconuevomilenio.com\/index.php\/wp-json\/wp\/v2\/tags?post=20251"}],"curies":[{"name":"wp","href":"https:\/\/api.w.org\/{rel}","templated":true}]}}