{"id":20283,"date":"2025-02-01T19:43:49","date_gmt":"2025-02-02T01:43:49","guid":{"rendered":"https:\/\/periodiconuevomilenio.com\/?p=20283"},"modified":"2025-02-01T19:43:51","modified_gmt":"2025-02-02T01:43:51","slug":"zuce-anastacia-hernandez-favorita-de-la-sociedad-guanajuatense-para-encabezar-fge-de-guanajuato","status":"publish","type":"post","link":"https:\/\/periodiconuevomilenio.com\/index.php\/2025\/02\/01\/zuce-anastacia-hernandez-favorita-de-la-sociedad-guanajuatense-para-encabezar-fge-de-guanajuato\/","title":{"rendered":"Zuc\u00e9 Anastacia Hern\u00e1ndez, favorita de la sociedad Guanajuatense para encabezar FGE de Guanajuato"},"content":{"rendered":"\n<p>La fiscal provisional del estado con de 38 a\u00f1os de experiencia en temas de Derechos Humanos y procuraci\u00f3n de justicia, genera confianza entre organizaciones sociales, acad\u00e9micos y empresariado.<\/p>\n\n\n\n<p>El pr\u00f3ximo lunes la legislatura local definir\u00e1, de entre tres perfiles, a la persona que ostentar\u00e1 de manera definitiva el cargo de fiscal general. Son dos hombres y una mujer, quienes integran la terna, que, cabe destacar, tanto la sociedad acad\u00e9mica, como empresariado y organizaciones sociales han expresado su deseo de que sea Zuc\u00e9 Hern\u00e1ndez quien se mantenga en el cargo que hoy ocupa de manera provisional.<\/p>\n\n\n\n<p>\ud83d\udccc La trayectoria de Zuc\u00e9 Anastacia Hern\u00e1ndez<\/p>\n\n\n\n<ul class=\"wp-block-list\">\n<li>Delegada del Ministerio P\u00fablico<\/li>\n\n\n\n<li>Agente del Ministerio P\u00fablico, adscrita al Juzgado de Partido en Morole\u00f3n, Guanajuato (de 2004 a noviembre de 2007)<\/li>\n\n\n\n<li>Jefa de zona del Ministerio P\u00fablico 9 en Salvatierra, Guanajuato (cargo ejercido hasta julio de 2009)<\/li>\n\n\n\n<li>Agente del Ministerio P\u00fablico, adscrita al Juzgado de Partido (se desconoce el periodo)<\/li>\n\n\n\n<li>Directora de control de procesos de la regi\u00f3n C en Celaya, Guanajuato (cargo ejercido hasta marzo de 2012)<\/li>\n\n\n\n<li>Subprocuradora de atenci\u00f3n integral especializada (designada a partir febrero de 2019)<\/li>\n\n\n\n<li>Fiscal especializada en materia de derechos humanos (titular hasta el 1 enero de 2025).<\/li>\n<\/ul>\n\n\n\n<figure class=\"wp-block-image size-large\"><img loading=\"lazy\" decoding=\"async\" width=\"1024\" height=\"534\" src=\"https:\/\/periodiconuevomilenio.com\/wp-content\/uploads\/2025\/02\/74896304-da48-45a8-9ee3-555db9bcc47b-1024x534.jpg\" alt=\"\" class=\"wp-image-20284\" srcset=\"https:\/\/periodiconuevomilenio.com\/wp-content\/uploads\/2025\/02\/74896304-da48-45a8-9ee3-555db9bcc47b-1024x534.jpg 1024w, https:\/\/periodiconuevomilenio.com\/wp-content\/uploads\/2025\/02\/74896304-da48-45a8-9ee3-555db9bcc47b-300x156.jpg 300w, https:\/\/periodiconuevomilenio.com\/wp-content\/uploads\/2025\/02\/74896304-da48-45a8-9ee3-555db9bcc47b-768x401.jpg 768w, https:\/\/periodiconuevomilenio.com\/wp-content\/uploads\/2025\/02\/74896304-da48-45a8-9ee3-555db9bcc47b.jpg 1041w\" sizes=\"auto, (max-width: 1024px) 100vw, 1024px\" \/><\/figure>\n\n\n","protected":false},"excerpt":{"rendered":"<p>La fiscal provisional del estado con de 38 a\u00f1os de experiencia en temas de Derechos Humanos y procuraci\u00f3n<\/p>\n","protected":false},"author":1,"featured_media":20284,"comment_status":"open","ping_status":"open","sticky":false,"template":"","format":"standard","meta":{"jetpack_post_was_ever_published":false,"_jetpack_newsletter_access":"","_jetpack_dont_email_post_to_subs":false,"_jetpack_newsletter_tier_id":0,"_jetpack_memberships_contains_paywalled_content":false,"_jetpack_memberships_contains_paid_content":false,"footnotes":"","jetpack_publicize_message":"","jetpack_publicize_feature_enabled":false,"jetpack_social_post_already_shared":false,"jetpack_social_options":{"image_generator_settings":{"template":"highway","enabled":false},"version":2}},"categories":[31],"tags":[51],"class_list":["post-20283","post","type-post","status-publish","format-standard","has-post-thumbnail","hentry","category-estado","tag-estado"],"jetpack_publicize_connections":[],"jetpack_sharing_enabled":true,"jetpack_featured_media_url":"https:\/\/periodiconuevomilenio.com\/wp-content\/uploads\/2025\/02\/74896304-da48-45a8-9ee3-555db9bcc47b.jpg","_links":{"self":[{"href":"https:\/\/periodiconuevomilenio.com\/index.php\/wp-json\/wp\/v2\/posts\/20283","targetHints":{"allow":["GET"]}}],"collection":[{"href":"https:\/\/periodiconuevomilenio.com\/index.php\/wp-json\/wp\/v2\/posts"}],"about":[{"href":"https:\/\/periodiconuevomilenio.com\/index.php\/wp-json\/wp\/v2\/types\/post"}],"author":[{"embeddable":true,"href":"https:\/\/periodiconuevomilenio.com\/index.php\/wp-json\/wp\/v2\/users\/1"}],"replies":[{"embeddable":true,"href":"https:\/\/periodiconuevomilenio.com\/index.php\/wp-json\/wp\/v2\/comments?post=20283"}],"version-history":[{"count":1,"href":"https:\/\/periodiconuevomilenio.com\/index.php\/wp-json\/wp\/v2\/posts\/20283\/revisions"}],"predecessor-version":[{"id":20285,"href":"https:\/\/periodiconuevomilenio.com\/index.php\/wp-json\/wp\/v2\/posts\/20283\/revisions\/20285"}],"wp:featuredmedia":[{"embeddable":true,"href":"https:\/\/periodiconuevomilenio.com\/index.php\/wp-json\/wp\/v2\/media\/20284"}],"wp:attachment":[{"href":"https:\/\/periodiconuevomilenio.com\/index.php\/wp-json\/wp\/v2\/media?parent=20283"}],"wp:term":[{"taxonomy":"category","embeddable":true,"href":"https:\/\/periodiconuevomilenio.com\/index.php\/wp-json\/wp\/v2\/categories?post=20283"},{"taxonomy":"post_tag","embeddable":true,"href":"https:\/\/periodiconuevomilenio.com\/index.php\/wp-json\/wp\/v2\/tags?post=20283"}],"curies":[{"name":"wp","href":"https:\/\/api.w.org\/{rel}","templated":true}]}}