{"id":20308,"date":"2025-02-01T22:55:41","date_gmt":"2025-02-02T04:55:41","guid":{"rendered":"https:\/\/periodiconuevomilenio.com\/?p=20308"},"modified":"2025-02-01T22:55:43","modified_gmt":"2025-02-02T04:55:43","slug":"asi-quedo-integrado-el-nuevo-patronato-de-la-cruz-roja-delegacion-valle","status":"publish","type":"post","link":"https:\/\/periodiconuevomilenio.com\/index.php\/2025\/02\/01\/asi-quedo-integrado-el-nuevo-patronato-de-la-cruz-roja-delegacion-valle\/","title":{"rendered":"As\u00ed qued\u00f3 integrado el nuevo patronato de la Cruz Roja Delegaci\u00f3n Valle"},"content":{"rendered":"\n<p>Como Presidente &nbsp;Lic. H\u00e9ctor Francia de la Pe\u00f1a<\/p>\n\n\n\n<p>Lic. Carlos Manuel Villag\u00f3mez Nieto,  ocupa ahora el cargo de Tesorero.<\/p>\n\n\n\n<p>Como Secretario Lic. Jos\u00e9 Alejandro M\u00e9ndez Vera<\/p>\n\n\n\n<p>El ingeniero Marco Licinio Ram\u00edrez: vocal<\/p>\n\n\n\n<p>El &nbsp;Lic. Alejandro Ram\u00edrez Terrones: Vocal<\/p>\n\n\n\n<p>\u00a0El Lic. V\u00edctor Hugo Bautista Gonz\u00e1lez: Vocal.<\/p>\n\n\n\n<figure class=\"wp-block-gallery has-nested-images columns-default is-cropped wp-block-gallery-1 is-layout-flex wp-block-gallery-is-layout-flex\">\n<figure class=\"wp-block-image size-large\"><img loading=\"lazy\" decoding=\"async\" width=\"1024\" height=\"768\" data-id=\"20310\" src=\"https:\/\/periodiconuevomilenio.com\/wp-content\/uploads\/2025\/02\/img20250130140534-1024x768.jpg\" alt=\"\" class=\"wp-image-20310\" srcset=\"https:\/\/periodiconuevomilenio.com\/wp-content\/uploads\/2025\/02\/img20250130140534-1024x768.jpg 1024w, https:\/\/periodiconuevomilenio.com\/wp-content\/uploads\/2025\/02\/img20250130140534-300x225.jpg 300w, https:\/\/periodiconuevomilenio.com\/wp-content\/uploads\/2025\/02\/img20250130140534-768x576.jpg 768w, https:\/\/periodiconuevomilenio.com\/wp-content\/uploads\/2025\/02\/img20250130140534-1536x1152.jpg 1536w, https:\/\/periodiconuevomilenio.com\/wp-content\/uploads\/2025\/02\/img20250130140534-2048x1536.jpg 2048w\" sizes=\"auto, (max-width: 1024px) 100vw, 1024px\" \/><\/figure>\n\n\n\n<figure class=\"wp-block-image size-large\"><img loading=\"lazy\" decoding=\"async\" width=\"1024\" height=\"768\" data-id=\"20309\" src=\"https:\/\/periodiconuevomilenio.com\/wp-content\/uploads\/2025\/02\/img20250130140444-1024x768.jpg\" alt=\"\" class=\"wp-image-20309\" srcset=\"https:\/\/periodiconuevomilenio.com\/wp-content\/uploads\/2025\/02\/img20250130140444-1024x768.jpg 1024w, https:\/\/periodiconuevomilenio.com\/wp-content\/uploads\/2025\/02\/img20250130140444-300x225.jpg 300w, https:\/\/periodiconuevomilenio.com\/wp-content\/uploads\/2025\/02\/img20250130140444-768x576.jpg 768w, https:\/\/periodiconuevomilenio.com\/wp-content\/uploads\/2025\/02\/img20250130140444-1536x1152.jpg 1536w, https:\/\/periodiconuevomilenio.com\/wp-content\/uploads\/2025\/02\/img20250130140444-2048x1536.jpg 2048w\" sizes=\"auto, (max-width: 1024px) 100vw, 1024px\" \/><\/figure>\n<\/figure>\n\n\n","protected":false},"excerpt":{"rendered":"<p>Como Presidente &nbsp;Lic. H\u00e9ctor Francia de la Pe\u00f1a Lic. Carlos Manuel Villag\u00f3mez Nieto, ocupa ahora el cargo de<\/p>\n","protected":false},"author":1,"featured_media":20310,"comment_status":"open","ping_status":"open","sticky":false,"template":"","format":"standard","meta":{"jetpack_post_was_ever_published":false,"_jetpack_newsletter_access":"","_jetpack_dont_email_post_to_subs":false,"_jetpack_newsletter_tier_id":0,"_jetpack_memberships_contains_paywalled_content":false,"_jetpack_memberships_contains_paid_content":false,"footnotes":"","jetpack_publicize_message":"","jetpack_publicize_feature_enabled":false,"jetpack_social_post_already_shared":false,"jetpack_social_options":{"image_generator_settings":{"template":"highway","enabled":false},"version":2}},"categories":[39],"tags":[22],"class_list":["post-20308","post","type-post","status-publish","format-standard","has-post-thumbnail","hentry","category-valle-de-santiago","tag-valle"],"jetpack_publicize_connections":[],"jetpack_sharing_enabled":true,"jetpack_featured_media_url":"https:\/\/periodiconuevomilenio.com\/wp-content\/uploads\/2025\/02\/img20250130140534-scaled.jpg","_links":{"self":[{"href":"https:\/\/periodiconuevomilenio.com\/index.php\/wp-json\/wp\/v2\/posts\/20308","targetHints":{"allow":["GET"]}}],"collection":[{"href":"https:\/\/periodiconuevomilenio.com\/index.php\/wp-json\/wp\/v2\/posts"}],"about":[{"href":"https:\/\/periodiconuevomilenio.com\/index.php\/wp-json\/wp\/v2\/types\/post"}],"author":[{"embeddable":true,"href":"https:\/\/periodiconuevomilenio.com\/index.php\/wp-json\/wp\/v2\/users\/1"}],"replies":[{"embeddable":true,"href":"https:\/\/periodiconuevomilenio.com\/index.php\/wp-json\/wp\/v2\/comments?post=20308"}],"version-history":[{"count":1,"href":"https:\/\/periodiconuevomilenio.com\/index.php\/wp-json\/wp\/v2\/posts\/20308\/revisions"}],"predecessor-version":[{"id":20311,"href":"https:\/\/periodiconuevomilenio.com\/index.php\/wp-json\/wp\/v2\/posts\/20308\/revisions\/20311"}],"wp:featuredmedia":[{"embeddable":true,"href":"https:\/\/periodiconuevomilenio.com\/index.php\/wp-json\/wp\/v2\/media\/20310"}],"wp:attachment":[{"href":"https:\/\/periodiconuevomilenio.com\/index.php\/wp-json\/wp\/v2\/media?parent=20308"}],"wp:term":[{"taxonomy":"category","embeddable":true,"href":"https:\/\/periodiconuevomilenio.com\/index.php\/wp-json\/wp\/v2\/categories?post=20308"},{"taxonomy":"post_tag","embeddable":true,"href":"https:\/\/periodiconuevomilenio.com\/index.php\/wp-json\/wp\/v2\/tags?post=20308"}],"curies":[{"name":"wp","href":"https:\/\/api.w.org\/{rel}","templated":true}]}}