{"id":20341,"date":"2025-02-03T12:16:39","date_gmt":"2025-02-03T18:16:39","guid":{"rendered":"https:\/\/periodiconuevomilenio.com\/?p=20341"},"modified":"2025-02-03T12:16:41","modified_gmt":"2025-02-03T18:16:41","slug":"persona-vinculada-a-proceso-por-robo-y-portacion-de-arma-de-fuego-de-uso-exclusivo-del-ejercito-armada-y-fuerza-aerea","status":"publish","type":"post","link":"https:\/\/periodiconuevomilenio.com\/index.php\/2025\/02\/03\/persona-vinculada-a-proceso-por-robo-y-portacion-de-arma-de-fuego-de-uso-exclusivo-del-ejercito-armada-y-fuerza-aerea\/","title":{"rendered":"Persona vinculada a proceso por robo y portaci\u00f3n de arma de fuego de uso exclusivo del Ej\u00e9rcito, Armada y Fuerza A\u00e9rea"},"content":{"rendered":"\n<p>La Fiscal\u00eda de Guanajuato logr\u00f3 que <strong>JOS\u00c9 \u00c1NGEL \u201cN\u201d &nbsp;<\/strong>fuera vinculado a proceso penal, quien enfrenta cargos por robo con violencia y portaci\u00f3n de arma de fuego de uso exclusivo del Ej\u00e9rcito, Armada y Fuerza A\u00e9rea.<\/p>\n\n\n\n<p>De acuerdo con las investigaciones, el 28 de enero de 2025, el imputado, despoj\u00f3 con violencia al propietario de una camioneta, en la calle Hidalgo de la colonia Nativitas, en Salamanca. La v\u00edctima y su familia fueron interceptados por el agresor.<\/p>\n\n\n\n<p>Elementos de seguridad p\u00fablica lograron la detenci\u00f3n en flagrancia del ahora procesado, asegurando el veh\u00edculo sustra\u00eddo y el arma de fuego en su posesi\u00f3n. Posteriormente, fue puesto a disposici\u00f3n de las autoridades ministeriales, quienes integraron la carpeta de investigaci\u00f3n correspondiente.<\/p>\n\n\n\n<p>Tras la audiencia inicial, un juez asumi\u00f3 su vinculaci\u00f3n a proceso por los delitos mencionados, imponi\u00e9ndole las medidas cautelares pertinentes mientras contin\u00faan las investigaciones.<\/p>\n\n\n\n<figure class=\"wp-block-image size-large\"><img loading=\"lazy\" decoding=\"async\" width=\"819\" height=\"1024\" src=\"https:\/\/periodiconuevomilenio.com\/wp-content\/uploads\/2025\/02\/430349d1-50fb-4fe0-a232-236cd6f0c9b9-819x1024.jpg\" alt=\"\" class=\"wp-image-20342\" srcset=\"https:\/\/periodiconuevomilenio.com\/wp-content\/uploads\/2025\/02\/430349d1-50fb-4fe0-a232-236cd6f0c9b9-819x1024.jpg 819w, https:\/\/periodiconuevomilenio.com\/wp-content\/uploads\/2025\/02\/430349d1-50fb-4fe0-a232-236cd6f0c9b9-240x300.jpg 240w, https:\/\/periodiconuevomilenio.com\/wp-content\/uploads\/2025\/02\/430349d1-50fb-4fe0-a232-236cd6f0c9b9-768x960.jpg 768w, https:\/\/periodiconuevomilenio.com\/wp-content\/uploads\/2025\/02\/430349d1-50fb-4fe0-a232-236cd6f0c9b9-1024x1280.jpg 1024w, https:\/\/periodiconuevomilenio.com\/wp-content\/uploads\/2025\/02\/430349d1-50fb-4fe0-a232-236cd6f0c9b9.jpg 1080w\" sizes=\"auto, (max-width: 819px) 100vw, 819px\" \/><\/figure>\n\n\n\n\n\n<p><\/p>\n","protected":false},"excerpt":{"rendered":"<p>La Fiscal\u00eda de Guanajuato logr\u00f3 que JOS\u00c9 \u00c1NGEL \u201cN\u201d &nbsp;fuera vinculado a proceso penal, quien enfrenta cargos por<\/p>\n","protected":false},"author":1,"featured_media":20342,"comment_status":"open","ping_status":"open","sticky":false,"template":"","format":"standard","meta":{"jetpack_post_was_ever_published":false,"_jetpack_newsletter_access":"","_jetpack_dont_email_post_to_subs":false,"_jetpack_newsletter_tier_id":0,"_jetpack_memberships_contains_paywalled_content":false,"_jetpack_memberships_contains_paid_content":false,"footnotes":"","jetpack_publicize_message":"","jetpack_publicize_feature_enabled":false,"jetpack_social_post_already_shared":false,"jetpack_social_options":{"image_generator_settings":{"template":"highway","enabled":false},"version":2}},"categories":[31,48],"tags":[51],"class_list":["post-20341","post","type-post","status-publish","format-standard","has-post-thumbnail","hentry","category-estado","category-policiaca","tag-estado"],"jetpack_publicize_connections":[],"jetpack_sharing_enabled":true,"jetpack_featured_media_url":"https:\/\/periodiconuevomilenio.com\/wp-content\/uploads\/2025\/02\/430349d1-50fb-4fe0-a232-236cd6f0c9b9.jpg","_links":{"self":[{"href":"https:\/\/periodiconuevomilenio.com\/index.php\/wp-json\/wp\/v2\/posts\/20341","targetHints":{"allow":["GET"]}}],"collection":[{"href":"https:\/\/periodiconuevomilenio.com\/index.php\/wp-json\/wp\/v2\/posts"}],"about":[{"href":"https:\/\/periodiconuevomilenio.com\/index.php\/wp-json\/wp\/v2\/types\/post"}],"author":[{"embeddable":true,"href":"https:\/\/periodiconuevomilenio.com\/index.php\/wp-json\/wp\/v2\/users\/1"}],"replies":[{"embeddable":true,"href":"https:\/\/periodiconuevomilenio.com\/index.php\/wp-json\/wp\/v2\/comments?post=20341"}],"version-history":[{"count":1,"href":"https:\/\/periodiconuevomilenio.com\/index.php\/wp-json\/wp\/v2\/posts\/20341\/revisions"}],"predecessor-version":[{"id":20343,"href":"https:\/\/periodiconuevomilenio.com\/index.php\/wp-json\/wp\/v2\/posts\/20341\/revisions\/20343"}],"wp:featuredmedia":[{"embeddable":true,"href":"https:\/\/periodiconuevomilenio.com\/index.php\/wp-json\/wp\/v2\/media\/20342"}],"wp:attachment":[{"href":"https:\/\/periodiconuevomilenio.com\/index.php\/wp-json\/wp\/v2\/media?parent=20341"}],"wp:term":[{"taxonomy":"category","embeddable":true,"href":"https:\/\/periodiconuevomilenio.com\/index.php\/wp-json\/wp\/v2\/categories?post=20341"},{"taxonomy":"post_tag","embeddable":true,"href":"https:\/\/periodiconuevomilenio.com\/index.php\/wp-json\/wp\/v2\/tags?post=20341"}],"curies":[{"name":"wp","href":"https:\/\/api.w.org\/{rel}","templated":true}]}}