{"id":20345,"date":"2025-02-03T17:21:49","date_gmt":"2025-02-03T23:21:49","guid":{"rendered":"https:\/\/periodiconuevomilenio.com\/?p=20345"},"modified":"2025-02-03T17:21:52","modified_gmt":"2025-02-03T23:21:52","slug":"gobierno-municipal-de-valle-de-santiago","status":"publish","type":"post","link":"https:\/\/periodiconuevomilenio.com\/index.php\/2025\/02\/03\/gobierno-municipal-de-valle-de-santiago\/","title":{"rendered":"Gobierno Municipal de Valle de Santiago"},"content":{"rendered":"\n<p><a href=\"https:\/\/www.facebook.com\/#\"><\/a><\/p>\n\n\n\n<p>Con gran participaci\u00f3n de padres de familia, se inaugur\u00f3 la Liga de B\u00e9isbol COMUDE <img loading=\"lazy\" decoding=\"async\" height=\"16\" width=\"16\" alt=\"\u26be\" src=\"https:\/\/static.xx.fbcdn.net\/images\/emoji.php\/v9\/t30\/1\/16\/26be.png\"> infantil y juvenil en Rinc\u00f3n de Parangueo <img loading=\"lazy\" decoding=\"async\" height=\"16\" width=\"16\" alt=\"\ud83c\udfde\ufe0f\" src=\"https:\/\/static.xx.fbcdn.net\/images\/emoji.php\/v9\/tc\/1\/16\/1f3de.png\">.<\/p>\n\n\n\n<p>Se reconoci\u00f3 a \u00c1ngel Morales Arredondo y Diego Ledesma Ram\u00edrez <img loading=\"lazy\" decoding=\"async\" height=\"16\" width=\"16\" alt=\"\ud83c\udfc6\" src=\"https:\/\/static.xx.fbcdn.net\/images\/emoji.php\/v9\/tbe\/1\/16\/1f3c6.png\">, j\u00f3venes que representan a Guanajuato en los Juegos Nacionales CONADE <img loading=\"lazy\" decoding=\"async\" height=\"16\" width=\"16\" alt=\"\ud83c\uddf2\ud83c\uddfd\" src=\"https:\/\/static.xx.fbcdn.net\/images\/emoji.php\/v9\/t50\/1\/16\/1f1f2_1f1fd.png\">.<\/p>\n\n\n\n<p>El evento cont\u00f3 con la presencia de Bryan Lara Ortega <img loading=\"lazy\" decoding=\"async\" height=\"16\" width=\"16\" alt=\"\ud83c\udf1f\" src=\"https:\/\/static.xx.fbcdn.net\/images\/emoji.php\/v9\/te0\/1\/16\/1f31f.png\">, jugador de los Dodgers de Los \u00c1ngeles <img loading=\"lazy\" decoding=\"async\" height=\"16\" width=\"16\" alt=\"\u26be\" src=\"https:\/\/static.xx.fbcdn.net\/images\/emoji.php\/v9\/t30\/1\/16\/26be.png\">, quien inici\u00f3 en la Liga COMUDE de Valle de Santiago.<\/p>\n\n\n\n<p><a href=\"https:\/\/www.facebook.com\/hashtag\/unvalledetodos?__eep__=6&amp;__cft__[0]=AZWVB86LvbvdvIvzk3B51KIQg-7vih_HX5UZI0iWUyOqPv7qT1LA-sQJUT2tDorOM8PYpGZCTLkab6ucqHBgpjlFmD9ldpUMDs6qdAfPTm_v2BIah3No22tDRPPjXezxun8Yufa3QEqMTpWusc__mN7M2gZddxhgrErnjfB8igv7C4vFKS1CeZXPym_97DOvVEPOzSd9g38T7eKaQXFTDg2nzdhuZc5HlGwz9QIS4KHFDw&amp;__tn__=*NK-R\">#UnValleDeTodos<\/a><\/p>\n\n\n\n<figure class=\"wp-block-gallery has-nested-images columns-default is-cropped wp-block-gallery-1 is-layout-flex wp-block-gallery-is-layout-flex\">\n<figure class=\"wp-block-image size-large\"><img loading=\"lazy\" decoding=\"async\" width=\"600\" height=\"450\" data-id=\"20346\" src=\"https:\/\/periodiconuevomilenio.com\/wp-content\/uploads\/2025\/02\/475851171_122132787164559866_5788634346045795767_n.jpg\" alt=\"\" class=\"wp-image-20346\" srcset=\"https:\/\/periodiconuevomilenio.com\/wp-content\/uploads\/2025\/02\/475851171_122132787164559866_5788634346045795767_n.jpg 600w, https:\/\/periodiconuevomilenio.com\/wp-content\/uploads\/2025\/02\/475851171_122132787164559866_5788634346045795767_n-300x225.jpg 300w\" sizes=\"auto, (max-width: 600px) 100vw, 600px\" \/><\/figure>\n\n\n\n<figure class=\"wp-block-image size-large\"><img loading=\"lazy\" decoding=\"async\" width=\"960\" height=\"720\" data-id=\"20347\" src=\"https:\/\/periodiconuevomilenio.com\/wp-content\/uploads\/2025\/02\/475812996_122132787080559866_8633841661201219597_n.jpg\" alt=\"\" class=\"wp-image-20347\" srcset=\"https:\/\/periodiconuevomilenio.com\/wp-content\/uploads\/2025\/02\/475812996_122132787080559866_8633841661201219597_n.jpg 960w, https:\/\/periodiconuevomilenio.com\/wp-content\/uploads\/2025\/02\/475812996_122132787080559866_8633841661201219597_n-300x225.jpg 300w, https:\/\/periodiconuevomilenio.com\/wp-content\/uploads\/2025\/02\/475812996_122132787080559866_8633841661201219597_n-768x576.jpg 768w\" sizes=\"auto, (max-width: 960px) 100vw, 960px\" \/><\/figure>\n<\/figure>\n\n\n","protected":false},"excerpt":{"rendered":"<p>Con gran participaci\u00f3n de padres de familia, se inaugur\u00f3 la Liga de B\u00e9isbol COMUDE infantil y juvenil en<\/p>\n","protected":false},"author":1,"featured_media":20347,"comment_status":"open","ping_status":"open","sticky":false,"template":"","format":"standard","meta":{"jetpack_post_was_ever_published":false,"_jetpack_newsletter_access":"","_jetpack_dont_email_post_to_subs":false,"_jetpack_newsletter_tier_id":0,"_jetpack_memberships_contains_paywalled_content":false,"_jetpack_memberships_contains_paid_content":false,"footnotes":"","jetpack_publicize_message":"","jetpack_publicize_feature_enabled":false,"jetpack_social_post_already_shared":false,"jetpack_social_options":{"image_generator_settings":{"template":"highway","enabled":false},"version":2}},"categories":[39],"tags":[22],"class_list":["post-20345","post","type-post","status-publish","format-standard","has-post-thumbnail","hentry","category-valle-de-santiago","tag-valle"],"jetpack_publicize_connections":[],"jetpack_sharing_enabled":true,"jetpack_featured_media_url":"https:\/\/periodiconuevomilenio.com\/wp-content\/uploads\/2025\/02\/475812996_122132787080559866_8633841661201219597_n.jpg","_links":{"self":[{"href":"https:\/\/periodiconuevomilenio.com\/index.php\/wp-json\/wp\/v2\/posts\/20345","targetHints":{"allow":["GET"]}}],"collection":[{"href":"https:\/\/periodiconuevomilenio.com\/index.php\/wp-json\/wp\/v2\/posts"}],"about":[{"href":"https:\/\/periodiconuevomilenio.com\/index.php\/wp-json\/wp\/v2\/types\/post"}],"author":[{"embeddable":true,"href":"https:\/\/periodiconuevomilenio.com\/index.php\/wp-json\/wp\/v2\/users\/1"}],"replies":[{"embeddable":true,"href":"https:\/\/periodiconuevomilenio.com\/index.php\/wp-json\/wp\/v2\/comments?post=20345"}],"version-history":[{"count":1,"href":"https:\/\/periodiconuevomilenio.com\/index.php\/wp-json\/wp\/v2\/posts\/20345\/revisions"}],"predecessor-version":[{"id":20348,"href":"https:\/\/periodiconuevomilenio.com\/index.php\/wp-json\/wp\/v2\/posts\/20345\/revisions\/20348"}],"wp:featuredmedia":[{"embeddable":true,"href":"https:\/\/periodiconuevomilenio.com\/index.php\/wp-json\/wp\/v2\/media\/20347"}],"wp:attachment":[{"href":"https:\/\/periodiconuevomilenio.com\/index.php\/wp-json\/wp\/v2\/media?parent=20345"}],"wp:term":[{"taxonomy":"category","embeddable":true,"href":"https:\/\/periodiconuevomilenio.com\/index.php\/wp-json\/wp\/v2\/categories?post=20345"},{"taxonomy":"post_tag","embeddable":true,"href":"https:\/\/periodiconuevomilenio.com\/index.php\/wp-json\/wp\/v2\/tags?post=20345"}],"curies":[{"name":"wp","href":"https:\/\/api.w.org\/{rel}","templated":true}]}}