{"id":20350,"date":"2025-02-03T22:18:34","date_gmt":"2025-02-04T04:18:34","guid":{"rendered":"https:\/\/periodiconuevomilenio.com\/?p=20350"},"modified":"2025-02-03T22:18:36","modified_gmt":"2025-02-04T04:18:36","slug":"gerardo-vazquez-alatriste-asume-como-fiscal-general-de-guanajuato","status":"publish","type":"post","link":"https:\/\/periodiconuevomilenio.com\/index.php\/2025\/02\/03\/gerardo-vazquez-alatriste-asume-como-fiscal-general-de-guanajuato\/","title":{"rendered":"GERARDO V\u00c1ZQUEZ ALATRISTE ASUME COMO FISCAL GENERAL DE GUANAJUATO"},"content":{"rendered":"\n<p><strong>UN MODELO DE PROCURACI\u00d3N HUMANISTA, MI COMPROMISO CON GUANAJUATO<\/strong><\/p>\n\n\n\n<p>El Dr. Gerardo V\u00e1zquez Alatriste tom\u00f3 protesta este lunes como Fiscal General del Estado de Guanajuato ante el Pleno del Congreso local. En su discurso, agradeci\u00f3 la confianza de los legisladores y reafirm\u00f3 su compromiso con la procuraci\u00f3n de justicia en la entidad.<\/p>\n\n\n\n<p>\u201cAgradezco la confianza del Congreso del Estado y del Ejecutivo Estatal para asumir esta responsabilidad. Entiendo la trascendencia del cargo y me comprometo a trabajar con determinaci\u00f3n, profesionalismo y entrega para fortalecer la procuraci\u00f3n de justicia en Guanajuato, con un modelo humanista y un firme compromiso con la sociedad\u201d, expres\u00f3.<\/p>\n\n\n\n<p>Asimismo, reconoci\u00f3 el respaldo de quienes lo acompa\u00f1an en este proceso: la Mtra. Zuce A. Hern\u00e1ndez Mart\u00ednez, el Mtro. Israel Aguado Silva, el Mtro. Aar\u00f3n Edmundo Castro S\u00e1nchez, el Mtro. Jos\u00e9 Israel Mart\u00ednez Canedo, Ignacio P\u00e9rez Ru\u00edz, el Mtro. Jos\u00e9 de Jes\u00fas Quezada Torres, el Mtro. Jos\u00e9 Antonio Torres Ram\u00edrez y el Lic. Ricardo Vilchis Contreras.<\/p>\n\n\n\n<p><strong>Trayectoria y experiencia<\/strong><\/p>\n\n\n\n<p>Con m\u00e1s de 38 a\u00f1os en el \u00e1mbito jur\u00eddico, V\u00e1zquez Alatriste ha ocupado cargos clave en la extinta Procuradur\u00eda General de la Rep\u00fablica (PGR), destac\u00e1ndose como delegado en los estados de Hidalgo, Sonora, Jalisco y Puebla, as\u00ed como en la Fiscal\u00eda General de la Rep\u00fablica (FGR) en Guanajuato.<\/p>\n\n\n\n<p>Es reconocido a nivel nacional por su papel en la implementaci\u00f3n del nuevo sistema de justicia penal y por su participaci\u00f3n en investigaciones de alto impacto, como el caso del cardenal Juan Jes\u00fas Posadas Ocampo, cuando se desempe\u00f1aba como Fiscal Especializado.<\/p>\n\n\n\n<p><strong>Retos y prioridades<\/strong><\/p>\n\n\n\n<p>Durante su mensaje, el nuevo Fiscal General subray\u00f3 los desaf\u00edos en materia de seguridad y justicia que enfrenta Guanajuato y deline\u00f3 los tres ejes fundamentales de su gesti\u00f3n:<\/p>\n\n\n\n<p>\u2705 <strong>Cercan\u00eda con la ciudadan\u00eda y acceso a la justicia<\/strong><\/p>\n\n\n\n<p>Se fortalecer\u00e1 la atenci\u00f3n a las v\u00edctimas, se reducir\u00e1n los tiempos de respuesta y se garantizar\u00e1 que toda denuncia sea atendida e investigada con eficacia.<\/p>\n\n\n\n<p>\u2705 <strong>Coordinaci\u00f3n con los tres niveles de gobierno<\/strong><\/p>\n\n\n\n<p>Se impulsar\u00e1 una estrategia integral con autoridades estatales, federales y municipales para mejorar la operatividad y garantizar resultados concretos en la lucha contra la delincuencia.<\/p>\n\n\n\n<p>\u2705 <strong>Fortalecimiento institucional y combate a la impunidad<\/strong><\/p>\n\n\n\n<p>La modernizaci\u00f3n de la Fiscal\u00eda ser\u00e1 una prioridad, con capacitaci\u00f3n continua para agentes del Ministerio P\u00fablico, peritos e investigadores, as\u00ed como la incorporaci\u00f3n de tecnolog\u00eda avanzada en las investigaciones.<\/p>\n\n\n\n<p>V\u00e1zquez Alatriste reafirm\u00f3 su compromiso con la legalidad y la transparencia. Asimismo, asegur\u00f3 que reforzar\u00e1 la coordinaci\u00f3n con las fuerzas de seguridad estatal, municipales, la Guardia Nacional y la Secretar\u00eda de la Defensa Nacional (SEDENA), entre otras instituciones de los tres \u00f3rdenes de gobierno.<\/p>\n\n\n\n<figure class=\"wp-block-image size-large\"><img loading=\"lazy\" decoding=\"async\" width=\"1024\" height=\"682\" src=\"https:\/\/periodiconuevomilenio.com\/wp-content\/uploads\/2025\/02\/d4f9281b-b00a-4e6c-9567-a9b2b30890c8-1024x682.jpg\" alt=\"\" class=\"wp-image-20351\" srcset=\"https:\/\/periodiconuevomilenio.com\/wp-content\/uploads\/2025\/02\/d4f9281b-b00a-4e6c-9567-a9b2b30890c8-1024x682.jpg 1024w, https:\/\/periodiconuevomilenio.com\/wp-content\/uploads\/2025\/02\/d4f9281b-b00a-4e6c-9567-a9b2b30890c8-300x200.jpg 300w, https:\/\/periodiconuevomilenio.com\/wp-content\/uploads\/2025\/02\/d4f9281b-b00a-4e6c-9567-a9b2b30890c8-768x512.jpg 768w, https:\/\/periodiconuevomilenio.com\/wp-content\/uploads\/2025\/02\/d4f9281b-b00a-4e6c-9567-a9b2b30890c8.jpg 1280w\" sizes=\"auto, (max-width: 1024px) 100vw, 1024px\" \/><\/figure>\n\n\n","protected":false},"excerpt":{"rendered":"<p>UN MODELO DE PROCURACI\u00d3N HUMANISTA, MI COMPROMISO CON GUANAJUATO El Dr. Gerardo V\u00e1zquez Alatriste tom\u00f3 protesta este lunes<\/p>\n","protected":false},"author":1,"featured_media":20351,"comment_status":"open","ping_status":"open","sticky":false,"template":"","format":"standard","meta":{"jetpack_post_was_ever_published":false,"_jetpack_newsletter_access":"","_jetpack_dont_email_post_to_subs":false,"_jetpack_newsletter_tier_id":0,"_jetpack_memberships_contains_paywalled_content":false,"_jetpack_memberships_contains_paid_content":false,"footnotes":"","jetpack_publicize_message":"","jetpack_publicize_feature_enabled":false,"jetpack_social_post_already_shared":false,"jetpack_social_options":{"image_generator_settings":{"template":"highway","enabled":false},"version":2}},"categories":[31],"tags":[51],"class_list":["post-20350","post","type-post","status-publish","format-standard","has-post-thumbnail","hentry","category-estado","tag-estado"],"jetpack_publicize_connections":[],"jetpack_sharing_enabled":true,"jetpack_featured_media_url":"https:\/\/periodiconuevomilenio.com\/wp-content\/uploads\/2025\/02\/d4f9281b-b00a-4e6c-9567-a9b2b30890c8.jpg","_links":{"self":[{"href":"https:\/\/periodiconuevomilenio.com\/index.php\/wp-json\/wp\/v2\/posts\/20350","targetHints":{"allow":["GET"]}}],"collection":[{"href":"https:\/\/periodiconuevomilenio.com\/index.php\/wp-json\/wp\/v2\/posts"}],"about":[{"href":"https:\/\/periodiconuevomilenio.com\/index.php\/wp-json\/wp\/v2\/types\/post"}],"author":[{"embeddable":true,"href":"https:\/\/periodiconuevomilenio.com\/index.php\/wp-json\/wp\/v2\/users\/1"}],"replies":[{"embeddable":true,"href":"https:\/\/periodiconuevomilenio.com\/index.php\/wp-json\/wp\/v2\/comments?post=20350"}],"version-history":[{"count":1,"href":"https:\/\/periodiconuevomilenio.com\/index.php\/wp-json\/wp\/v2\/posts\/20350\/revisions"}],"predecessor-version":[{"id":20352,"href":"https:\/\/periodiconuevomilenio.com\/index.php\/wp-json\/wp\/v2\/posts\/20350\/revisions\/20352"}],"wp:featuredmedia":[{"embeddable":true,"href":"https:\/\/periodiconuevomilenio.com\/index.php\/wp-json\/wp\/v2\/media\/20351"}],"wp:attachment":[{"href":"https:\/\/periodiconuevomilenio.com\/index.php\/wp-json\/wp\/v2\/media?parent=20350"}],"wp:term":[{"taxonomy":"category","embeddable":true,"href":"https:\/\/periodiconuevomilenio.com\/index.php\/wp-json\/wp\/v2\/categories?post=20350"},{"taxonomy":"post_tag","embeddable":true,"href":"https:\/\/periodiconuevomilenio.com\/index.php\/wp-json\/wp\/v2\/tags?post=20350"}],"curies":[{"name":"wp","href":"https:\/\/api.w.org\/{rel}","templated":true}]}}