{"id":20583,"date":"2025-02-10T21:01:11","date_gmt":"2025-02-11T03:01:11","guid":{"rendered":"https:\/\/periodiconuevomilenio.com\/?p=20583"},"modified":"2025-02-10T21:01:13","modified_gmt":"2025-02-11T03:01:13","slug":"secretaria-de-seguridad-y-paz-secretaria-de-seguridad-y-proteccion-ciudadana-defensa-y-gn-detienen-a-tres-personas-en-posesion-de-armas-en-salamanca","status":"publish","type":"post","link":"https:\/\/periodiconuevomilenio.com\/index.php\/2025\/02\/10\/secretaria-de-seguridad-y-paz-secretaria-de-seguridad-y-proteccion-ciudadana-defensa-y-gn-detienen-a-tres-personas-en-posesion-de-armas-en-salamanca\/","title":{"rendered":"Secretar\u00eda de Seguridad y Paz, Secretar\u00eda de Seguridad y Protecci\u00f3n Ciudadana, Defensa y GN detienen a tres personas en posesi\u00f3n de armas en Salamanca\u00a0"},"content":{"rendered":"\n<ul class=\"wp-block-list\">\n<li><strong>Como resultado de un operativo coordinado, dos personas fueron detenidas y vinculadas a proceso, un menor fue puesto a disposici\u00f3n y se recuper\u00f3 un veh\u00edculo con reporte de robo.\u00a0<\/strong><\/li>\n\n\n\n<li><strong>Se aseguraron armas de fuego, ochenta cartuchos, cargadores y equipo bal\u00edstico.\u00a0<\/strong><\/li>\n<\/ul>\n\n\n\n<p><strong>Salamanca, Gto., a 10 de febrero de 2025.-<\/strong>&nbsp;En un operativo conjunto entre las Fuerzas de Seguridad P\u00fablica del Estado (FSPE), la Secretar\u00eda de Seguridad y Protecci\u00f3n Ciudadana (SSPC) del gobierno federal, la Secretar\u00eda de la Defensa Nacional (Defensa) y la Guardia Nacional (GN), realizado en la comunidad San Vicente, en Salamanca, se logr\u00f3 la detenci\u00f3n de tres personas en posesi\u00f3n de armas de fuego, una de las cuales es menor de edad, y equipo bal\u00edstico.&nbsp;&nbsp;&nbsp;&nbsp;<\/p>\n\n\n\n<p>El despliegue de seguridad inici\u00f3 cuando integrantes de las corporaciones detectaron a un motociclista que, al notar la presencia de las autoridades, intent\u00f3 darse a la fuga. Inmediatamente, los agentes iniciaron una persecuci\u00f3n que concluy\u00f3 en un inmueble al que ingres\u00f3 el sospechoso.&nbsp;&nbsp;&nbsp;&nbsp;<\/p>\n\n\n\n<p>Tras aplicar los protocolos de actuaci\u00f3n conforme a la Ley Nacional sobre el Uso de la Fuerza y en observancia al C\u00f3digo Nacional de Procedimientos Penales en el marco de la flagrancia, en el interior del domicilio se localiz\u00f3 un veh\u00edculo con reporte de robo vigente, armas de fuego y equipo t\u00e1ctico.&nbsp;&nbsp;<\/p>\n\n\n\n<p>En el lugar fueron detenidos Guadalupe Diego \u201cN\u201d, de 21 a\u00f1os de edad, Yesenia \u201cN\u201d de 24 a\u00f1os, as\u00ed como un menor de 16 que fue localizado en posesi\u00f3n de un arma de fuego y puesto a disposici\u00f3n de las autoridades correspondientes.&nbsp;&nbsp;&nbsp;&nbsp;<\/p>\n\n\n\n<p>Entre los objetos asegurados, se encuentran dos armas de fuego tipo fusil, un arma corta, tres cargadores de diversos calibres, dos chalecos y dos cascos bal\u00edsticos, cuatro cajas de cartuchos y ochenta cartuchos \u00fatiles.&nbsp;&nbsp;&nbsp;&nbsp;<\/p>\n\n\n\n<p>Los detenidos y los art\u00edculos asegurados fueron puestos a disposici\u00f3n del Ministerio P\u00fablico de la Federaci\u00f3n para el seguimiento de las investigaciones correspondientes. Ambos adultos fueron vinculados a proceso. &nbsp;<\/p>\n\n\n\n<p>La Secretar\u00eda de Seguridad y Paz reitera su compromiso con el combate frontal a cualquier manifestaci\u00f3n del delito, especialmente aquellos que afectan la integridad y vida de las personas. En el marco de la Estrategia Coordinaci\u00f3n Operativa de la Nueva Fuerza de Inteligencia Anticrimen (CONFIA), se invita a la ciudadan\u00eda a reportar actividades il\u00edcitas de forma an\u00f3nima al 089, como parte de los esfuerzos conjuntos para recuperar la paz y seguridad en Guanajuato.&nbsp;&nbsp;&nbsp;<\/p>\n\n\n\n<figure class=\"wp-block-image size-large\"><img loading=\"lazy\" decoding=\"async\" width=\"1024\" height=\"781\" src=\"https:\/\/periodiconuevomilenio.com\/wp-content\/uploads\/2025\/02\/Detencion-Salamanca-01-1024x781.jpg\" alt=\"\" class=\"wp-image-20584\" srcset=\"https:\/\/periodiconuevomilenio.com\/wp-content\/uploads\/2025\/02\/Detencion-Salamanca-01-1024x781.jpg 1024w, https:\/\/periodiconuevomilenio.com\/wp-content\/uploads\/2025\/02\/Detencion-Salamanca-01-300x229.jpg 300w, https:\/\/periodiconuevomilenio.com\/wp-content\/uploads\/2025\/02\/Detencion-Salamanca-01-768x586.jpg 768w, https:\/\/periodiconuevomilenio.com\/wp-content\/uploads\/2025\/02\/Detencion-Salamanca-01.jpg 1258w\" sizes=\"auto, (max-width: 1024px) 100vw, 1024px\" \/><\/figure>\n\n\n","protected":false},"excerpt":{"rendered":"<p>Salamanca, Gto., a 10 de febrero de 2025.-&nbsp;En un operativo conjunto entre las Fuerzas de Seguridad P\u00fablica del<\/p>\n","protected":false},"author":1,"featured_media":20584,"comment_status":"open","ping_status":"open","sticky":false,"template":"","format":"standard","meta":{"jetpack_post_was_ever_published":false,"_jetpack_newsletter_access":"","_jetpack_dont_email_post_to_subs":false,"_jetpack_newsletter_tier_id":0,"_jetpack_memberships_contains_paywalled_content":false,"_jetpack_memberships_contains_paid_content":false,"footnotes":"","jetpack_publicize_message":"","jetpack_publicize_feature_enabled":false,"jetpack_social_post_already_shared":false,"jetpack_social_options":{"image_generator_settings":{"template":"highway","enabled":false},"version":2}},"categories":[31,48],"tags":[51],"class_list":["post-20583","post","type-post","status-publish","format-standard","has-post-thumbnail","hentry","category-estado","category-policiaca","tag-estado"],"jetpack_publicize_connections":[],"jetpack_sharing_enabled":true,"jetpack_featured_media_url":"https:\/\/periodiconuevomilenio.com\/wp-content\/uploads\/2025\/02\/Detencion-Salamanca-01.jpg","_links":{"self":[{"href":"https:\/\/periodiconuevomilenio.com\/index.php\/wp-json\/wp\/v2\/posts\/20583","targetHints":{"allow":["GET"]}}],"collection":[{"href":"https:\/\/periodiconuevomilenio.com\/index.php\/wp-json\/wp\/v2\/posts"}],"about":[{"href":"https:\/\/periodiconuevomilenio.com\/index.php\/wp-json\/wp\/v2\/types\/post"}],"author":[{"embeddable":true,"href":"https:\/\/periodiconuevomilenio.com\/index.php\/wp-json\/wp\/v2\/users\/1"}],"replies":[{"embeddable":true,"href":"https:\/\/periodiconuevomilenio.com\/index.php\/wp-json\/wp\/v2\/comments?post=20583"}],"version-history":[{"count":1,"href":"https:\/\/periodiconuevomilenio.com\/index.php\/wp-json\/wp\/v2\/posts\/20583\/revisions"}],"predecessor-version":[{"id":20585,"href":"https:\/\/periodiconuevomilenio.com\/index.php\/wp-json\/wp\/v2\/posts\/20583\/revisions\/20585"}],"wp:featuredmedia":[{"embeddable":true,"href":"https:\/\/periodiconuevomilenio.com\/index.php\/wp-json\/wp\/v2\/media\/20584"}],"wp:attachment":[{"href":"https:\/\/periodiconuevomilenio.com\/index.php\/wp-json\/wp\/v2\/media?parent=20583"}],"wp:term":[{"taxonomy":"category","embeddable":true,"href":"https:\/\/periodiconuevomilenio.com\/index.php\/wp-json\/wp\/v2\/categories?post=20583"},{"taxonomy":"post_tag","embeddable":true,"href":"https:\/\/periodiconuevomilenio.com\/index.php\/wp-json\/wp\/v2\/tags?post=20583"}],"curies":[{"name":"wp","href":"https:\/\/api.w.org\/{rel}","templated":true}]}}