{"id":20597,"date":"2025-02-10T21:25:01","date_gmt":"2025-02-11T03:25:01","guid":{"rendered":"https:\/\/periodiconuevomilenio.com\/?p=20597"},"modified":"2025-02-10T21:25:03","modified_gmt":"2025-02-11T03:25:03","slug":"paot-y-municipios-trabajan-en-coordinacion-en-el-gobierno-de-la-gente","status":"publish","type":"post","link":"https:\/\/periodiconuevomilenio.com\/index.php\/2025\/02\/10\/paot-y-municipios-trabajan-en-coordinacion-en-el-gobierno-de-la-gente\/","title":{"rendered":"PAOT y municipios trabajan en coordinaci\u00f3n en el Gobierno de la Gente"},"content":{"rendered":"\n<ul class=\"wp-block-list\">\n<li>Municipios de la Regi\u00f3n A del estado se capacitan en temas Ambientales y de Ordenamiento Territorial.<\/li>\n<\/ul>\n\n\n\n<p><strong>Le\u00f3n, Gto., a 10 de febrero de 2025.-<\/strong> En el Gobierno de la Gente se impulsa el trabajo coordinado entre estado y municipios en busca de un territorio con crecimiento econ\u00f3mico, sostenible y humano, todo ello en beneficio de la sociedad.<\/p>\n\n\n\n<p>En ese sentido la Procuradur\u00eda Ambiental y de Ordenamiento Territorial (PAOT) convoc\u00f3 a los municipios de la Regi\u00f3n A del estado a la jornada de capacitaciones en temas ambientales y de ordenamiento territorial, que tuvo como sede el Centro de Gobierno de Le\u00f3n.<\/p>\n\n\n\n<p>Este acercamiento atiende lo instruido por la Gobernadora Libia Dennise Garc\u00eda Mu\u00f1oz Ledo, qui\u00e9n ha resaltado la importancia que trabajando en equipo por el medio ambiente somos imparables, por lo que coadyuvar y capacitar a los funcionarios p\u00fablicos es una herramienta fundamental para atraer mejores resultados a la gente.<\/p>\n\n\n\n<p>En esta participaci\u00f3n, Karina Padilla Avila, Procuradora Ambiental y de Ordenamiento Territorial, mencion\u00f3 es clave la coordinaci\u00f3n, prevenci\u00f3n y planeaci\u00f3n con cada uno de los municipios para restauraci\u00f3n del equilibrio ecol\u00f3gico y del ordenamiento territorial.<\/p>\n\n\n\n<p>\u201cLa coordinaci\u00f3n con cada uno de ustedes nos brinda mejor comunicaci\u00f3n y por ende mejores resultados. Podemos prevenir atendiendo los temas de Corresponsabilidad y posterior planear para continuar con ese crecimiento econ\u00f3mico que debe ir de la mano del cuidado del medio ambiente\u201d, mencion\u00f3 Padilla Avila.<\/p>\n\n\n\n<p>Se cont\u00f3 con la presencia de las direcciones de Medio Ambiente, Planeaci\u00f3n, Desarrollo Urbano y de los Organismos Operadores de Agua de los municipios de Atarjea, Doctor Mora, Dolores Hidalgo C.I.N., Le\u00f3n, Ocampo, San Diego de la Uni\u00f3n, San Felipe, San Jos\u00e9 Iturbide, San Luis de la Paz, Santa Catarina, Tierra Blanca, Victoria y Xich\u00fa.<\/p>\n\n\n\n<p>Los funcionarios se capacitaron en temas de legislaci\u00f3n ambiental y despejaron dudas sobre las debidas competencias por parte de cada orden del gobierno, as\u00ed como los temas de la Coordinaci\u00f3n T\u00e9cnica y la presentaci\u00f3n de los Programas de Empresa Limpia y Buenas Pr\u00e1cticas Ambientales.<\/p>\n\n\n\n<p>Ellos se suman a los municipios de la Regi\u00f3n B que ya acreditaron su participaci\u00f3n en estos temas, y en los pr\u00f3ximos d\u00edas ser\u00e1n los municipios de la Regi\u00f3n C de la PAOT que estar\u00e1n participando y fortaleciendo esta alianza.<\/p>\n\n\n\n<p>Estos encuentros son clave para la construcci\u00f3n de un gobierno se trabaja para que todas las voces sean escuchadas, es el Gobierno de la Gente.<\/p>\n\n\n\n<figure class=\"wp-block-gallery has-nested-images columns-default is-cropped wp-block-gallery-1 is-layout-flex wp-block-gallery-is-layout-flex\">\n<figure class=\"wp-block-image size-large\"><img loading=\"lazy\" decoding=\"async\" width=\"1024\" height=\"735\" data-id=\"20598\" src=\"https:\/\/periodiconuevomilenio.com\/wp-content\/uploads\/2025\/02\/3-1024x735.jpeg\" alt=\"\" class=\"wp-image-20598\" srcset=\"https:\/\/periodiconuevomilenio.com\/wp-content\/uploads\/2025\/02\/3-1024x735.jpeg 1024w, https:\/\/periodiconuevomilenio.com\/wp-content\/uploads\/2025\/02\/3-300x215.jpeg 300w, https:\/\/periodiconuevomilenio.com\/wp-content\/uploads\/2025\/02\/3-768x551.jpeg 768w, https:\/\/periodiconuevomilenio.com\/wp-content\/uploads\/2025\/02\/3-1536x1103.jpeg 1536w, https:\/\/periodiconuevomilenio.com\/wp-content\/uploads\/2025\/02\/3-2048x1471.jpeg 2048w\" sizes=\"auto, (max-width: 1024px) 100vw, 1024px\" \/><\/figure>\n\n\n\n<figure class=\"wp-block-image size-large\"><img loading=\"lazy\" decoding=\"async\" width=\"1024\" height=\"656\" data-id=\"20599\" src=\"https:\/\/periodiconuevomilenio.com\/wp-content\/uploads\/2025\/02\/2-1024x656.jpeg\" alt=\"\" class=\"wp-image-20599\" srcset=\"https:\/\/periodiconuevomilenio.com\/wp-content\/uploads\/2025\/02\/2-1024x656.jpeg 1024w, https:\/\/periodiconuevomilenio.com\/wp-content\/uploads\/2025\/02\/2-300x192.jpeg 300w, https:\/\/periodiconuevomilenio.com\/wp-content\/uploads\/2025\/02\/2-768x492.jpeg 768w, https:\/\/periodiconuevomilenio.com\/wp-content\/uploads\/2025\/02\/2-1536x983.jpeg 1536w, https:\/\/periodiconuevomilenio.com\/wp-content\/uploads\/2025\/02\/2-2048x1311.jpeg 2048w\" sizes=\"auto, (max-width: 1024px) 100vw, 1024px\" \/><\/figure>\n\n\n\n<figure class=\"wp-block-image size-large\"><img loading=\"lazy\" decoding=\"async\" width=\"1024\" height=\"590\" data-id=\"20600\" src=\"https:\/\/periodiconuevomilenio.com\/wp-content\/uploads\/2025\/02\/1-1024x590.jpeg\" alt=\"\" class=\"wp-image-20600\" srcset=\"https:\/\/periodiconuevomilenio.com\/wp-content\/uploads\/2025\/02\/1-1024x590.jpeg 1024w, https:\/\/periodiconuevomilenio.com\/wp-content\/uploads\/2025\/02\/1-300x173.jpeg 300w, https:\/\/periodiconuevomilenio.com\/wp-content\/uploads\/2025\/02\/1-768x443.jpeg 768w, https:\/\/periodiconuevomilenio.com\/wp-content\/uploads\/2025\/02\/1-1536x886.jpeg 1536w, https:\/\/periodiconuevomilenio.com\/wp-content\/uploads\/2025\/02\/1-2048x1181.jpeg 2048w\" sizes=\"auto, (max-width: 1024px) 100vw, 1024px\" \/><\/figure>\n<\/figure>\n\n\n","protected":false},"excerpt":{"rendered":"<p>Le\u00f3n, Gto., a 10 de febrero de 2025.- En el Gobierno de la Gente se impulsa el trabajo<\/p>\n","protected":false},"author":1,"featured_media":20600,"comment_status":"open","ping_status":"open","sticky":false,"template":"","format":"standard","meta":{"jetpack_post_was_ever_published":false,"_jetpack_newsletter_access":"","_jetpack_dont_email_post_to_subs":false,"_jetpack_newsletter_tier_id":0,"_jetpack_memberships_contains_paywalled_content":false,"_jetpack_memberships_contains_paid_content":false,"footnotes":"","jetpack_publicize_message":"","jetpack_publicize_feature_enabled":false,"jetpack_social_post_already_shared":false,"jetpack_social_options":{"image_generator_settings":{"template":"highway","enabled":false},"version":2}},"categories":[31],"tags":[51],"class_list":["post-20597","post","type-post","status-publish","format-standard","has-post-thumbnail","hentry","category-estado","tag-estado"],"jetpack_publicize_connections":[],"jetpack_sharing_enabled":true,"jetpack_featured_media_url":"https:\/\/periodiconuevomilenio.com\/wp-content\/uploads\/2025\/02\/1-scaled.jpeg","_links":{"self":[{"href":"https:\/\/periodiconuevomilenio.com\/index.php\/wp-json\/wp\/v2\/posts\/20597","targetHints":{"allow":["GET"]}}],"collection":[{"href":"https:\/\/periodiconuevomilenio.com\/index.php\/wp-json\/wp\/v2\/posts"}],"about":[{"href":"https:\/\/periodiconuevomilenio.com\/index.php\/wp-json\/wp\/v2\/types\/post"}],"author":[{"embeddable":true,"href":"https:\/\/periodiconuevomilenio.com\/index.php\/wp-json\/wp\/v2\/users\/1"}],"replies":[{"embeddable":true,"href":"https:\/\/periodiconuevomilenio.com\/index.php\/wp-json\/wp\/v2\/comments?post=20597"}],"version-history":[{"count":1,"href":"https:\/\/periodiconuevomilenio.com\/index.php\/wp-json\/wp\/v2\/posts\/20597\/revisions"}],"predecessor-version":[{"id":20601,"href":"https:\/\/periodiconuevomilenio.com\/index.php\/wp-json\/wp\/v2\/posts\/20597\/revisions\/20601"}],"wp:featuredmedia":[{"embeddable":true,"href":"https:\/\/periodiconuevomilenio.com\/index.php\/wp-json\/wp\/v2\/media\/20600"}],"wp:attachment":[{"href":"https:\/\/periodiconuevomilenio.com\/index.php\/wp-json\/wp\/v2\/media?parent=20597"}],"wp:term":[{"taxonomy":"category","embeddable":true,"href":"https:\/\/periodiconuevomilenio.com\/index.php\/wp-json\/wp\/v2\/categories?post=20597"},{"taxonomy":"post_tag","embeddable":true,"href":"https:\/\/periodiconuevomilenio.com\/index.php\/wp-json\/wp\/v2\/tags?post=20597"}],"curies":[{"name":"wp","href":"https:\/\/api.w.org\/{rel}","templated":true}]}}