{"id":2063,"date":"2023-04-05T08:43:54","date_gmt":"2023-04-05T14:43:54","guid":{"rendered":"https:\/\/periodiconuevomilenio.com\/?p=2063"},"modified":"2023-04-05T08:43:57","modified_gmt":"2023-04-05T14:43:57","slug":"ya-no-hay-temor-de-dios","status":"publish","type":"post","link":"https:\/\/periodiconuevomilenio.com\/index.php\/2023\/04\/05\/ya-no-hay-temor-de-dios\/","title":{"rendered":"YA NO HAY TEMOR DE DIOS."},"content":{"rendered":"\n<p>YA NO HAY TEMOR DE DIOS.<\/p>\n\n\n\n<p>&nbsp;En plena Semana Santas saquean el templ\u00f3 de Santa Rita<\/p>\n\n\n\n<p>JARAL DEL PROGRESO, GTO.- Ya no hay temor de Dios, durante la noche o madrugada ladrones en plena Semana Santa entraron al templo Principal de Santa Rita de Casi en Victoria de Cortazar y lo saquearon.<\/p>\n\n\n\n<p>Hasta ahora se desconoce que fue lo que se llevaron los ladrones ya que se realiza el recuento por&nbsp; parte del p\u00e1rroco del lugar, sin embargo ya se present\u00f3 la polic\u00eda local y recomend\u00f3 al sacerdote encargado del lugar que acuda ante el ministerio p\u00fablico a interponer su denuncia para que comiencen las investigaciones.<\/p>\n\n\n\n<p>El Ex. Delegado del lugar Rafael Soto Carraza anuncio en su perfil personal de Facebook sobre este robo realizado al sacro recinto y comento<strong> <em>\u201c<\/em><\/strong><em>Hola muy buenos d\u00edas linda familia de Victoria de Cort\u00e1zar.<\/em><em><br>As\u00ed amaneci\u00f3 hoy nuestro templo de Santa Rita, saqueado por los due\u00f1os de lo ajeno.<\/em><\/p>\n\n\n\n<p><em><br>Es tiempo de ser solidarios ante todo lo mal que acontece ya que todos estamos expuestos a esto y es muy lamentable que esto suceda y nos hagamos a la omisi\u00f3n ya que se est\u00e1 haciendo muy com\u00fan es preocupante<br>Se est\u00e1 rompiendo uno de los valores fundamentales que es el RESPETO<br>Pueblo de Victoria, si somos familia? Pues seamos solidarios\u201d.<\/em><strong><em><\/em><\/strong><\/p>\n","protected":false},"excerpt":{"rendered":"<p>YA NO HAY TEMOR DE DIOS. &nbsp;En plena Semana Santas saquean el templ\u00f3 de Santa Rita JARAL DEL<\/p>\n","protected":false},"author":1,"featured_media":2064,"comment_status":"open","ping_status":"open","sticky":false,"template":"","format":"standard","meta":{"jetpack_post_was_ever_published":false,"_jetpack_newsletter_access":"","_jetpack_dont_email_post_to_subs":false,"_jetpack_newsletter_tier_id":0,"_jetpack_memberships_contains_paywalled_content":false,"_jetpack_memberships_contains_paid_content":false,"footnotes":"","jetpack_publicize_message":"","jetpack_publicize_feature_enabled":false,"jetpack_social_post_already_shared":false,"jetpack_social_options":{"image_generator_settings":{"template":"highway","enabled":false},"version":2}},"categories":[34,48],"tags":[23],"class_list":["post-2063","post","type-post","status-publish","format-standard","has-post-thumbnail","hentry","category-jaral-del-progreso","category-policiaca","tag-jaral"],"jetpack_publicize_connections":[],"jetpack_sharing_enabled":true,"jetpack_featured_media_url":"https:\/\/periodiconuevomilenio.com\/wp-content\/uploads\/2023\/04\/339920992_911640836735782_6608282697929931549_n.jpg","_links":{"self":[{"href":"https:\/\/periodiconuevomilenio.com\/index.php\/wp-json\/wp\/v2\/posts\/2063","targetHints":{"allow":["GET"]}}],"collection":[{"href":"https:\/\/periodiconuevomilenio.com\/index.php\/wp-json\/wp\/v2\/posts"}],"about":[{"href":"https:\/\/periodiconuevomilenio.com\/index.php\/wp-json\/wp\/v2\/types\/post"}],"author":[{"embeddable":true,"href":"https:\/\/periodiconuevomilenio.com\/index.php\/wp-json\/wp\/v2\/users\/1"}],"replies":[{"embeddable":true,"href":"https:\/\/periodiconuevomilenio.com\/index.php\/wp-json\/wp\/v2\/comments?post=2063"}],"version-history":[{"count":1,"href":"https:\/\/periodiconuevomilenio.com\/index.php\/wp-json\/wp\/v2\/posts\/2063\/revisions"}],"predecessor-version":[{"id":2065,"href":"https:\/\/periodiconuevomilenio.com\/index.php\/wp-json\/wp\/v2\/posts\/2063\/revisions\/2065"}],"wp:featuredmedia":[{"embeddable":true,"href":"https:\/\/periodiconuevomilenio.com\/index.php\/wp-json\/wp\/v2\/media\/2064"}],"wp:attachment":[{"href":"https:\/\/periodiconuevomilenio.com\/index.php\/wp-json\/wp\/v2\/media?parent=2063"}],"wp:term":[{"taxonomy":"category","embeddable":true,"href":"https:\/\/periodiconuevomilenio.com\/index.php\/wp-json\/wp\/v2\/categories?post=2063"},{"taxonomy":"post_tag","embeddable":true,"href":"https:\/\/periodiconuevomilenio.com\/index.php\/wp-json\/wp\/v2\/tags?post=2063"}],"curies":[{"name":"wp","href":"https:\/\/api.w.org\/{rel}","templated":true}]}}