{"id":20694,"date":"2025-02-12T19:02:18","date_gmt":"2025-02-13T01:02:18","guid":{"rendered":"https:\/\/periodiconuevomilenio.com\/?p=20694"},"modified":"2025-02-12T19:49:09","modified_gmt":"2025-02-13T01:49:09","slug":"en-prision-presunto-extorsionador","status":"publish","type":"post","link":"https:\/\/periodiconuevomilenio.com\/index.php\/2025\/02\/12\/en-prision-presunto-extorsionador\/","title":{"rendered":"EN PRISI\u00d3N PRESUNTO EXTORSIONADOR"},"content":{"rendered":"\n<p>La Fiscal\u00eda General del Estado de Guanajuato logr\u00f3 que un Juez vinculara a proceso penal a CARLOS ULISES \u201cN\u201d, acusado de extorsionar a un comerciante en la ciudad de Le\u00f3n. El imputado fue detenido en flagrancia por elementos de la Polic\u00eda Preventiva mientras exig\u00eda dinero a la v\u00edctima como parte de una \u201ccuota\u201d, utilizando amenazas e intimidaci\u00f3n para obtener el pago. Durante la audiencia, el Agente del Ministerio P\u00fablico present\u00f3 pruebas que demostraron el modus operandi del detenido, logrando que fuera vinculado a proceso penal. CARLOS ULISES \u201cN\u201d permanecer\u00e1 en prisi\u00f3n preventiva mientras se desarrolla el proceso penal en su contra.<strong><\/strong><\/p>\n\n\n\n<figure class=\"wp-block-image size-large\"><img loading=\"lazy\" decoding=\"async\" width=\"819\" height=\"1024\" src=\"https:\/\/periodiconuevomilenio.com\/wp-content\/uploads\/2025\/02\/thumbnail-3-819x1024.jpg\" alt=\"\" class=\"wp-image-20695\" srcset=\"https:\/\/periodiconuevomilenio.com\/wp-content\/uploads\/2025\/02\/thumbnail-3-819x1024.jpg 819w, https:\/\/periodiconuevomilenio.com\/wp-content\/uploads\/2025\/02\/thumbnail-3-240x300.jpg 240w, https:\/\/periodiconuevomilenio.com\/wp-content\/uploads\/2025\/02\/thumbnail-3-768x960.jpg 768w, https:\/\/periodiconuevomilenio.com\/wp-content\/uploads\/2025\/02\/thumbnail-3-1024x1280.jpg 1024w, https:\/\/periodiconuevomilenio.com\/wp-content\/uploads\/2025\/02\/thumbnail-3.jpg 1080w\" sizes=\"auto, (max-width: 819px) 100vw, 819px\" \/><\/figure>\n\n\n","protected":false},"excerpt":{"rendered":"<p>La Fiscal\u00eda General del Estado de Guanajuato logr\u00f3 que un Juez vinculara a proceso penal a CARLOS ULISES<\/p>\n","protected":false},"author":1,"featured_media":20695,"comment_status":"open","ping_status":"open","sticky":false,"template":"","format":"standard","meta":{"jetpack_post_was_ever_published":false,"_jetpack_newsletter_access":"","_jetpack_dont_email_post_to_subs":false,"_jetpack_newsletter_tier_id":0,"_jetpack_memberships_contains_paywalled_content":false,"_jetpack_memberships_contains_paid_content":false,"footnotes":"","jetpack_publicize_message":"","jetpack_publicize_feature_enabled":false,"jetpack_social_post_already_shared":false,"jetpack_social_options":{"image_generator_settings":{"template":"highway","enabled":false},"version":2}},"categories":[31,48],"tags":[51],"class_list":["post-20694","post","type-post","status-publish","format-standard","has-post-thumbnail","hentry","category-estado","category-policiaca","tag-estado"],"jetpack_publicize_connections":[],"jetpack_sharing_enabled":true,"jetpack_featured_media_url":"https:\/\/periodiconuevomilenio.com\/wp-content\/uploads\/2025\/02\/thumbnail-3.jpg","_links":{"self":[{"href":"https:\/\/periodiconuevomilenio.com\/index.php\/wp-json\/wp\/v2\/posts\/20694","targetHints":{"allow":["GET"]}}],"collection":[{"href":"https:\/\/periodiconuevomilenio.com\/index.php\/wp-json\/wp\/v2\/posts"}],"about":[{"href":"https:\/\/periodiconuevomilenio.com\/index.php\/wp-json\/wp\/v2\/types\/post"}],"author":[{"embeddable":true,"href":"https:\/\/periodiconuevomilenio.com\/index.php\/wp-json\/wp\/v2\/users\/1"}],"replies":[{"embeddable":true,"href":"https:\/\/periodiconuevomilenio.com\/index.php\/wp-json\/wp\/v2\/comments?post=20694"}],"version-history":[{"count":1,"href":"https:\/\/periodiconuevomilenio.com\/index.php\/wp-json\/wp\/v2\/posts\/20694\/revisions"}],"predecessor-version":[{"id":20696,"href":"https:\/\/periodiconuevomilenio.com\/index.php\/wp-json\/wp\/v2\/posts\/20694\/revisions\/20696"}],"wp:featuredmedia":[{"embeddable":true,"href":"https:\/\/periodiconuevomilenio.com\/index.php\/wp-json\/wp\/v2\/media\/20695"}],"wp:attachment":[{"href":"https:\/\/periodiconuevomilenio.com\/index.php\/wp-json\/wp\/v2\/media?parent=20694"}],"wp:term":[{"taxonomy":"category","embeddable":true,"href":"https:\/\/periodiconuevomilenio.com\/index.php\/wp-json\/wp\/v2\/categories?post=20694"},{"taxonomy":"post_tag","embeddable":true,"href":"https:\/\/periodiconuevomilenio.com\/index.php\/wp-json\/wp\/v2\/tags?post=20694"}],"curies":[{"name":"wp","href":"https:\/\/api.w.org\/{rel}","templated":true}]}}