{"id":20710,"date":"2025-02-12T20:39:44","date_gmt":"2025-02-13T02:39:44","guid":{"rendered":"https:\/\/periodiconuevomilenio.com\/?p=20710"},"modified":"2025-02-12T20:42:26","modified_gmt":"2025-02-13T02:42:26","slug":"fallece-pedro-perez","status":"publish","type":"post","link":"https:\/\/periodiconuevomilenio.com\/index.php\/2025\/02\/12\/fallece-pedro-perez\/","title":{"rendered":"Fallece Pedro P\u00e9rez."},"content":{"rendered":"\n<p>&nbsp;\u00a1Descanse en Paz\u2026.!<\/p>\n\n\n\n<p>Por ; Enrique Valadez Gonzalez <\/p>\n\n\n\n<p>Pedro P\u00e9rez Quiroz fot\u00f3grafo de profesi\u00f3n tuvo algunas colaboraciones en Antorcha, fue de los primeros elementos que iniciaron en el Pentatl\u00f3n Deportivo Militarizado donde destac\u00f3 en su desempe\u00f1o.<\/p>\n\n\n\n<p>Fue elemento de Seguridad P\u00fablica del municipio, fue fundador del \u00abGrupo Guardias de M\u00e9xico\u00bb siempre realiz\u00f3 con el personal a su cargo labores sociales, desde limpieza de chicles pegados en zona centro como el \u00e1rea de los portales y al interior de palacio municipal, en las labores de plantaci\u00f3n de \u00e1rboles de los que cuidan en su desarrollo.<\/p>\n\n\n\n<p>&nbsp;Particip\u00f3 en el traslado del fuego simb\u00f3lico y pergamino previo a la celebraci\u00f3n del grito de Independencia, particip\u00f3 en todos los desfiles c\u00edvicos y deportivos del municipio as\u00ed como las campa\u00f1as masivas de limpieza fue fundador y comandante de Guardias hasta que una enfermedad conocida como Cr\u00f3nica &nbsp;degenerativa le impidi\u00f3 mantenerse activo.<\/p>\n\n\n\n<p>Falleci\u00f3 este martes 11 de febrero y este d\u00eda fue sepultado en el cementerio local d\u00f3nde familiares y amigos le dieron el ultimo adi\u00f3s . Descanse en Paz\u2026!<\/p>\n\n\n\n<figure class=\"wp-block-image size-full\"><img loading=\"lazy\" decoding=\"async\" width=\"446\" height=\"528\" src=\"https:\/\/periodiconuevomilenio.com\/wp-content\/uploads\/2025\/02\/c09b6fb6-28d3-461b-947c-71a3ae285e4e.jpg\" alt=\"\" class=\"wp-image-20712\" srcset=\"https:\/\/periodiconuevomilenio.com\/wp-content\/uploads\/2025\/02\/c09b6fb6-28d3-461b-947c-71a3ae285e4e.jpg 446w, https:\/\/periodiconuevomilenio.com\/wp-content\/uploads\/2025\/02\/c09b6fb6-28d3-461b-947c-71a3ae285e4e-253x300.jpg 253w\" sizes=\"auto, (max-width: 446px) 100vw, 446px\" \/><\/figure>\n\n\n\n\n\n<p><\/p>\n\n\n\n<p><\/p>\n","protected":false},"excerpt":{"rendered":"<p>&nbsp;\u00a1Descanse en Paz\u2026.! Por ; Enrique Valadez Gonzalez Pedro P\u00e9rez Quiroz fot\u00f3grafo de profesi\u00f3n tuvo algunas colaboraciones en<\/p>\n","protected":false},"author":1,"featured_media":20712,"comment_status":"open","ping_status":"open","sticky":false,"template":"","format":"standard","meta":{"jetpack_post_was_ever_published":false,"_jetpack_newsletter_access":"","_jetpack_dont_email_post_to_subs":false,"_jetpack_newsletter_tier_id":0,"_jetpack_memberships_contains_paywalled_content":false,"_jetpack_memberships_contains_paid_content":false,"footnotes":"","jetpack_publicize_message":"","jetpack_publicize_feature_enabled":false,"jetpack_social_post_already_shared":false,"jetpack_social_options":{"image_generator_settings":{"template":"highway","enabled":false},"version":2}},"categories":[39],"tags":[22],"class_list":["post-20710","post","type-post","status-publish","format-standard","has-post-thumbnail","hentry","category-valle-de-santiago","tag-valle"],"jetpack_publicize_connections":[],"jetpack_sharing_enabled":true,"jetpack_featured_media_url":"https:\/\/periodiconuevomilenio.com\/wp-content\/uploads\/2025\/02\/c09b6fb6-28d3-461b-947c-71a3ae285e4e.jpg","_links":{"self":[{"href":"https:\/\/periodiconuevomilenio.com\/index.php\/wp-json\/wp\/v2\/posts\/20710","targetHints":{"allow":["GET"]}}],"collection":[{"href":"https:\/\/periodiconuevomilenio.com\/index.php\/wp-json\/wp\/v2\/posts"}],"about":[{"href":"https:\/\/periodiconuevomilenio.com\/index.php\/wp-json\/wp\/v2\/types\/post"}],"author":[{"embeddable":true,"href":"https:\/\/periodiconuevomilenio.com\/index.php\/wp-json\/wp\/v2\/users\/1"}],"replies":[{"embeddable":true,"href":"https:\/\/periodiconuevomilenio.com\/index.php\/wp-json\/wp\/v2\/comments?post=20710"}],"version-history":[{"count":1,"href":"https:\/\/periodiconuevomilenio.com\/index.php\/wp-json\/wp\/v2\/posts\/20710\/revisions"}],"predecessor-version":[{"id":20713,"href":"https:\/\/periodiconuevomilenio.com\/index.php\/wp-json\/wp\/v2\/posts\/20710\/revisions\/20713"}],"wp:featuredmedia":[{"embeddable":true,"href":"https:\/\/periodiconuevomilenio.com\/index.php\/wp-json\/wp\/v2\/media\/20712"}],"wp:attachment":[{"href":"https:\/\/periodiconuevomilenio.com\/index.php\/wp-json\/wp\/v2\/media?parent=20710"}],"wp:term":[{"taxonomy":"category","embeddable":true,"href":"https:\/\/periodiconuevomilenio.com\/index.php\/wp-json\/wp\/v2\/categories?post=20710"},{"taxonomy":"post_tag","embeddable":true,"href":"https:\/\/periodiconuevomilenio.com\/index.php\/wp-json\/wp\/v2\/tags?post=20710"}],"curies":[{"name":"wp","href":"https:\/\/api.w.org\/{rel}","templated":true}]}}