{"id":20720,"date":"2025-02-12T21:24:24","date_gmt":"2025-02-13T03:24:24","guid":{"rendered":"https:\/\/periodiconuevomilenio.com\/?p=20720"},"modified":"2025-02-12T21:24:25","modified_gmt":"2025-02-13T03:24:25","slug":"se-llamo-jose-manuel-la-persona-localizada-sin-vid-en-rancho-nuevo-de-guantes","status":"publish","type":"post","link":"https:\/\/periodiconuevomilenio.com\/index.php\/2025\/02\/12\/se-llamo-jose-manuel-la-persona-localizada-sin-vid-en-rancho-nuevo-de-guantes\/","title":{"rendered":"Se llam\u00f3 Jos\u00e9 Manuel, la persona localizada sin vid@ en Rancho Nuevo de Guantes."},"content":{"rendered":"\n<p>Valle de Santiago, Gto.- Fue plenamente identificado la persona que mur1\u00f3 asesinad0 a balaz0s la ma\u00f1ana de este marte 11 de febrero en la comunidad de Rancho Nuevo de Guates, informaci\u00f3n que fue revelada por la Fiscal\u00eda General de Justicia en el Estado.<br>Inform\u00f3 que La Fiscal\u00eda de Guanajuato inici\u00f3 investigaciones en torno a los hechos registrados en la colonia Rancho Nuevo de Guantes, poblado que se localiza al norte de la ciudad, casi colindando con el municipio de Salamanca.<br>La ma\u00f1ana del marte se les dio aviso sobre una persona que estaba sin vid@ en una de las vialidades de la comunidad, el cual fue indicado como Jos\u00e9 Manuel \u201cN\u201d y se investiga sobre la mec\u00e1nica de los hechos y los motivos de esta mu3rte para as\u00ed poder dar con los responsables.<br>Precisaron las autoridades de la fiscal\u00eda que El Agente del Ministerio P\u00fablico, en coordinaci\u00f3n con Agentes de Investigaci\u00f3n Criminal y peritos de campo encabeza las investigaciones.<\/p>\n\n\n\n<figure class=\"wp-block-image size-large\"><img loading=\"lazy\" decoding=\"async\" width=\"816\" height=\"1024\" src=\"https:\/\/periodiconuevomilenio.com\/wp-content\/uploads\/2025\/02\/img_1026-816x1024.jpg\" alt=\"\" class=\"wp-image-20721\" srcset=\"https:\/\/periodiconuevomilenio.com\/wp-content\/uploads\/2025\/02\/img_1026-816x1024.jpg 816w, https:\/\/periodiconuevomilenio.com\/wp-content\/uploads\/2025\/02\/img_1026-239x300.jpg 239w, https:\/\/periodiconuevomilenio.com\/wp-content\/uploads\/2025\/02\/img_1026-768x963.jpg 768w, https:\/\/periodiconuevomilenio.com\/wp-content\/uploads\/2025\/02\/img_1026-1225x1536.jpg 1225w, https:\/\/periodiconuevomilenio.com\/wp-content\/uploads\/2025\/02\/img_1026-1024x1284.jpg 1024w, https:\/\/periodiconuevomilenio.com\/wp-content\/uploads\/2025\/02\/img_1026.jpg 1566w\" sizes=\"auto, (max-width: 816px) 100vw, 816px\" \/><\/figure>\n\n\n","protected":false},"excerpt":{"rendered":"<p>Valle de Santiago, Gto.- Fue plenamente identificado la persona que mur1\u00f3 asesinad0 a balaz0s la ma\u00f1ana de este<\/p>\n","protected":false},"author":1,"featured_media":20721,"comment_status":"open","ping_status":"open","sticky":false,"template":"","format":"standard","meta":{"jetpack_post_was_ever_published":false,"_jetpack_newsletter_access":"","_jetpack_dont_email_post_to_subs":false,"_jetpack_newsletter_tier_id":0,"_jetpack_memberships_contains_paywalled_content":false,"_jetpack_memberships_contains_paid_content":false,"footnotes":"","jetpack_publicize_message":"","jetpack_publicize_feature_enabled":false,"jetpack_social_post_already_shared":false,"jetpack_social_options":{"image_generator_settings":{"template":"highway","enabled":false},"version":2}},"categories":[48,39],"tags":[22],"class_list":["post-20720","post","type-post","status-publish","format-standard","has-post-thumbnail","hentry","category-policiaca","category-valle-de-santiago","tag-valle"],"jetpack_publicize_connections":[],"jetpack_sharing_enabled":true,"jetpack_featured_media_url":"https:\/\/periodiconuevomilenio.com\/wp-content\/uploads\/2025\/02\/img_1026.jpg","_links":{"self":[{"href":"https:\/\/periodiconuevomilenio.com\/index.php\/wp-json\/wp\/v2\/posts\/20720","targetHints":{"allow":["GET"]}}],"collection":[{"href":"https:\/\/periodiconuevomilenio.com\/index.php\/wp-json\/wp\/v2\/posts"}],"about":[{"href":"https:\/\/periodiconuevomilenio.com\/index.php\/wp-json\/wp\/v2\/types\/post"}],"author":[{"embeddable":true,"href":"https:\/\/periodiconuevomilenio.com\/index.php\/wp-json\/wp\/v2\/users\/1"}],"replies":[{"embeddable":true,"href":"https:\/\/periodiconuevomilenio.com\/index.php\/wp-json\/wp\/v2\/comments?post=20720"}],"version-history":[{"count":1,"href":"https:\/\/periodiconuevomilenio.com\/index.php\/wp-json\/wp\/v2\/posts\/20720\/revisions"}],"predecessor-version":[{"id":20722,"href":"https:\/\/periodiconuevomilenio.com\/index.php\/wp-json\/wp\/v2\/posts\/20720\/revisions\/20722"}],"wp:featuredmedia":[{"embeddable":true,"href":"https:\/\/periodiconuevomilenio.com\/index.php\/wp-json\/wp\/v2\/media\/20721"}],"wp:attachment":[{"href":"https:\/\/periodiconuevomilenio.com\/index.php\/wp-json\/wp\/v2\/media?parent=20720"}],"wp:term":[{"taxonomy":"category","embeddable":true,"href":"https:\/\/periodiconuevomilenio.com\/index.php\/wp-json\/wp\/v2\/categories?post=20720"},{"taxonomy":"post_tag","embeddable":true,"href":"https:\/\/periodiconuevomilenio.com\/index.php\/wp-json\/wp\/v2\/tags?post=20720"}],"curies":[{"name":"wp","href":"https:\/\/api.w.org\/{rel}","templated":true}]}}