{"id":2113,"date":"2023-04-06T09:44:48","date_gmt":"2023-04-06T15:44:48","guid":{"rendered":"https:\/\/periodiconuevomilenio.com\/?p=2113"},"modified":"2023-04-06T09:44:50","modified_gmt":"2023-04-06T15:44:50","slug":"jueves-santo-2023","status":"publish","type":"post","link":"https:\/\/periodiconuevomilenio.com\/index.php\/2023\/04\/06\/jueves-santo-2023\/","title":{"rendered":"JUEVES SANTO 2023"},"content":{"rendered":"\n<p>El&nbsp;<strong>Jueves Santo<\/strong>&nbsp;es el d\u00eda de la&nbsp;<a href=\"https:\/\/es.wikipedia.org\/wiki\/Semana_Santa\">Semana Santa<\/a>&nbsp;que conmemora la instituci\u00f3n de la&nbsp;<a href=\"https:\/\/es.wikipedia.org\/wiki\/Eucarist%C3%ADa\">Eucarist\u00eda<\/a>&nbsp;en la&nbsp;<a href=\"https:\/\/es.wikipedia.org\/wiki\/%C3%9Altima_Cena\">\u00daltima Cena<\/a>&nbsp;y el&nbsp;<a href=\"https:\/\/es.wikipedia.org\/wiki\/Lavatorio\">lavatorio de los pies<\/a>&nbsp;realizado por&nbsp;<a href=\"https:\/\/es.wikipedia.org\/wiki\/Jes%C3%BAs\">Jes\u00fas<\/a>, seg\u00fan se describe en los&nbsp;<a href=\"https:\/\/es.wikipedia.org\/wiki\/Evangelios_can%C3%B3nicos\">evangelios can\u00f3nicos<\/a>.<sup><a href=\"https:\/\/es.wikipedia.org\/wiki\/Jueves_Santo#cite_note-Story2-1\">1<\/a><\/sup>\u200b<\/p>\n\n\n\n<p>Es el quinto d\u00eda de la Semana Santa, precedido por el&nbsp;<a href=\"https:\/\/es.wikipedia.org\/wiki\/Mi%C3%A9rcoles_Santo\">Mi\u00e9rcoles Santo<\/a>&nbsp;y seguido por el&nbsp;<a href=\"https:\/\/es.wikipedia.org\/wiki\/Viernes_Santo\">Viernes Santo<\/a><\/p>\n\n\n\n<p>El Jueves Santo destaca por ser el d\u00eda en que se celebra la misa crismal en cada di\u00f3cesis. Suele celebrarse en la catedral diocesana, generalmente en la ma\u00f1ana del Jueves Santo, pero en algunas di\u00f3cesis puede tener lugar otro d\u00eda de la Semana Santa.<sup><a href=\"https:\/\/es.wikipedia.org\/wiki\/Jueves_Santo#cite_note-6\">6<\/a><\/sup>\u200b La Misa es una celebraci\u00f3n de la instituci\u00f3n del sacerdocio.<\/p>\n","protected":false},"excerpt":{"rendered":"<p>El&nbsp;Jueves Santo&nbsp;es el d\u00eda de la&nbsp;Semana Santa&nbsp;que conmemora la instituci\u00f3n de la&nbsp;Eucarist\u00eda&nbsp;en la&nbsp;\u00daltima Cena&nbsp;y el&nbsp;lavatorio de los pies&nbsp;realizado<\/p>\n","protected":false},"author":1,"featured_media":2114,"comment_status":"open","ping_status":"open","sticky":false,"template":"","format":"standard","meta":{"jetpack_post_was_ever_published":false,"_jetpack_newsletter_access":"","_jetpack_dont_email_post_to_subs":false,"_jetpack_newsletter_tier_id":0,"_jetpack_memberships_contains_paywalled_content":false,"_jetpack_memberships_contains_paid_content":false,"footnotes":"","jetpack_publicize_message":"","jetpack_publicize_feature_enabled":false,"jetpack_social_post_already_shared":false,"jetpack_social_options":{"image_generator_settings":{"template":"highway","enabled":false},"version":2}},"categories":[31],"tags":[22],"class_list":["post-2113","post","type-post","status-publish","format-standard","has-post-thumbnail","hentry","category-estado","tag-valle"],"jetpack_publicize_connections":[],"jetpack_sharing_enabled":true,"jetpack_featured_media_url":"https:\/\/periodiconuevomilenio.com\/wp-content\/uploads\/2023\/04\/img_0079-1-1-scaled.jpg","_links":{"self":[{"href":"https:\/\/periodiconuevomilenio.com\/index.php\/wp-json\/wp\/v2\/posts\/2113","targetHints":{"allow":["GET"]}}],"collection":[{"href":"https:\/\/periodiconuevomilenio.com\/index.php\/wp-json\/wp\/v2\/posts"}],"about":[{"href":"https:\/\/periodiconuevomilenio.com\/index.php\/wp-json\/wp\/v2\/types\/post"}],"author":[{"embeddable":true,"href":"https:\/\/periodiconuevomilenio.com\/index.php\/wp-json\/wp\/v2\/users\/1"}],"replies":[{"embeddable":true,"href":"https:\/\/periodiconuevomilenio.com\/index.php\/wp-json\/wp\/v2\/comments?post=2113"}],"version-history":[{"count":1,"href":"https:\/\/periodiconuevomilenio.com\/index.php\/wp-json\/wp\/v2\/posts\/2113\/revisions"}],"predecessor-version":[{"id":2115,"href":"https:\/\/periodiconuevomilenio.com\/index.php\/wp-json\/wp\/v2\/posts\/2113\/revisions\/2115"}],"wp:featuredmedia":[{"embeddable":true,"href":"https:\/\/periodiconuevomilenio.com\/index.php\/wp-json\/wp\/v2\/media\/2114"}],"wp:attachment":[{"href":"https:\/\/periodiconuevomilenio.com\/index.php\/wp-json\/wp\/v2\/media?parent=2113"}],"wp:term":[{"taxonomy":"category","embeddable":true,"href":"https:\/\/periodiconuevomilenio.com\/index.php\/wp-json\/wp\/v2\/categories?post=2113"},{"taxonomy":"post_tag","embeddable":true,"href":"https:\/\/periodiconuevomilenio.com\/index.php\/wp-json\/wp\/v2\/tags?post=2113"}],"curies":[{"name":"wp","href":"https:\/\/api.w.org\/{rel}","templated":true}]}}