{"id":2126,"date":"2023-04-07T08:54:52","date_gmt":"2023-04-07T14:54:52","guid":{"rendered":"https:\/\/periodiconuevomilenio.com\/?p=2126"},"modified":"2023-04-07T08:54:54","modified_gmt":"2023-04-07T14:54:54","slug":"ejecucion-en-la-alameda-de-valle","status":"publish","type":"post","link":"https:\/\/periodiconuevomilenio.com\/index.php\/2023\/04\/07\/ejecucion-en-la-alameda-de-valle\/","title":{"rendered":"<strong>Ejecuci\u00f3n en la Alameda de Valle<\/strong>"},"content":{"rendered":"\n<p>En pleno Jueves Santo y en un lugar muy emblem\u00e1tico<\/p>\n\n\n\n<p>VALLE DE SANTIAGO, GTO.- Una persona a la que aparentemente la &nbsp;&nbsp;identificaron como Mario, N. Fue muerto a Balzos en jueves Santo y en la Alameda, su cuerpo presento varios impactos de arma de fuego.<\/p>\n\n\n\n<p>De acuerdo al reporte de la comisaria de Seguridad p\u00fablica alrededor de las&nbsp; las 23:56 horas del d\u00eda 6 de abril, &nbsp;se recibi\u00f3 un reporte a trav\u00e9s del sistema de emergencia 911 de que en la Alameda municipal por la &nbsp;calle Colon &nbsp;entre Ju\u00e1rez y Ocampo , se&nbsp; hab\u00edan escuchado disparos de arma de fuego y hab\u00eda una persona herida.<\/p>\n\n\n\n<p>&nbsp;Al arribare al lugar los polic\u00edas como primeros respondientes encontraron a una persona del sexo masculino tendido en el piso y a un costado de \u00e9l una motocicleta roja, as\u00ed como varias personas observando.<\/p>\n\n\n\n<p>&nbsp;Se solicita de inmediato &nbsp;pide apoyo de una unidad de primeros auxilios, llegando la unidad M-17 de bomberos, Quien despu\u00e9s revisarlos, dijo que &nbsp;ya no contaba con signos vitales.<\/p>\n\n\n\n<p>Se procede a delimitar el \u00e1rea con cinta amarilla y colocar vasos sobre los casquillos que se aprecian a simple vista para preservar el lugar de los hechos<\/p>\n\n\n\n<p>M\u00e1s tarde hicieron acto de presencia al lugar elementos de la fiscal\u00eda, de \u00e1rea de investigaci\u00f3n &nbsp;criminal para abrir una carpeta y recabar todos los indicios &nbsp;primero para conocer la identidad de la persona y saber la mec\u00e1nica de los&nbsp; hechos &nbsp;para &nbsp;dar con los responsables de este crimen.<\/p>\n\n\n\n<figure class=\"wp-block-image size-large\"><img loading=\"lazy\" decoding=\"async\" width=\"1024\" height=\"768\" src=\"https:\/\/periodiconuevomilenio.com\/wp-content\/uploads\/2023\/04\/d374d12b-c616-4376-bffb-162f0dcae41a-1024x768.jpg\" alt=\"\" class=\"wp-image-2127\" srcset=\"https:\/\/periodiconuevomilenio.com\/wp-content\/uploads\/2023\/04\/d374d12b-c616-4376-bffb-162f0dcae41a-1024x768.jpg 1024w, https:\/\/periodiconuevomilenio.com\/wp-content\/uploads\/2023\/04\/d374d12b-c616-4376-bffb-162f0dcae41a-300x225.jpg 300w, https:\/\/periodiconuevomilenio.com\/wp-content\/uploads\/2023\/04\/d374d12b-c616-4376-bffb-162f0dcae41a-768x576.jpg 768w, https:\/\/periodiconuevomilenio.com\/wp-content\/uploads\/2023\/04\/d374d12b-c616-4376-bffb-162f0dcae41a.jpg 1152w\" sizes=\"auto, (max-width: 1024px) 100vw, 1024px\" \/><\/figure>\n\n\n\n<figure class=\"wp-block-image size-large\"><img loading=\"lazy\" decoding=\"async\" width=\"1024\" height=\"683\" src=\"https:\/\/periodiconuevomilenio.com\/wp-content\/uploads\/2023\/04\/img_0532-1024x683.jpg\" alt=\"\" class=\"wp-image-2128\" srcset=\"https:\/\/periodiconuevomilenio.com\/wp-content\/uploads\/2023\/04\/img_0532-1024x683.jpg 1024w, https:\/\/periodiconuevomilenio.com\/wp-content\/uploads\/2023\/04\/img_0532-300x200.jpg 300w, https:\/\/periodiconuevomilenio.com\/wp-content\/uploads\/2023\/04\/img_0532-768x512.jpg 768w, https:\/\/periodiconuevomilenio.com\/wp-content\/uploads\/2023\/04\/img_0532-1536x1024.jpg 1536w, https:\/\/periodiconuevomilenio.com\/wp-content\/uploads\/2023\/04\/img_0532-2048x1365.jpg 2048w\" sizes=\"auto, (max-width: 1024px) 100vw, 1024px\" \/><\/figure>\n","protected":false},"excerpt":{"rendered":"<p>En pleno Jueves Santo y en un lugar muy emblem\u00e1tico VALLE DE SANTIAGO, GTO.- Una persona a la<\/p>\n","protected":false},"author":1,"featured_media":2128,"comment_status":"open","ping_status":"open","sticky":false,"template":"","format":"standard","meta":{"jetpack_post_was_ever_published":false,"_jetpack_newsletter_access":"","_jetpack_dont_email_post_to_subs":false,"_jetpack_newsletter_tier_id":0,"_jetpack_memberships_contains_paywalled_content":false,"_jetpack_memberships_contains_paid_content":false,"footnotes":"","jetpack_publicize_message":"","jetpack_publicize_feature_enabled":false,"jetpack_social_post_already_shared":false,"jetpack_social_options":{"image_generator_settings":{"template":"highway","enabled":false},"version":2}},"categories":[48,39],"tags":[22],"class_list":["post-2126","post","type-post","status-publish","format-standard","has-post-thumbnail","hentry","category-policiaca","category-valle-de-santiago","tag-valle"],"jetpack_publicize_connections":[],"jetpack_sharing_enabled":true,"jetpack_featured_media_url":"https:\/\/periodiconuevomilenio.com\/wp-content\/uploads\/2023\/04\/img_0532-scaled.jpg","_links":{"self":[{"href":"https:\/\/periodiconuevomilenio.com\/index.php\/wp-json\/wp\/v2\/posts\/2126","targetHints":{"allow":["GET"]}}],"collection":[{"href":"https:\/\/periodiconuevomilenio.com\/index.php\/wp-json\/wp\/v2\/posts"}],"about":[{"href":"https:\/\/periodiconuevomilenio.com\/index.php\/wp-json\/wp\/v2\/types\/post"}],"author":[{"embeddable":true,"href":"https:\/\/periodiconuevomilenio.com\/index.php\/wp-json\/wp\/v2\/users\/1"}],"replies":[{"embeddable":true,"href":"https:\/\/periodiconuevomilenio.com\/index.php\/wp-json\/wp\/v2\/comments?post=2126"}],"version-history":[{"count":1,"href":"https:\/\/periodiconuevomilenio.com\/index.php\/wp-json\/wp\/v2\/posts\/2126\/revisions"}],"predecessor-version":[{"id":2129,"href":"https:\/\/periodiconuevomilenio.com\/index.php\/wp-json\/wp\/v2\/posts\/2126\/revisions\/2129"}],"wp:featuredmedia":[{"embeddable":true,"href":"https:\/\/periodiconuevomilenio.com\/index.php\/wp-json\/wp\/v2\/media\/2128"}],"wp:attachment":[{"href":"https:\/\/periodiconuevomilenio.com\/index.php\/wp-json\/wp\/v2\/media?parent=2126"}],"wp:term":[{"taxonomy":"category","embeddable":true,"href":"https:\/\/periodiconuevomilenio.com\/index.php\/wp-json\/wp\/v2\/categories?post=2126"},{"taxonomy":"post_tag","embeddable":true,"href":"https:\/\/periodiconuevomilenio.com\/index.php\/wp-json\/wp\/v2\/tags?post=2126"}],"curies":[{"name":"wp","href":"https:\/\/api.w.org\/{rel}","templated":true}]}}