{"id":2130,"date":"2023-04-08T09:40:21","date_gmt":"2023-04-08T15:40:21","guid":{"rendered":"https:\/\/periodiconuevomilenio.com\/?p=2130"},"modified":"2023-04-08T09:40:23","modified_gmt":"2023-04-08T15:40:23","slug":"ya-estan-en-la-carcel-el-que-mato-a-hernan-y-al-chamoy","status":"publish","type":"post","link":"https:\/\/periodiconuevomilenio.com\/index.php\/2023\/04\/08\/ya-estan-en-la-carcel-el-que-mato-a-hernan-y-al-chamoy\/","title":{"rendered":"Ya est\u00e1n en la C\u00e1rcel el que Mato \u00a0a Hern\u00e1n y al Chamoy"},"content":{"rendered":"\n<p>JARAL DEL PROGRESO, GTO Gto.- Jaral del Progreso, Gto.- Marco Antonio, alias \u201cEl To\u00f1o\u201d, fue vinculado a proceso en calidad de coautor en el delito de homicidio calificado.<\/p>\n\n\n\n<p>La Fiscal\u00eda General del Estado present\u00f3 pruebas que le atribuyen al acusado su probable responsabilidad en el asesinato de Jos\u00e9 Mar\u00eda de 29 a\u00f1os y H\u00e9ctor Hern\u00e1n, de 26 a\u00f1os.<\/p>\n\n\n\n<p><strong>El pasado 29 de marzo del a\u00f1o en curso, aproximadamente las 20:00 horas, los ofendidos se<\/strong> encontraban en la colonia Josefa Ortiz de Dom\u00ednguez en Jaral del Progreso, cuando \u201cEl To\u00f1o\u201d portando un arma de fuego, se acerc\u00f3 a los ofendidos y les dispar\u00f3 en m\u00faltiples ocasiones, hasta dejarlos sin vida.<\/p>\n\n\n\n<p>&nbsp; De acuerdo a la informaci\u00f3n \u00abEl To\u00f1o\u00bb es el responsable de la muerte de \u00abEl Chamoy\u00bb y Hern\u00e1n, quienes fueron abatidos en la colonia Josefa Ort\u00edz de Dom\u00ednguez el d\u00eda se\u00f1alado.<\/p>\n\n\n\n<p>En esa fecha tambi\u00e9n se public\u00f3 que un sujeto entonces desconocido, hab\u00eda llegado en una moto, para dispararles, y que luego se dio a la fuga.<\/p>\n\n\n\n<p>Todo esto, como se se\u00f1ala ocurri\u00f3 el d\u00eda mi\u00e9rcoles 29 de marzo.<\/p>\n\n\n\n<p><strong>\u00a0<\/strong><\/p>\n\n\n\n<p><strong>\u00a0<\/strong><\/p>\n","protected":false},"excerpt":{"rendered":"<p>JARAL DEL PROGRESO, GTO Gto.- Jaral del Progreso, Gto.- Marco Antonio, alias \u201cEl To\u00f1o\u201d, fue vinculado a proceso<\/p>\n","protected":false},"author":1,"featured_media":2131,"comment_status":"open","ping_status":"open","sticky":false,"template":"","format":"standard","meta":{"jetpack_post_was_ever_published":false,"_jetpack_newsletter_access":"","_jetpack_dont_email_post_to_subs":false,"_jetpack_newsletter_tier_id":0,"_jetpack_memberships_contains_paywalled_content":false,"_jetpack_memberships_contains_paid_content":false,"footnotes":"","jetpack_publicize_message":"","jetpack_publicize_feature_enabled":false,"jetpack_social_post_already_shared":false,"jetpack_social_options":{"image_generator_settings":{"template":"highway","enabled":false},"version":2}},"categories":[34,48],"tags":[23],"class_list":["post-2130","post","type-post","status-publish","format-standard","has-post-thumbnail","hentry","category-jaral-del-progreso","category-policiaca","tag-jaral"],"jetpack_publicize_connections":[],"jetpack_sharing_enabled":true,"jetpack_featured_media_url":"https:\/\/periodiconuevomilenio.com\/wp-content\/uploads\/2023\/04\/El-Tono.jpeg","_links":{"self":[{"href":"https:\/\/periodiconuevomilenio.com\/index.php\/wp-json\/wp\/v2\/posts\/2130","targetHints":{"allow":["GET"]}}],"collection":[{"href":"https:\/\/periodiconuevomilenio.com\/index.php\/wp-json\/wp\/v2\/posts"}],"about":[{"href":"https:\/\/periodiconuevomilenio.com\/index.php\/wp-json\/wp\/v2\/types\/post"}],"author":[{"embeddable":true,"href":"https:\/\/periodiconuevomilenio.com\/index.php\/wp-json\/wp\/v2\/users\/1"}],"replies":[{"embeddable":true,"href":"https:\/\/periodiconuevomilenio.com\/index.php\/wp-json\/wp\/v2\/comments?post=2130"}],"version-history":[{"count":1,"href":"https:\/\/periodiconuevomilenio.com\/index.php\/wp-json\/wp\/v2\/posts\/2130\/revisions"}],"predecessor-version":[{"id":2132,"href":"https:\/\/periodiconuevomilenio.com\/index.php\/wp-json\/wp\/v2\/posts\/2130\/revisions\/2132"}],"wp:featuredmedia":[{"embeddable":true,"href":"https:\/\/periodiconuevomilenio.com\/index.php\/wp-json\/wp\/v2\/media\/2131"}],"wp:attachment":[{"href":"https:\/\/periodiconuevomilenio.com\/index.php\/wp-json\/wp\/v2\/media?parent=2130"}],"wp:term":[{"taxonomy":"category","embeddable":true,"href":"https:\/\/periodiconuevomilenio.com\/index.php\/wp-json\/wp\/v2\/categories?post=2130"},{"taxonomy":"post_tag","embeddable":true,"href":"https:\/\/periodiconuevomilenio.com\/index.php\/wp-json\/wp\/v2\/tags?post=2130"}],"curies":[{"name":"wp","href":"https:\/\/api.w.org\/{rel}","templated":true}]}}