{"id":21364,"date":"2025-03-02T10:33:34","date_gmt":"2025-03-02T16:33:34","guid":{"rendered":"https:\/\/periodiconuevomilenio.com\/?p=21364"},"modified":"2025-03-02T10:33:36","modified_gmt":"2025-03-02T16:33:36","slug":"hombre-esta-en-la-carcel-vinculado-a-proceso-por-el-homicidio-de-su-sobrino-en-apaseo-el-alto","status":"publish","type":"post","link":"https:\/\/periodiconuevomilenio.com\/index.php\/2025\/03\/02\/hombre-esta-en-la-carcel-vinculado-a-proceso-por-el-homicidio-de-su-sobrino-en-apaseo-el-alto\/","title":{"rendered":"HOMBRE EST\u00c1 EN LA C\u00c1RCEL VINCULADO A PROCESO POR EL HOMICIDIO DE SU SOBRINO EN APASEO EL ALTO"},"content":{"rendered":"\n<p>Un hecho violento conmocion\u00f3 a la Comunidad Esmeralda, en Apaseo el Alto donde un menor de edad falleci\u00f3 tras ser agredido brutalmente por su t\u00edo dentro de su propio hogar.<\/p>\n\n\n\n<p>De acuerdo con las investigaciones, <strong>ISMAEL \u00abN\u00bb <\/strong>se encontr\u00f3 en su domicilio en compa\u00f1\u00eda de su sobrino, identificado con las iniciales SLN, cuando, por motivos a\u00fan bajo indagaci\u00f3n, lo golpe\u00f3 en la cabeza y diversas partes del cuerpo con un palo de madera &nbsp;que &nbsp;utilizaba &nbsp;como &nbsp;bast\u00f3n. &nbsp;El &nbsp;menor fue &nbsp;trasladado&nbsp; de &nbsp;urgencia &nbsp;por familiares al <strong>Hospital Comunitario de Apaseo el Alto<\/strong>, donde recibi\u00f3 atenci\u00f3n m\u00e9dica, pero lamentablemente perdi\u00f3 la vida a consecuencia de un <strong>traumatismo craneoencef\u00e1lico<\/strong>.<\/p>\n\n\n\n<p>Tras analizar los elementos de prueba, la autoridad judicial lo <strong>vincul\u00f3 a proceso <\/strong>penal por el delito de <strong>homicidio calificado<\/strong>. Adem\u00e1s, se le impuso la medida cautelar de <strong>prisi\u00f3n preventiva oficiosa <\/strong>durante el tiempo que dure el procedimiento.<\/p>\n\n\n\n<p>El plazo para la <strong>investigaci\u00f3n complementaria <\/strong>fue establecido en <strong>tres meses<\/strong><\/p>\n\n\n\n<p>La Fiscal\u00eda General del Estado de Guanajuato reitera su compromiso con la procuraci\u00f3n de justicia y deja en claro que <strong>no habr\u00e1 impunidad <\/strong>hecho delictivo, menos los que se cometan en agravio de ni\u00f1os, ni\u00f1as y todos los grupos vulnerables; garantizando que quienes cometan actos de violencia ser\u00e1n presentados ante los tribunales.<\/p>\n\n\n\n<figure class=\"wp-block-image size-large\"><img loading=\"lazy\" decoding=\"async\" width=\"819\" height=\"1024\" src=\"https:\/\/periodiconuevomilenio.com\/wp-content\/uploads\/2025\/03\/bb4218fe-43ca-48df-b7fa-b4ae0430fc5b-819x1024.jpg\" alt=\"\" class=\"wp-image-21365\" srcset=\"https:\/\/periodiconuevomilenio.com\/wp-content\/uploads\/2025\/03\/bb4218fe-43ca-48df-b7fa-b4ae0430fc5b-819x1024.jpg 819w, https:\/\/periodiconuevomilenio.com\/wp-content\/uploads\/2025\/03\/bb4218fe-43ca-48df-b7fa-b4ae0430fc5b-240x300.jpg 240w, https:\/\/periodiconuevomilenio.com\/wp-content\/uploads\/2025\/03\/bb4218fe-43ca-48df-b7fa-b4ae0430fc5b-768x960.jpg 768w, https:\/\/periodiconuevomilenio.com\/wp-content\/uploads\/2025\/03\/bb4218fe-43ca-48df-b7fa-b4ae0430fc5b-1024x1280.jpg 1024w, https:\/\/periodiconuevomilenio.com\/wp-content\/uploads\/2025\/03\/bb4218fe-43ca-48df-b7fa-b4ae0430fc5b.jpg 1080w\" sizes=\"auto, (max-width: 819px) 100vw, 819px\" \/><\/figure>\n\n\n","protected":false},"excerpt":{"rendered":"<p>Un hecho violento conmocion\u00f3 a la Comunidad Esmeralda, en Apaseo el Alto donde un menor de edad falleci\u00f3<\/p>\n","protected":false},"author":1,"featured_media":21365,"comment_status":"open","ping_status":"open","sticky":false,"template":"","format":"standard","meta":{"jetpack_post_was_ever_published":false,"_jetpack_newsletter_access":"","_jetpack_dont_email_post_to_subs":false,"_jetpack_newsletter_tier_id":0,"_jetpack_memberships_contains_paywalled_content":false,"_jetpack_memberships_contains_paid_content":false,"footnotes":"","jetpack_publicize_message":"","jetpack_publicize_feature_enabled":false,"jetpack_social_post_already_shared":false,"jetpack_social_options":{"image_generator_settings":{"template":"highway","enabled":false},"version":2}},"categories":[31],"tags":[51],"class_list":["post-21364","post","type-post","status-publish","format-standard","has-post-thumbnail","hentry","category-estado","tag-estado"],"jetpack_publicize_connections":[],"jetpack_sharing_enabled":true,"jetpack_featured_media_url":"https:\/\/periodiconuevomilenio.com\/wp-content\/uploads\/2025\/03\/bb4218fe-43ca-48df-b7fa-b4ae0430fc5b.jpg","_links":{"self":[{"href":"https:\/\/periodiconuevomilenio.com\/index.php\/wp-json\/wp\/v2\/posts\/21364","targetHints":{"allow":["GET"]}}],"collection":[{"href":"https:\/\/periodiconuevomilenio.com\/index.php\/wp-json\/wp\/v2\/posts"}],"about":[{"href":"https:\/\/periodiconuevomilenio.com\/index.php\/wp-json\/wp\/v2\/types\/post"}],"author":[{"embeddable":true,"href":"https:\/\/periodiconuevomilenio.com\/index.php\/wp-json\/wp\/v2\/users\/1"}],"replies":[{"embeddable":true,"href":"https:\/\/periodiconuevomilenio.com\/index.php\/wp-json\/wp\/v2\/comments?post=21364"}],"version-history":[{"count":1,"href":"https:\/\/periodiconuevomilenio.com\/index.php\/wp-json\/wp\/v2\/posts\/21364\/revisions"}],"predecessor-version":[{"id":21366,"href":"https:\/\/periodiconuevomilenio.com\/index.php\/wp-json\/wp\/v2\/posts\/21364\/revisions\/21366"}],"wp:featuredmedia":[{"embeddable":true,"href":"https:\/\/periodiconuevomilenio.com\/index.php\/wp-json\/wp\/v2\/media\/21365"}],"wp:attachment":[{"href":"https:\/\/periodiconuevomilenio.com\/index.php\/wp-json\/wp\/v2\/media?parent=21364"}],"wp:term":[{"taxonomy":"category","embeddable":true,"href":"https:\/\/periodiconuevomilenio.com\/index.php\/wp-json\/wp\/v2\/categories?post=21364"},{"taxonomy":"post_tag","embeddable":true,"href":"https:\/\/periodiconuevomilenio.com\/index.php\/wp-json\/wp\/v2\/tags?post=21364"}],"curies":[{"name":"wp","href":"https:\/\/api.w.org\/{rel}","templated":true}]}}