{"id":21462,"date":"2025-03-05T16:02:38","date_gmt":"2025-03-05T22:02:38","guid":{"rendered":"https:\/\/periodiconuevomilenio.com\/?p=21462"},"modified":"2025-03-05T16:02:39","modified_gmt":"2025-03-05T22:02:39","slug":"cuenta-fge-con-lineas-solidas-en-caso-del-homicidio-de-kristian-uriel-martinez-zavala","status":"publish","type":"post","link":"https:\/\/periodiconuevomilenio.com\/index.php\/2025\/03\/05\/cuenta-fge-con-lineas-solidas-en-caso-del-homicidio-de-kristian-uriel-martinez-zavala\/","title":{"rendered":"Cuenta FGE con l\u00edneas s\u00f3lidas en caso del homicidio de Kristian Uriel Mart\u00ednez Zavala"},"content":{"rendered":"\n<ul class=\"wp-block-list\">\n<li><strong>La Gobernadora Libia Dennise refrend\u00f3 su respaldo al gremio period\u00edstico de Guanajuato.<\/strong><\/li>\n<\/ul>\n\n\n\n<ul class=\"wp-block-list\">\n<li><strong>En Sesi\u00f3n Extraordinaria del Consejo Estatal de Protecci\u00f3n a Personas Defensoras de Derechos Humanos y Periodistas, el Fiscal General rindi\u00f3 un informe de los casos de periodistas v\u00edctimas de homicidio.<\/strong><\/li>\n<\/ul>\n\n\n\n<p><strong>Le\u00f3n, Gto. 05 de marzo de 2025<\/strong>. &nbsp;La Fiscal\u00eda General del Estado cuenta con l\u00edneas s\u00f3lidas de investigaci\u00f3n por el homicidio del periodista Kristian Uriel Mart\u00ednez Zavala, aplicando de manera puntual el Protocolo Homologado de Investigaci\u00f3n de Delitos Cometidos Contra la Libertad de Expresi\u00f3n.<\/p>\n\n\n\n<p>En sesi\u00f3n extraordinaria a la que asisti\u00f3 la Gobernadora, Libia Dennise Garc\u00eda Mu\u00f1oz Ledo, y que presidi\u00f3 el Secretario de Gobierno, Jorge Daniel Jim\u00e9nez Lona; el Fiscal General del Estado, Gerardo V\u00e1zquez Alatriste, rindi\u00f3 un informe de cinco casos de periodistas asesinados y un intento de homicidio en Guanajuato.<\/p>\n\n\n\n<p>El Protocolo Homologado de Investigaci\u00f3n de Delitos Cometidos Contra la Libertad de Expresi\u00f3n, involucra el an\u00e1lisis de todos los elementos que pueden incidir en la carpeta de investigaci\u00f3n aperturada, entre los cuales destaca: el tipo de informaci\u00f3n publicada, las fuentes informativas, an\u00e1lisis de contexto y georreferenciaci\u00f3n sobre agresiones.<\/p>\n\n\n\n<p>En el caso de Kristian Uriel Mart\u00ednez Zavala del municipio de Silao, la FGE inform\u00f3 que con base al Protocolo Homologado de Investigaci\u00f3n de Delitos Cometidos Contra la Libertad de Expresi\u00f3n, se revisan todas las publicaciones que realiz\u00f3 desde el 25 de mayo de 2021, fecha en la que denunci\u00f3 que fue agredido luego de una cobertura electoral.<\/p>\n\n\n\n<p>Adem\u00e1s, se est\u00e1 revisando nuevamente la carpeta de investigaci\u00f3n de la denuncia que present\u00f3. A esto se suma la revisi\u00f3n de c\u00e1maras de videovigilancia.<\/p>\n\n\n\n<p>El Fiscal General, Gerardo V\u00e1zquez Alatriste mencion\u00f3 que en el caso de Alejandro Alfredo Mart\u00ednez Noguez, del municipio de Celaya y conocido como \u201cEl Hijo del Llanero Solititito\u201d, hasta el momento contin\u00faa la investigaci\u00f3n que incluye la l\u00ednea del ejercicio period\u00edstico.<\/p>\n\n\n\n<p>Con respecto a los homicidios de V\u00edctor Manuel Jim\u00e9nez Campos, del municipio de Celaya y de Gerardo Nieto \u00c1lvarez, del municipio de Comonfort, la Fiscal\u00eda General del Estado determin\u00f3 que hasta el momento no existen elementos que vinculen los homicidios por motivos de su labor period\u00edstica.<\/p>\n\n\n\n<p>En el caso de Ernesto M\u00e9ndez P\u00e9rez, del municipio de San Luis de la Paz, el Fiscal General, detall\u00f3 que no tiene vinculaci\u00f3n con la labor period\u00edstica; ya hay un detenido, vinculado a proceso y esperando sentencia.<\/p>\n\n\n\n<p>Respecto al intento de homicidio de Ismael Flores \u00c1lvarez, del municipio de Dolores Hidalgo, se inform\u00f3 que el periodista que trabajaba como guardia de seguridad al momento de la agresi\u00f3n, no existe dato alguno que establezca que \u00e9sta derive de la labor period\u00edstica.<\/p>\n\n\n\n<p>En el marco de la sesi\u00f3n se mencion\u00f3 que en el caso del periodista Israel V\u00e1zquez Rangel del municipio de Salamanca, asesinado por su labor period\u00edstica, hay dos personas sentenciadas.<\/p>\n\n\n\n<p>En la sesi\u00f3n extraordinaria la Gobernadora Libia Dennise Garc\u00eda Mu\u00f1oz Ledo, refrend\u00f3 el respaldo al gremio period\u00edstico para que realicen su labor con plena libertad; dijo que el estado tiene que seguir reforzando el actuar, ya que cada situaci\u00f3n presenta retos de c\u00f3mo abordarlos y atenderlos.<\/p>\n\n\n\n<p>\u201cQueda patente el trabajo que se est\u00e1 realizando, hay un equipo bien comprometido. Ha sido fundamental la visi\u00f3n de los periodistas, agradezco y reconozco el trabajo que ha realizado este Consejo que ha tenido una visi\u00f3n de construir\u201d, se\u00f1al\u00f3.<\/p>\n\n\n\n<p>En la sesi\u00f3n participaron el presidente del Consejo y Secretario de Gobierno, Jorge Daniel Jim\u00e9nez Lona; y los consejeros Gerardo V\u00e1zquez Alatriste, Fiscal General del Estado; Juan Mauro Gonz\u00e1lez Mart\u00ednez, Secretario de Seguridad y Paz; Arcelia Mar\u00eda Gonz\u00e1lez Gonz\u00e1lez, Secretaria de la Honestidad; Alfonso Ruiz Chico, consejero del Poder Judicial; Karla Gabriela Alcaraz Olvera, titular de la Procuradur\u00eda de los Derechos Humanos del Estado de Guanajuato. Tambi\u00e9n estuvieron presentes los consejeros periodistas Sof\u00eda Negrete, Carlos Garc\u00eda y Jos\u00e9 Meza.<\/p>\n\n\n\n<figure class=\"wp-block-image size-large\"><img loading=\"lazy\" decoding=\"async\" width=\"1024\" height=\"625\" src=\"https:\/\/periodiconuevomilenio.com\/wp-content\/uploads\/2025\/03\/Sesion-Consejo-Estatal-de-Proteccion-a-Personas-Defensoras-de-Derechos-Humanos-y-Periodistas-1-1024x625.jpg\" alt=\"\" class=\"wp-image-21469\" srcset=\"https:\/\/periodiconuevomilenio.com\/wp-content\/uploads\/2025\/03\/Sesion-Consejo-Estatal-de-Proteccion-a-Personas-Defensoras-de-Derechos-Humanos-y-Periodistas-1-1024x625.jpg 1024w, https:\/\/periodiconuevomilenio.com\/wp-content\/uploads\/2025\/03\/Sesion-Consejo-Estatal-de-Proteccion-a-Personas-Defensoras-de-Derechos-Humanos-y-Periodistas-1-300x183.jpg 300w, https:\/\/periodiconuevomilenio.com\/wp-content\/uploads\/2025\/03\/Sesion-Consejo-Estatal-de-Proteccion-a-Personas-Defensoras-de-Derechos-Humanos-y-Periodistas-1-768x469.jpg 768w, https:\/\/periodiconuevomilenio.com\/wp-content\/uploads\/2025\/03\/Sesion-Consejo-Estatal-de-Proteccion-a-Personas-Defensoras-de-Derechos-Humanos-y-Periodistas-1-1536x937.jpg 1536w, https:\/\/periodiconuevomilenio.com\/wp-content\/uploads\/2025\/03\/Sesion-Consejo-Estatal-de-Proteccion-a-Personas-Defensoras-de-Derechos-Humanos-y-Periodistas-1-2048x1250.jpg 2048w\" sizes=\"auto, (max-width: 1024px) 100vw, 1024px\" \/><\/figure>\n\n\n\n<figure class=\"wp-block-gallery has-nested-images columns-default is-cropped wp-block-gallery-1 is-layout-flex wp-block-gallery-is-layout-flex\">\n<figure class=\"wp-block-image size-large\"><img loading=\"lazy\" decoding=\"async\" width=\"1024\" height=\"683\" data-id=\"21470\" src=\"https:\/\/periodiconuevomilenio.com\/wp-content\/uploads\/2025\/03\/Sesion-Consejo-Estatal-de-Proteccion-a-Personas-Defensoras-de-Derechos-Humanos-y-Periodistas-3-1-1024x683.jpg\" alt=\"\" class=\"wp-image-21470\" srcset=\"https:\/\/periodiconuevomilenio.com\/wp-content\/uploads\/2025\/03\/Sesion-Consejo-Estatal-de-Proteccion-a-Personas-Defensoras-de-Derechos-Humanos-y-Periodistas-3-1-1024x683.jpg 1024w, https:\/\/periodiconuevomilenio.com\/wp-content\/uploads\/2025\/03\/Sesion-Consejo-Estatal-de-Proteccion-a-Personas-Defensoras-de-Derechos-Humanos-y-Periodistas-3-1-300x200.jpg 300w, https:\/\/periodiconuevomilenio.com\/wp-content\/uploads\/2025\/03\/Sesion-Consejo-Estatal-de-Proteccion-a-Personas-Defensoras-de-Derechos-Humanos-y-Periodistas-3-1-768x512.jpg 768w, https:\/\/periodiconuevomilenio.com\/wp-content\/uploads\/2025\/03\/Sesion-Consejo-Estatal-de-Proteccion-a-Personas-Defensoras-de-Derechos-Humanos-y-Periodistas-3-1-1536x1024.jpg 1536w, https:\/\/periodiconuevomilenio.com\/wp-content\/uploads\/2025\/03\/Sesion-Consejo-Estatal-de-Proteccion-a-Personas-Defensoras-de-Derechos-Humanos-y-Periodistas-3-1-2048x1365.jpg 2048w\" sizes=\"auto, (max-width: 1024px) 100vw, 1024px\" \/><\/figure>\n\n\n\n<figure class=\"wp-block-image size-large\"><img loading=\"lazy\" decoding=\"async\" width=\"1024\" height=\"651\" data-id=\"21465\" src=\"https:\/\/periodiconuevomilenio.com\/wp-content\/uploads\/2025\/03\/Sesion-Consejo-Estatal-de-Proteccion-a-Personas-Defensoras-de-Derechos-Humanos-y-Periodistas-5-1024x651.jpg\" alt=\"\" class=\"wp-image-21465\" srcset=\"https:\/\/periodiconuevomilenio.com\/wp-content\/uploads\/2025\/03\/Sesion-Consejo-Estatal-de-Proteccion-a-Personas-Defensoras-de-Derechos-Humanos-y-Periodistas-5-1024x651.jpg 1024w, https:\/\/periodiconuevomilenio.com\/wp-content\/uploads\/2025\/03\/Sesion-Consejo-Estatal-de-Proteccion-a-Personas-Defensoras-de-Derechos-Humanos-y-Periodistas-5-300x191.jpg 300w, https:\/\/periodiconuevomilenio.com\/wp-content\/uploads\/2025\/03\/Sesion-Consejo-Estatal-de-Proteccion-a-Personas-Defensoras-de-Derechos-Humanos-y-Periodistas-5-768x488.jpg 768w, https:\/\/periodiconuevomilenio.com\/wp-content\/uploads\/2025\/03\/Sesion-Consejo-Estatal-de-Proteccion-a-Personas-Defensoras-de-Derechos-Humanos-y-Periodistas-5-1536x977.jpg 1536w, https:\/\/periodiconuevomilenio.com\/wp-content\/uploads\/2025\/03\/Sesion-Consejo-Estatal-de-Proteccion-a-Personas-Defensoras-de-Derechos-Humanos-y-Periodistas-5-2048x1302.jpg 2048w\" sizes=\"auto, (max-width: 1024px) 100vw, 1024px\" \/><\/figure>\n\n\n\n<figure class=\"wp-block-image size-large\"><img loading=\"lazy\" decoding=\"async\" width=\"1024\" height=\"693\" data-id=\"21468\" src=\"https:\/\/periodiconuevomilenio.com\/wp-content\/uploads\/2025\/03\/Sesion-Consejo-Estatal-de-Proteccion-a-Personas-Defensoras-de-Derechos-Humanos-y-Periodistas-4-1024x693.jpg\" alt=\"\" class=\"wp-image-21468\" srcset=\"https:\/\/periodiconuevomilenio.com\/wp-content\/uploads\/2025\/03\/Sesion-Consejo-Estatal-de-Proteccion-a-Personas-Defensoras-de-Derechos-Humanos-y-Periodistas-4-1024x693.jpg 1024w, https:\/\/periodiconuevomilenio.com\/wp-content\/uploads\/2025\/03\/Sesion-Consejo-Estatal-de-Proteccion-a-Personas-Defensoras-de-Derechos-Humanos-y-Periodistas-4-300x203.jpg 300w, https:\/\/periodiconuevomilenio.com\/wp-content\/uploads\/2025\/03\/Sesion-Consejo-Estatal-de-Proteccion-a-Personas-Defensoras-de-Derechos-Humanos-y-Periodistas-4-768x520.jpg 768w, https:\/\/periodiconuevomilenio.com\/wp-content\/uploads\/2025\/03\/Sesion-Consejo-Estatal-de-Proteccion-a-Personas-Defensoras-de-Derechos-Humanos-y-Periodistas-4-1536x1040.jpg 1536w, https:\/\/periodiconuevomilenio.com\/wp-content\/uploads\/2025\/03\/Sesion-Consejo-Estatal-de-Proteccion-a-Personas-Defensoras-de-Derechos-Humanos-y-Periodistas-4-2048x1387.jpg 2048w\" sizes=\"auto, (max-width: 1024px) 100vw, 1024px\" \/><\/figure>\n\n\n\n\n\n<figure class=\"wp-block-image size-large\"><img loading=\"lazy\" decoding=\"async\" width=\"1024\" height=\"690\" data-id=\"21463\" src=\"https:\/\/periodiconuevomilenio.com\/wp-content\/uploads\/2025\/03\/Sesion-Consejo-Estatal-de-Proteccion-a-Personas-Defensoras-de-Derechos-Humanos-y-Periodistas-8-1024x690.jpg\" alt=\"\" class=\"wp-image-21463\" srcset=\"https:\/\/periodiconuevomilenio.com\/wp-content\/uploads\/2025\/03\/Sesion-Consejo-Estatal-de-Proteccion-a-Personas-Defensoras-de-Derechos-Humanos-y-Periodistas-8-1024x690.jpg 1024w, https:\/\/periodiconuevomilenio.com\/wp-content\/uploads\/2025\/03\/Sesion-Consejo-Estatal-de-Proteccion-a-Personas-Defensoras-de-Derechos-Humanos-y-Periodistas-8-300x202.jpg 300w, https:\/\/periodiconuevomilenio.com\/wp-content\/uploads\/2025\/03\/Sesion-Consejo-Estatal-de-Proteccion-a-Personas-Defensoras-de-Derechos-Humanos-y-Periodistas-8-768x518.jpg 768w, https:\/\/periodiconuevomilenio.com\/wp-content\/uploads\/2025\/03\/Sesion-Consejo-Estatal-de-Proteccion-a-Personas-Defensoras-de-Derechos-Humanos-y-Periodistas-8-1536x1035.jpg 1536w, https:\/\/periodiconuevomilenio.com\/wp-content\/uploads\/2025\/03\/Sesion-Consejo-Estatal-de-Proteccion-a-Personas-Defensoras-de-Derechos-Humanos-y-Periodistas-8-2048x1381.jpg 2048w\" sizes=\"auto, (max-width: 1024px) 100vw, 1024px\" \/><\/figure>\n\n\n\n<figure class=\"wp-block-image size-large\"><img loading=\"lazy\" decoding=\"async\" width=\"1024\" height=\"680\" data-id=\"21467\" src=\"https:\/\/periodiconuevomilenio.com\/wp-content\/uploads\/2025\/03\/Sesion-Consejo-Estatal-de-Proteccion-a-Personas-Defensoras-de-Derechos-Humanos-y-Periodistas-7-1024x680.jpg\" alt=\"\" class=\"wp-image-21467\" srcset=\"https:\/\/periodiconuevomilenio.com\/wp-content\/uploads\/2025\/03\/Sesion-Consejo-Estatal-de-Proteccion-a-Personas-Defensoras-de-Derechos-Humanos-y-Periodistas-7-1024x680.jpg 1024w, https:\/\/periodiconuevomilenio.com\/wp-content\/uploads\/2025\/03\/Sesion-Consejo-Estatal-de-Proteccion-a-Personas-Defensoras-de-Derechos-Humanos-y-Periodistas-7-300x199.jpg 300w, https:\/\/periodiconuevomilenio.com\/wp-content\/uploads\/2025\/03\/Sesion-Consejo-Estatal-de-Proteccion-a-Personas-Defensoras-de-Derechos-Humanos-y-Periodistas-7-768x510.jpg 768w, https:\/\/periodiconuevomilenio.com\/wp-content\/uploads\/2025\/03\/Sesion-Consejo-Estatal-de-Proteccion-a-Personas-Defensoras-de-Derechos-Humanos-y-Periodistas-7-1536x1021.jpg 1536w, https:\/\/periodiconuevomilenio.com\/wp-content\/uploads\/2025\/03\/Sesion-Consejo-Estatal-de-Proteccion-a-Personas-Defensoras-de-Derechos-Humanos-y-Periodistas-7-2048x1361.jpg 2048w\" sizes=\"auto, (max-width: 1024px) 100vw, 1024px\" \/><\/figure>\n<\/figure>\n\n\n","protected":false},"excerpt":{"rendered":"<p>Le\u00f3n, Gto. 05 de marzo de 2025. &nbsp;La Fiscal\u00eda General del Estado cuenta con l\u00edneas s\u00f3lidas de investigaci\u00f3n<\/p>\n","protected":false},"author":1,"featured_media":21463,"comment_status":"open","ping_status":"open","sticky":false,"template":"","format":"standard","meta":{"jetpack_post_was_ever_published":false,"_jetpack_newsletter_access":"","_jetpack_dont_email_post_to_subs":false,"_jetpack_newsletter_tier_id":0,"_jetpack_memberships_contains_paywalled_content":false,"_jetpack_memberships_contains_paid_content":false,"footnotes":"","jetpack_publicize_message":"","jetpack_publicize_feature_enabled":false,"jetpack_social_post_already_shared":false,"jetpack_social_options":{"image_generator_settings":{"template":"highway","enabled":false},"version":2}},"categories":[31],"tags":[51],"class_list":["post-21462","post","type-post","status-publish","format-standard","has-post-thumbnail","hentry","category-estado","tag-estado"],"jetpack_publicize_connections":[],"jetpack_sharing_enabled":true,"jetpack_featured_media_url":"https:\/\/periodiconuevomilenio.com\/wp-content\/uploads\/2025\/03\/Sesion-Consejo-Estatal-de-Proteccion-a-Personas-Defensoras-de-Derechos-Humanos-y-Periodistas-8-scaled.jpg","_links":{"self":[{"href":"https:\/\/periodiconuevomilenio.com\/index.php\/wp-json\/wp\/v2\/posts\/21462","targetHints":{"allow":["GET"]}}],"collection":[{"href":"https:\/\/periodiconuevomilenio.com\/index.php\/wp-json\/wp\/v2\/posts"}],"about":[{"href":"https:\/\/periodiconuevomilenio.com\/index.php\/wp-json\/wp\/v2\/types\/post"}],"author":[{"embeddable":true,"href":"https:\/\/periodiconuevomilenio.com\/index.php\/wp-json\/wp\/v2\/users\/1"}],"replies":[{"embeddable":true,"href":"https:\/\/periodiconuevomilenio.com\/index.php\/wp-json\/wp\/v2\/comments?post=21462"}],"version-history":[{"count":1,"href":"https:\/\/periodiconuevomilenio.com\/index.php\/wp-json\/wp\/v2\/posts\/21462\/revisions"}],"predecessor-version":[{"id":21471,"href":"https:\/\/periodiconuevomilenio.com\/index.php\/wp-json\/wp\/v2\/posts\/21462\/revisions\/21471"}],"wp:featuredmedia":[{"embeddable":true,"href":"https:\/\/periodiconuevomilenio.com\/index.php\/wp-json\/wp\/v2\/media\/21463"}],"wp:attachment":[{"href":"https:\/\/periodiconuevomilenio.com\/index.php\/wp-json\/wp\/v2\/media?parent=21462"}],"wp:term":[{"taxonomy":"category","embeddable":true,"href":"https:\/\/periodiconuevomilenio.com\/index.php\/wp-json\/wp\/v2\/categories?post=21462"},{"taxonomy":"post_tag","embeddable":true,"href":"https:\/\/periodiconuevomilenio.com\/index.php\/wp-json\/wp\/v2\/tags?post=21462"}],"curies":[{"name":"wp","href":"https:\/\/api.w.org\/{rel}","templated":true}]}}