{"id":21482,"date":"2025-03-05T16:47:26","date_gmt":"2025-03-05T22:47:26","guid":{"rendered":"https:\/\/periodiconuevomilenio.com\/?p=21482"},"modified":"2025-03-05T16:47:28","modified_gmt":"2025-03-05T22:47:28","slug":"autobus-de-pasajeros-sufre-accidente-hay-6-lesionados-4-de-ellos-de-gravedad","status":"publish","type":"post","link":"https:\/\/periodiconuevomilenio.com\/index.php\/2025\/03\/05\/autobus-de-pasajeros-sufre-accidente-hay-6-lesionados-4-de-ellos-de-gravedad\/","title":{"rendered":"Autob\u00fas de pasajeros sufre accidente.Hay 6 lesionados, 4 de ellos de gravedad."},"content":{"rendered":"\n<p>Valle de Santiago, Gto. \u2013 Esta tarde, un autob\u00fas de pasajeros de la l\u00ednea Primera Plus sufri\u00f3 un fuerte accidente cuando circulaba en la autopista Salamanca &#8211; Morelia, dejando como saldo 6 lesionados, 4 de ellos de gravedad.<\/p>\n\n\n\n<p>De acuerdo con los primeros informes, poco despu\u00e9s de las tres de la tarde, usuarios y testigos presenciales del accidente reportaron los hechos al Sistema de Emergencias 911, causando la movilizaci\u00f3n de ambulancias de cuerpos de rescate y patrullas.<\/p>\n\n\n\n<p>El accidente vial se registr\u00f3 en el kil\u00f3metro 68 de la autopista tramo Salamanca &#8211; Morelia, entre las comunidades de Puerta de Andaracua y La Manga de Buenavista, donde encontraron un autob\u00fas de pasajeros que hab\u00eda salido de la cinta asf\u00e1ltica.<\/p>\n\n\n\n<p>Param\u00e9dicos de Cruz Roja y del H. Cuerpo de Bomberos, atendieron a seis personas que resultaron lastimadas.<br>Cuatro de ellas fueron estabilizados y trasladados de urgencia para su atenci\u00f3n m\u00e9dica, hasta el centro hospitalario m\u00e1s cercano.<br>Las otras dos personas fueron tambi\u00e9n atendidas en el lugar de los hechos y no requirieron ser trasladados.<br>Se desconocen las causas del accidente, solo trascendi\u00f3 que el ch\u00f3fer del autob\u00fas perdi\u00f3 el control de la unidad y sali\u00f3 de la cinta asf\u00e1ltica.<br>Elementos de la Guardia Nacional, divisi\u00f3n caminos se hicieron cargo del accidente e iniciaron las indagatorias para establecer la mec\u00e1nica de los hechos y deslindar responsabilidades.<\/p>\n\n\n\n<figure class=\"wp-block-image size-full\"><img loading=\"lazy\" decoding=\"async\" width=\"873\" height=\"999\" src=\"https:\/\/periodiconuevomilenio.com\/wp-content\/uploads\/2025\/03\/0f8c2a39-07fb-47fc-8d39-293bea08bba6.jpg\" alt=\"\" class=\"wp-image-21484\" srcset=\"https:\/\/periodiconuevomilenio.com\/wp-content\/uploads\/2025\/03\/0f8c2a39-07fb-47fc-8d39-293bea08bba6.jpg 873w, https:\/\/periodiconuevomilenio.com\/wp-content\/uploads\/2025\/03\/0f8c2a39-07fb-47fc-8d39-293bea08bba6-262x300.jpg 262w, https:\/\/periodiconuevomilenio.com\/wp-content\/uploads\/2025\/03\/0f8c2a39-07fb-47fc-8d39-293bea08bba6-768x879.jpg 768w\" sizes=\"auto, (max-width: 873px) 100vw, 873px\" \/><\/figure>\n\n\n\n<figure class=\"wp-block-image size-full\"><img loading=\"lazy\" decoding=\"async\" width=\"596\" height=\"547\" src=\"https:\/\/periodiconuevomilenio.com\/wp-content\/uploads\/2025\/03\/178185a5-9048-44a8-ad84-06553f5c2bb8.jpg\" alt=\"\" class=\"wp-image-21483\" srcset=\"https:\/\/periodiconuevomilenio.com\/wp-content\/uploads\/2025\/03\/178185a5-9048-44a8-ad84-06553f5c2bb8.jpg 596w, https:\/\/periodiconuevomilenio.com\/wp-content\/uploads\/2025\/03\/178185a5-9048-44a8-ad84-06553f5c2bb8-300x275.jpg 300w\" sizes=\"auto, (max-width: 596px) 100vw, 596px\" \/><\/figure>\n\n\n","protected":false},"excerpt":{"rendered":"<p>Valle de Santiago, Gto. \u2013 Esta tarde, un autob\u00fas de pasajeros de la l\u00ednea Primera Plus sufri\u00f3 un<\/p>\n","protected":false},"author":1,"featured_media":21484,"comment_status":"open","ping_status":"open","sticky":false,"template":"","format":"standard","meta":{"jetpack_post_was_ever_published":false,"_jetpack_newsletter_access":"","_jetpack_dont_email_post_to_subs":false,"_jetpack_newsletter_tier_id":0,"_jetpack_memberships_contains_paywalled_content":false,"_jetpack_memberships_contains_paid_content":false,"footnotes":"","jetpack_publicize_message":"","jetpack_publicize_feature_enabled":false,"jetpack_social_post_already_shared":false,"jetpack_social_options":{"image_generator_settings":{"template":"highway","enabled":false},"version":2}},"categories":[31,48,39],"tags":[51,22],"class_list":["post-21482","post","type-post","status-publish","format-standard","has-post-thumbnail","hentry","category-estado","category-policiaca","category-valle-de-santiago","tag-estado","tag-valle"],"jetpack_publicize_connections":[],"jetpack_sharing_enabled":true,"jetpack_featured_media_url":"https:\/\/periodiconuevomilenio.com\/wp-content\/uploads\/2025\/03\/0f8c2a39-07fb-47fc-8d39-293bea08bba6.jpg","_links":{"self":[{"href":"https:\/\/periodiconuevomilenio.com\/index.php\/wp-json\/wp\/v2\/posts\/21482","targetHints":{"allow":["GET"]}}],"collection":[{"href":"https:\/\/periodiconuevomilenio.com\/index.php\/wp-json\/wp\/v2\/posts"}],"about":[{"href":"https:\/\/periodiconuevomilenio.com\/index.php\/wp-json\/wp\/v2\/types\/post"}],"author":[{"embeddable":true,"href":"https:\/\/periodiconuevomilenio.com\/index.php\/wp-json\/wp\/v2\/users\/1"}],"replies":[{"embeddable":true,"href":"https:\/\/periodiconuevomilenio.com\/index.php\/wp-json\/wp\/v2\/comments?post=21482"}],"version-history":[{"count":1,"href":"https:\/\/periodiconuevomilenio.com\/index.php\/wp-json\/wp\/v2\/posts\/21482\/revisions"}],"predecessor-version":[{"id":21485,"href":"https:\/\/periodiconuevomilenio.com\/index.php\/wp-json\/wp\/v2\/posts\/21482\/revisions\/21485"}],"wp:featuredmedia":[{"embeddable":true,"href":"https:\/\/periodiconuevomilenio.com\/index.php\/wp-json\/wp\/v2\/media\/21484"}],"wp:attachment":[{"href":"https:\/\/periodiconuevomilenio.com\/index.php\/wp-json\/wp\/v2\/media?parent=21482"}],"wp:term":[{"taxonomy":"category","embeddable":true,"href":"https:\/\/periodiconuevomilenio.com\/index.php\/wp-json\/wp\/v2\/categories?post=21482"},{"taxonomy":"post_tag","embeddable":true,"href":"https:\/\/periodiconuevomilenio.com\/index.php\/wp-json\/wp\/v2\/tags?post=21482"}],"curies":[{"name":"wp","href":"https:\/\/api.w.org\/{rel}","templated":true}]}}