{"id":21535,"date":"2025-03-06T21:06:39","date_gmt":"2025-03-07T03:06:39","guid":{"rendered":"https:\/\/periodiconuevomilenio.com\/?p=21535"},"modified":"2025-03-06T21:06:40","modified_gmt":"2025-03-07T03:06:40","slug":"otra-ej3cucion-en-la-lagunilla-del-malpais","status":"publish","type":"post","link":"https:\/\/periodiconuevomilenio.com\/index.php\/2025\/03\/06\/otra-ej3cucion-en-la-lagunilla-del-malpais\/","title":{"rendered":"Otra Ej3cuci\u00f3n en la Lagunilla del Malpa\u00eds"},"content":{"rendered":"\n<p>VALLE DE SANTIAGO, GTO.- Nuevamente se registr\u00f3&nbsp; un delit0 de alto impacto en la Lagunilla del Malpa\u00eds,&nbsp; una persona que ya&nbsp; fue identificada por sus familiares le quitaron la vida a tir0s en la puerta de su domicilio.<\/p>\n\n\n\n<p>De acuerdo con informes preliminares fue este jueves 6 de febrero al filo de las cuatro de la tarde con quince minutos cuando al sistema de emergencia 911 llego una llamada de auxilio poniendo en alerta a seguridad p\u00fablica de que hab\u00eda una persona lesionada, previo a ello se hab\u00edan escudado detonacion3s de 4rma de fu3go.<\/p>\n\n\n\n<p>De inmediato se trasladaron al lugar indicado en las calles de Francisco M\u00e1rquez, sin n\u00famero, entre calles Vicente Su\u00e1rez y calle Fernando Montes de Oca, de colonia Lagunilla de Malpais.<\/p>\n\n\n\n<p>Al llegar al lugar, se encontr\u00f3 a una persona tirada a la entrada en la puerta de su domicilio, observando casquill0s percutidos, un aproximado de seis, al parecer de 4rma corta, desconociendo el calibre.<\/p>\n\n\n\n<p>En el lugar se encontraba su esposa del fallecido,&nbsp; qu\u00e9 lo identific\u00f3 con el nombre de Jairo \u201cN\u201d de 26 a\u00f1os. Se pidi\u00f3 apoyo a cuerpos de auxilio llegando al lugar param\u00e9dicos&nbsp; Bomberos solo para confirmar que ya no contaba con signos de vida.<\/p>\n\n\n\n<p>Se acordon\u00f3 el \u00e1rea y se resguarda la zona por elementos de los tres \u00f3rdenes de gobierno, m\u00e1s tarde lleg\u00f3 al lugar elementos de la agencia de investigaci\u00f3n&nbsp; criminal para conocer a detalle y levantar indicios necesarios para abrir la carpeta de investigaci\u00f3n, el cuerpo fue llevado al servicio m\u00e9dico forense a la capital del estado.<\/p>\n\n\n\n<figure class=\"wp-block-image size-large\"><img loading=\"lazy\" decoding=\"async\" width=\"1024\" height=\"683\" src=\"https:\/\/periodiconuevomilenio.com\/wp-content\/uploads\/2025\/03\/img_4645-1024x683.jpg\" alt=\"\" class=\"wp-image-21536\" srcset=\"https:\/\/periodiconuevomilenio.com\/wp-content\/uploads\/2025\/03\/img_4645-1024x683.jpg 1024w, https:\/\/periodiconuevomilenio.com\/wp-content\/uploads\/2025\/03\/img_4645-300x200.jpg 300w, https:\/\/periodiconuevomilenio.com\/wp-content\/uploads\/2025\/03\/img_4645-768x512.jpg 768w, https:\/\/periodiconuevomilenio.com\/wp-content\/uploads\/2025\/03\/img_4645-1536x1024.jpg 1536w, https:\/\/periodiconuevomilenio.com\/wp-content\/uploads\/2025\/03\/img_4645-2048x1365.jpg 2048w\" sizes=\"auto, (max-width: 1024px) 100vw, 1024px\" \/><\/figure>\n\n\n","protected":false},"excerpt":{"rendered":"<p>VALLE DE SANTIAGO, GTO.- Nuevamente se registr\u00f3&nbsp; un delit0 de alto impacto en la Lagunilla del Malpa\u00eds,&nbsp; una<\/p>\n","protected":false},"author":1,"featured_media":21536,"comment_status":"open","ping_status":"open","sticky":false,"template":"","format":"standard","meta":{"jetpack_post_was_ever_published":false,"_jetpack_newsletter_access":"","_jetpack_dont_email_post_to_subs":false,"_jetpack_newsletter_tier_id":0,"_jetpack_memberships_contains_paywalled_content":false,"_jetpack_memberships_contains_paid_content":false,"footnotes":"","jetpack_publicize_message":"","jetpack_publicize_feature_enabled":false,"jetpack_social_post_already_shared":false,"jetpack_social_options":{"image_generator_settings":{"template":"highway","enabled":false},"version":2}},"categories":[31,48,39],"tags":[22],"class_list":["post-21535","post","type-post","status-publish","format-standard","has-post-thumbnail","hentry","category-estado","category-policiaca","category-valle-de-santiago","tag-valle"],"jetpack_publicize_connections":[],"jetpack_sharing_enabled":true,"jetpack_featured_media_url":"https:\/\/periodiconuevomilenio.com\/wp-content\/uploads\/2025\/03\/img_4645-scaled.jpg","_links":{"self":[{"href":"https:\/\/periodiconuevomilenio.com\/index.php\/wp-json\/wp\/v2\/posts\/21535","targetHints":{"allow":["GET"]}}],"collection":[{"href":"https:\/\/periodiconuevomilenio.com\/index.php\/wp-json\/wp\/v2\/posts"}],"about":[{"href":"https:\/\/periodiconuevomilenio.com\/index.php\/wp-json\/wp\/v2\/types\/post"}],"author":[{"embeddable":true,"href":"https:\/\/periodiconuevomilenio.com\/index.php\/wp-json\/wp\/v2\/users\/1"}],"replies":[{"embeddable":true,"href":"https:\/\/periodiconuevomilenio.com\/index.php\/wp-json\/wp\/v2\/comments?post=21535"}],"version-history":[{"count":1,"href":"https:\/\/periodiconuevomilenio.com\/index.php\/wp-json\/wp\/v2\/posts\/21535\/revisions"}],"predecessor-version":[{"id":21537,"href":"https:\/\/periodiconuevomilenio.com\/index.php\/wp-json\/wp\/v2\/posts\/21535\/revisions\/21537"}],"wp:featuredmedia":[{"embeddable":true,"href":"https:\/\/periodiconuevomilenio.com\/index.php\/wp-json\/wp\/v2\/media\/21536"}],"wp:attachment":[{"href":"https:\/\/periodiconuevomilenio.com\/index.php\/wp-json\/wp\/v2\/media?parent=21535"}],"wp:term":[{"taxonomy":"category","embeddable":true,"href":"https:\/\/periodiconuevomilenio.com\/index.php\/wp-json\/wp\/v2\/categories?post=21535"},{"taxonomy":"post_tag","embeddable":true,"href":"https:\/\/periodiconuevomilenio.com\/index.php\/wp-json\/wp\/v2\/tags?post=21535"}],"curies":[{"name":"wp","href":"https:\/\/api.w.org\/{rel}","templated":true}]}}