{"id":2160,"date":"2023-04-10T14:06:42","date_gmt":"2023-04-10T20:06:42","guid":{"rendered":"https:\/\/periodiconuevomilenio.com\/?p=2160"},"modified":"2023-04-10T14:06:44","modified_gmt":"2023-04-10T20:06:44","slug":"conmemoracion-del-104-aniversario-luctuoso-de-emiliano-zapata","status":"publish","type":"post","link":"https:\/\/periodiconuevomilenio.com\/index.php\/2023\/04\/10\/conmemoracion-del-104-aniversario-luctuoso-de-emiliano-zapata\/","title":{"rendered":"CONMEMORACI\u00d3N DEL 104 ANIVERSARIO LUCTUOSO DE EMILIANO ZAPATA"},"content":{"rendered":"\n<p>\u00a0<\/p>\n\n\n\n<p>Jaral del Progreso, Gto.- En el jard\u00edn principal se realiz\u00f3 el acto conmemorativo por el 104 aniversario luctuoso de Emiliano Zapata, organizado en coordinaci\u00f3n entre el Instituto Gilberto Bosques, la escuela secundaria T\u00e9cnica #35 y el Comit\u00e9 Ejidal del municipio, contando con la presencia de autoridades municipales encabezadas por el presidente municipal Jos\u00e9 Gonz\u00e1lez Ojeda y de integrantes del Comit\u00e9 Ejidal y la participaci\u00f3n de la banda de guerra de la escuela secundaria T\u00e9cnica #35.<\/p>\n\n\n\n<p>El maestro Jorge Armando V\u00e1zquez Carranza se encarg\u00f3 de entonar el himno nacional mexicano, siendo seguido por una rese\u00f1a de la biograf\u00eda del general Emiliano Zapata narrada por el profesor Antonio Pantoja El\u00edas y una canci\u00f3n y un corrido semi declarado titulado \u201cMuerte de Emiliano Zapata\u201d interpretado por la se\u00f1ora Berta G\u00f3mez Ojeda.<\/p>\n\n\n\n<p>El presidente municipal Jos\u00e9 Gonz\u00e1lez Ojeda y el comisariado del ejido V\u00edctor Mart\u00ednez Mexicano dirigieron un mensaje en referencia a la historia de Emiliano Zapata, quien fue uno de los l\u00edderes militares y campesinos m\u00e1s importantes de la Revoluci\u00f3n Mexicana y un s\u00edmbolo de la resistencia campesina en M\u00e9xico, siendo conocido como el \u201cCaudillo del Sur\u201d.<\/p>\n\n\n\n<p>Acto seguido las autoridades presentes procedieron a colocar el arreglo floral en el busto de Emiliano Zapata ubicado atr\u00e1s del kiosco en el jard\u00edn principal. Por parte del ayuntamiento estuvieron presentes el presidente municipal Jos\u00e9 Gonz\u00e1lez Ojeda, el sindico municipal Ayerim Daniela S\u00e1nchez V\u00e1zquez, los regidores Martha Razo Almanza, Jorge Luis Galv\u00e1n Esparza y Lucero Higareda Segura, adem\u00e1s del secretario del Ayuntamiento Rom\u00e1n Jasso Ferrel.<\/p>\n\n\n\n<figure class=\"wp-block-image size-large\"><img loading=\"lazy\" decoding=\"async\" width=\"1024\" height=\"683\" src=\"https:\/\/periodiconuevomilenio.com\/wp-content\/uploads\/2023\/04\/340844064_915483569601039_9041231064312652236_n-1024x683.jpg\" alt=\"\" class=\"wp-image-2161\" srcset=\"https:\/\/periodiconuevomilenio.com\/wp-content\/uploads\/2023\/04\/340844064_915483569601039_9041231064312652236_n-1024x683.jpg 1024w, https:\/\/periodiconuevomilenio.com\/wp-content\/uploads\/2023\/04\/340844064_915483569601039_9041231064312652236_n-300x200.jpg 300w, https:\/\/periodiconuevomilenio.com\/wp-content\/uploads\/2023\/04\/340844064_915483569601039_9041231064312652236_n-768x512.jpg 768w, https:\/\/periodiconuevomilenio.com\/wp-content\/uploads\/2023\/04\/340844064_915483569601039_9041231064312652236_n-1536x1024.jpg 1536w, https:\/\/periodiconuevomilenio.com\/wp-content\/uploads\/2023\/04\/340844064_915483569601039_9041231064312652236_n.jpg 2048w\" sizes=\"auto, (max-width: 1024px) 100vw, 1024px\" \/><\/figure>\n\n\n\n<figure class=\"wp-block-image size-large\"><img loading=\"lazy\" decoding=\"async\" width=\"683\" height=\"1024\" src=\"https:\/\/periodiconuevomilenio.com\/wp-content\/uploads\/2023\/04\/340650653_6129673123779381_9129025510075226872_n-683x1024.jpg\" alt=\"\" class=\"wp-image-2162\" srcset=\"https:\/\/periodiconuevomilenio.com\/wp-content\/uploads\/2023\/04\/340650653_6129673123779381_9129025510075226872_n-683x1024.jpg 683w, https:\/\/periodiconuevomilenio.com\/wp-content\/uploads\/2023\/04\/340650653_6129673123779381_9129025510075226872_n-200x300.jpg 200w, https:\/\/periodiconuevomilenio.com\/wp-content\/uploads\/2023\/04\/340650653_6129673123779381_9129025510075226872_n-768x1152.jpg 768w, https:\/\/periodiconuevomilenio.com\/wp-content\/uploads\/2023\/04\/340650653_6129673123779381_9129025510075226872_n-1024x1536.jpg 1024w, https:\/\/periodiconuevomilenio.com\/wp-content\/uploads\/2023\/04\/340650653_6129673123779381_9129025510075226872_n.jpg 1365w\" sizes=\"auto, (max-width: 683px) 100vw, 683px\" \/><\/figure>\n","protected":false},"excerpt":{"rendered":"<p>\u00a0 Jaral del Progreso, Gto.- En el jard\u00edn principal se realiz\u00f3 el acto conmemorativo por el 104 aniversario<\/p>\n","protected":false},"author":1,"featured_media":2161,"comment_status":"open","ping_status":"open","sticky":false,"template":"","format":"standard","meta":{"jetpack_post_was_ever_published":false,"_jetpack_newsletter_access":"","_jetpack_dont_email_post_to_subs":false,"_jetpack_newsletter_tier_id":0,"_jetpack_memberships_contains_paywalled_content":false,"_jetpack_memberships_contains_paid_content":false,"footnotes":"","jetpack_publicize_message":"","jetpack_publicize_feature_enabled":false,"jetpack_social_post_already_shared":false,"jetpack_social_options":{"image_generator_settings":{"template":"highway","enabled":false},"version":2}},"categories":[34],"tags":[23],"class_list":["post-2160","post","type-post","status-publish","format-standard","has-post-thumbnail","hentry","category-jaral-del-progreso","tag-jaral"],"jetpack_publicize_connections":[],"jetpack_sharing_enabled":true,"jetpack_featured_media_url":"https:\/\/periodiconuevomilenio.com\/wp-content\/uploads\/2023\/04\/340844064_915483569601039_9041231064312652236_n.jpg","_links":{"self":[{"href":"https:\/\/periodiconuevomilenio.com\/index.php\/wp-json\/wp\/v2\/posts\/2160","targetHints":{"allow":["GET"]}}],"collection":[{"href":"https:\/\/periodiconuevomilenio.com\/index.php\/wp-json\/wp\/v2\/posts"}],"about":[{"href":"https:\/\/periodiconuevomilenio.com\/index.php\/wp-json\/wp\/v2\/types\/post"}],"author":[{"embeddable":true,"href":"https:\/\/periodiconuevomilenio.com\/index.php\/wp-json\/wp\/v2\/users\/1"}],"replies":[{"embeddable":true,"href":"https:\/\/periodiconuevomilenio.com\/index.php\/wp-json\/wp\/v2\/comments?post=2160"}],"version-history":[{"count":1,"href":"https:\/\/periodiconuevomilenio.com\/index.php\/wp-json\/wp\/v2\/posts\/2160\/revisions"}],"predecessor-version":[{"id":2163,"href":"https:\/\/periodiconuevomilenio.com\/index.php\/wp-json\/wp\/v2\/posts\/2160\/revisions\/2163"}],"wp:featuredmedia":[{"embeddable":true,"href":"https:\/\/periodiconuevomilenio.com\/index.php\/wp-json\/wp\/v2\/media\/2161"}],"wp:attachment":[{"href":"https:\/\/periodiconuevomilenio.com\/index.php\/wp-json\/wp\/v2\/media?parent=2160"}],"wp:term":[{"taxonomy":"category","embeddable":true,"href":"https:\/\/periodiconuevomilenio.com\/index.php\/wp-json\/wp\/v2\/categories?post=2160"},{"taxonomy":"post_tag","embeddable":true,"href":"https:\/\/periodiconuevomilenio.com\/index.php\/wp-json\/wp\/v2\/tags?post=2160"}],"curies":[{"name":"wp","href":"https:\/\/api.w.org\/{rel}","templated":true}]}}