{"id":21636,"date":"2025-03-08T15:34:51","date_gmt":"2025-03-08T21:34:51","guid":{"rendered":"https:\/\/periodiconuevomilenio.com\/?p=21636"},"modified":"2025-03-08T15:34:52","modified_gmt":"2025-03-08T21:34:52","slug":"el-eco-del-8m-en-los-centros-penitenciarios-de-guanajuato","status":"publish","type":"post","link":"https:\/\/periodiconuevomilenio.com\/index.php\/2025\/03\/08\/el-eco-del-8m-en-los-centros-penitenciarios-de-guanajuato\/","title":{"rendered":"El eco del 8M en los Centros Penitenciarios de Guanajuato\u00a0"},"content":{"rendered":"\n<ul class=\"wp-block-list\">\n<li><strong>El Sistema Penitenciario del Estado reafirma su compromiso con la igualdad, la no discriminaci\u00f3n y el respeto a los derechos de las mujeres a trav\u00e9s de conferencias, talleres y diversas actividades para hombres y mujeres privados de la libertad.\u00a0<\/strong><\/li>\n<\/ul>\n\n\n\n<p><strong>Guanajuato, Gto., a 08 marzo de 2025.-<\/strong>&nbsp;En uno de los Centros Penitenciarios de Guanajuato, un muro blanco se ha convertido en testigo de una historia que se repite este d\u00eda en todo el mundo. Una mariposa parece haberse posado sobre la pared. No est\u00e1 sola: cientos de ellas forman un par de alas inmensas, como si esperaran el momento justo para alzar el vuelo. &nbsp;&nbsp;&nbsp;<\/p>\n\n\n\n<p>Y frente a ellas, una mujer vestida de naranja levanta el pu\u00f1o. No hay gritos. No hay discursos encendidos. Solo ese gesto. Silencioso, contundente. Como un eco de todas las mujeres que, dentro y fuera, siguen de pie.&nbsp; &nbsp;&nbsp;&nbsp;<\/p>\n\n\n\n<p>El D\u00eda Internacional de la Mujer es un d\u00eda para hacer memoria de la lucha por la igualdad, de los derechos conquistados y de los que a\u00fan faltan. Un d\u00eda que naci\u00f3 en 1910, cuando un grupo de mujeres de 17 pa\u00edses se reuni\u00f3 en Dinamarca con una convicci\u00f3n: el voto femenino deb\u00eda ser universal y la voz de las mujeres no pod\u00eda seguir siendo ignorada.&nbsp;&nbsp;&nbsp;<\/p>\n\n\n\n<p>En los Centros Penitenciarios estatales con poblaci\u00f3n femenil -Guanajuato, Le\u00f3n y Valle de Santiago- esta conmemoraci\u00f3n se vivi\u00f3 como un espacio de reflexi\u00f3n y reafirmaci\u00f3n. Porque en estos lugares tambi\u00e9n hay historias de lucha. Tambi\u00e9n hay mujeres que no han renunciado a s\u00ed mismas.&nbsp; &nbsp;&nbsp;&nbsp;<\/p>\n\n\n\n<p>El morado cubri\u00f3 el d\u00eda. No solo en los muros, en los listones o en los carteles elaborados con paciencia por las propias mujeres privadas de la libertad, sino en la intenci\u00f3n de cada actividad. En colaboraci\u00f3n con el Instituto de las Mujeres Guanajuatenses (IMUG), se realizaron conferencias como \u201cClaves para el liderazgo femenino\u201d, una charla dise\u00f1ada para fortalecer la autonom\u00eda, la toma de decisiones y la construcci\u00f3n de un futuro con nuevas oportunidades.&nbsp; &nbsp;&nbsp;&nbsp;<\/p>\n\n\n\n<p>Para la poblaci\u00f3n varonil, la jornada tambi\u00e9n signific\u00f3 un espacio de aprendizaje. En los Centros Penitenciarios de Guanajuato y Le\u00f3n, se imparti\u00f3 la pl\u00e1tica \u201cGenerando nuevas formas de expresar la masculinidad\u201d; adem\u00e1s, se realizaron charlas y talleres sobre temas de igualdad y combate a la discriminaci\u00f3n, as\u00ed como estereotipos socialmente aprendidos contra los derechos civiles de toda mujer.&nbsp; &nbsp;&nbsp;&nbsp;<\/p>\n\n\n\n<p>Pero no fueron solo palabras. En los Centros Penitenciarios de Valle de Santiago, Guanajuato y Le\u00f3n, las mujeres participaron en actividades l\u00fadicas y deportivas que promovieron el compa\u00f1erismo y el trabajo conjunto, como complemento al reconocimiento de la importancia, fuerza y valor de las mujeres. &nbsp;&nbsp;&nbsp;<\/p>\n\n\n\n<p>A lo largo del d\u00eda, los centros penitenciarios se ti\u00f1eron de morado. M\u00e1s que un color, fue un mensaje de justicia, dignidad e igualdad de derechos. La sensibilizaci\u00f3n del Sistema Penitenciario del Estado de Guanajuato que forma parte de la Secretar\u00eda de Seguridad y Paz respecto a esta conmemoraci\u00f3n es un compromiso institucional y una responsabilidad que se refleja en el reconocimiento de cada colaboradora, visitante y mujer privada de la libertad como titular de derechos y agente de cambio.&nbsp; &nbsp;&nbsp;&nbsp;<\/p>\n\n\n\n<p>La tarde cae. El sol se refleja en los listones morados que cubren sus mu\u00f1ecas. Cinco mujeres se sientan frente al mural. La escultura de cart\u00f3n con el 8M junto a ellas parece peque\u00f1a en comparaci\u00f3n con la imagen que han construido con sus cuerpos: pu\u00f1os en alto, miradas fijas al frente que observan mariposas volar en libertad. No hay discursos ni consignas, pero tampoco hacen falta. En el silencio, en la firmeza de sus gestos, est\u00e1 todo lo que este d\u00eda significa.&nbsp;&nbsp;&nbsp;<\/p>\n\n\n\n<p>Porque la reinserci\u00f3n no se trata solo un proceso legal, es un acto de reconstrucci\u00f3n. Porque nadie puede devolver el tiempo, pero todas pueden decidir qu\u00e9 hacer con el que viene.&nbsp;<\/p>\n\n\n\n<figure class=\"wp-block-gallery has-nested-images columns-default is-cropped wp-block-gallery-1 is-layout-flex wp-block-gallery-is-layout-flex\">\n<figure class=\"wp-block-image size-large\"><img loading=\"lazy\" decoding=\"async\" width=\"1024\" height=\"768\" data-id=\"21637\" src=\"https:\/\/periodiconuevomilenio.com\/wp-content\/uploads\/2025\/03\/8M-SIPPEG-01-1024x768.jpg\" alt=\"\" class=\"wp-image-21637\" srcset=\"https:\/\/periodiconuevomilenio.com\/wp-content\/uploads\/2025\/03\/8M-SIPPEG-01-1024x768.jpg 1024w, https:\/\/periodiconuevomilenio.com\/wp-content\/uploads\/2025\/03\/8M-SIPPEG-01-300x225.jpg 300w, https:\/\/periodiconuevomilenio.com\/wp-content\/uploads\/2025\/03\/8M-SIPPEG-01-768x576.jpg 768w, https:\/\/periodiconuevomilenio.com\/wp-content\/uploads\/2025\/03\/8M-SIPPEG-01-1536x1152.jpg 1536w, https:\/\/periodiconuevomilenio.com\/wp-content\/uploads\/2025\/03\/8M-SIPPEG-01-2048x1536.jpg 2048w\" sizes=\"auto, (max-width: 1024px) 100vw, 1024px\" \/><\/figure>\n\n\n\n<figure class=\"wp-block-image size-large\"><img loading=\"lazy\" decoding=\"async\" width=\"1024\" height=\"697\" data-id=\"21638\" src=\"https:\/\/periodiconuevomilenio.com\/wp-content\/uploads\/2025\/03\/8M-SIPPEG-02-1024x697.jpg\" alt=\"\" class=\"wp-image-21638\" srcset=\"https:\/\/periodiconuevomilenio.com\/wp-content\/uploads\/2025\/03\/8M-SIPPEG-02-1024x697.jpg 1024w, https:\/\/periodiconuevomilenio.com\/wp-content\/uploads\/2025\/03\/8M-SIPPEG-02-300x204.jpg 300w, https:\/\/periodiconuevomilenio.com\/wp-content\/uploads\/2025\/03\/8M-SIPPEG-02-768x522.jpg 768w, https:\/\/periodiconuevomilenio.com\/wp-content\/uploads\/2025\/03\/8M-SIPPEG-02-1536x1045.jpg 1536w, https:\/\/periodiconuevomilenio.com\/wp-content\/uploads\/2025\/03\/8M-SIPPEG-02-2048x1393.jpg 2048w\" sizes=\"auto, (max-width: 1024px) 100vw, 1024px\" \/><\/figure>\n\n\n\n<figure class=\"wp-block-image size-large\"><img loading=\"lazy\" decoding=\"async\" width=\"1024\" height=\"768\" data-id=\"21639\" src=\"https:\/\/periodiconuevomilenio.com\/wp-content\/uploads\/2025\/03\/8M-SIPPEG-00-1024x768.jpg\" alt=\"\" class=\"wp-image-21639\" srcset=\"https:\/\/periodiconuevomilenio.com\/wp-content\/uploads\/2025\/03\/8M-SIPPEG-00-1024x768.jpg 1024w, https:\/\/periodiconuevomilenio.com\/wp-content\/uploads\/2025\/03\/8M-SIPPEG-00-300x225.jpg 300w, https:\/\/periodiconuevomilenio.com\/wp-content\/uploads\/2025\/03\/8M-SIPPEG-00-768x576.jpg 768w, https:\/\/periodiconuevomilenio.com\/wp-content\/uploads\/2025\/03\/8M-SIPPEG-00-1536x1152.jpg 1536w, https:\/\/periodiconuevomilenio.com\/wp-content\/uploads\/2025\/03\/8M-SIPPEG-00-2048x1536.jpg 2048w\" sizes=\"auto, (max-width: 1024px) 100vw, 1024px\" \/><\/figure>\n<\/figure>\n\n\n","protected":false},"excerpt":{"rendered":"<p>Guanajuato, Gto., a 08 marzo de 2025.-&nbsp;En uno de los Centros Penitenciarios de Guanajuato, un muro blanco se<\/p>\n","protected":false},"author":1,"featured_media":21639,"comment_status":"open","ping_status":"open","sticky":false,"template":"","format":"standard","meta":{"jetpack_post_was_ever_published":false,"_jetpack_newsletter_access":"","_jetpack_dont_email_post_to_subs":false,"_jetpack_newsletter_tier_id":0,"_jetpack_memberships_contains_paywalled_content":false,"_jetpack_memberships_contains_paid_content":false,"footnotes":"","jetpack_publicize_message":"","jetpack_publicize_feature_enabled":false,"jetpack_social_post_already_shared":false,"jetpack_social_options":{"image_generator_settings":{"template":"highway","enabled":false},"version":2}},"categories":[31],"tags":[51],"class_list":["post-21636","post","type-post","status-publish","format-standard","has-post-thumbnail","hentry","category-estado","tag-estado"],"jetpack_publicize_connections":[],"jetpack_sharing_enabled":true,"jetpack_featured_media_url":"https:\/\/periodiconuevomilenio.com\/wp-content\/uploads\/2025\/03\/8M-SIPPEG-00-scaled.jpg","_links":{"self":[{"href":"https:\/\/periodiconuevomilenio.com\/index.php\/wp-json\/wp\/v2\/posts\/21636","targetHints":{"allow":["GET"]}}],"collection":[{"href":"https:\/\/periodiconuevomilenio.com\/index.php\/wp-json\/wp\/v2\/posts"}],"about":[{"href":"https:\/\/periodiconuevomilenio.com\/index.php\/wp-json\/wp\/v2\/types\/post"}],"author":[{"embeddable":true,"href":"https:\/\/periodiconuevomilenio.com\/index.php\/wp-json\/wp\/v2\/users\/1"}],"replies":[{"embeddable":true,"href":"https:\/\/periodiconuevomilenio.com\/index.php\/wp-json\/wp\/v2\/comments?post=21636"}],"version-history":[{"count":1,"href":"https:\/\/periodiconuevomilenio.com\/index.php\/wp-json\/wp\/v2\/posts\/21636\/revisions"}],"predecessor-version":[{"id":21640,"href":"https:\/\/periodiconuevomilenio.com\/index.php\/wp-json\/wp\/v2\/posts\/21636\/revisions\/21640"}],"wp:featuredmedia":[{"embeddable":true,"href":"https:\/\/periodiconuevomilenio.com\/index.php\/wp-json\/wp\/v2\/media\/21639"}],"wp:attachment":[{"href":"https:\/\/periodiconuevomilenio.com\/index.php\/wp-json\/wp\/v2\/media?parent=21636"}],"wp:term":[{"taxonomy":"category","embeddable":true,"href":"https:\/\/periodiconuevomilenio.com\/index.php\/wp-json\/wp\/v2\/categories?post=21636"},{"taxonomy":"post_tag","embeddable":true,"href":"https:\/\/periodiconuevomilenio.com\/index.php\/wp-json\/wp\/v2\/tags?post=21636"}],"curies":[{"name":"wp","href":"https:\/\/api.w.org\/{rel}","templated":true}]}}