{"id":21676,"date":"2025-03-09T12:06:32","date_gmt":"2025-03-09T18:06:32","guid":{"rendered":"https:\/\/periodiconuevomilenio.com\/?p=21676"},"modified":"2025-03-09T12:06:34","modified_gmt":"2025-03-09T18:06:34","slug":"brigada-forestal-de-guanajuato-guardian-que-combate-el-fuego-y-protege-la-biodiversidad","status":"publish","type":"post","link":"https:\/\/periodiconuevomilenio.com\/index.php\/2025\/03\/09\/brigada-forestal-de-guanajuato-guardian-que-combate-el-fuego-y-protege-la-biodiversidad\/","title":{"rendered":"Brigada Forestal de Guanajuato, guardi\u00e1n que combate el fuego y protege la biodiversidad"},"content":{"rendered":"\n<p><strong>* La&nbsp;<\/strong><strong>Coordinaci\u00f3n Estatal de Protecci\u00f3n Civil cuenta con un equipo especializado para proteger a la biodiversidad&nbsp;<\/strong><strong>de una de&nbsp;<\/strong><strong>sus&nbsp;<\/strong><strong>mayores amenazas: los incendios forestales.<\/strong><\/p>\n\n\n\n<p><strong>* \u201cLa vida, los bienes y el entorno deben ser nuestra prioridad. Juntos podemos evitar que el fuego consuma lo que amamos\u201d, asegura&nbsp;<\/strong><strong>Julieta Iveth Armenta, brigadier forestal de la Coordinaci\u00f3n Estatal de Protecci\u00f3n Civil.<\/strong><\/p>\n\n\n\n<p><strong>Silao de la Victoria, Gto., a 09 de marzo de 2025.-&nbsp;<\/strong>Un grupo de&nbsp;valientes&nbsp;mujeres y hombres&nbsp;est\u00e1 preparado todos los d\u00edas para proteger la biodiversidad del estado de Guanajuato&nbsp;de una de&nbsp;sus&nbsp;mayores amenazas: los incendios forestales.&nbsp;En la prevenci\u00f3n, control y extinci\u00f3n es clave la colaboraci\u00f3n estrecha de la Brigada Forestal de la Coordinaci\u00f3n Estatal de Protecci\u00f3n Civil con instituciones ambientales de los tres niveles de gobierno.<\/p>\n\n\n\n<p>Julieta&nbsp;Iveth&nbsp;Armenta Serv\u00edn, brigadier forestal de la Coordinaci\u00f3n Estatal de Protecci\u00f3n Civil, comparte su experiencia y la labor que realiza la Brigada Forestal integrada por 25 personas con la posibilidad de expandirse&nbsp;a 138,&nbsp;de acuerdo con la magnitud del siniestro. \u201cApoyamos en el combate y la extinci\u00f3n de incendios forestales junto con las coordinaciones municipales de Protecci\u00f3n Civil y dependencias federales\u201d, explic\u00f3 de cara&nbsp;a la temporada de incendios forestales, pastizales, y lotes bald\u00edos que comenz\u00f3 en enero pasado y se estima que termine en junio.<\/p>\n\n\n\n<p>La misi\u00f3n de los integrantes&nbsp;la Brigada Forestal&nbsp;es&nbsp;preservar la fauna de las zonas serranas y boscosas de Guanajuato, entre las que se encuentran bosques de encino, con\u00edferas y de t\u00e1scate.<\/p>\n\n\n\n<p>Julieta&nbsp;Iveth, quien ingres\u00f3 a la brigada en 2016, destaca la importancia de la capacitaci\u00f3n. Todos reciben entrenamiento b\u00e1sico y avanzado en el combate de incendios forestales, as\u00ed como en el Sistema de Comando de Incidentes, que les permite actuar de manera coordinada y eficiente.&nbsp;\u201cEs fundamental tener tanto preparaci\u00f3n f\u00edsica como conocimiento t\u00e9cnico para enfrentar un incendio de manera segura y eficaz\u00bb, se\u00f1al\u00f3.<\/p>\n\n\n\n<p><strong>Mujeres en la primera l\u00ednea del fuego<\/strong><\/p>\n\n\n\n<p>El combate de los incendios forestales ha sido visto hist\u00f3ricamente como un campo con predominio masculino, sin embargo, en la Brigada Forestal de la Coordinaci\u00f3n Estatal de Protecci\u00f3n Civil hoy d\u00eda las mujeres tienen un papel fundamental. \u201cContamos con cinco compa\u00f1eras combatientes que pueden desempe\u00f1ar funciones tanto en la contenci\u00f3n del fuego como en el sistema de comando de incidentes en el \u00e1rea log\u00edstica\u201d, dijo.<\/p>\n\n\n\n<p>En el deseo de proteger flora y fauna, Armenta Serv\u00edn encontr\u00f3 su motivaci\u00f3n para unirse a la brigada. \u201cEs gratificante contribuir a la conservaci\u00f3n de nuestros ecosistemas y apoyar en la mitigaci\u00f3n de los incendios que pueden causar un impacto irreversible\u201d.<\/p>\n\n\n\n<p>Destac\u00f3 que \u201cno hay limitantes por ser mujer: podemos realizar cualquier actividad que nos propongamos. Lo importante es tener la motivaci\u00f3n y el compromiso necesarios para proteger nuestros ecosistemas\u201d.<\/p>\n\n\n\n<p>Julieta&nbsp;Iveth&nbsp;invit\u00f3 a que m\u00e1s mujeres se sumen a las brigadas forestales, ya sea integr\u00e1ndose a las ya existentes o formando una nueva en sus comunidades. El camino comienza con el acercamiento&nbsp;a las coordinaciones municipales de Protecci\u00f3n Civil. \u201cCualquier persona con la preparaci\u00f3n adecuada y la voluntad de ayudar puede integrarse\u201d, asegur\u00f3.<\/p>\n\n\n\n<p><strong>\u00bfHas visto caminar el fuego?, una carrera contra el tiempo<\/strong><\/p>\n\n\n\n<p>Las pupilas de Julieta brillan cuando describe c\u00f3mo el fuego puede avanzar de manera impredecible en terrenos complicados, como la Sierra de Santa Rosa. \u201cEl fuego camina, y lo hace r\u00e1pido. En ocasiones el viento cambia de direcci\u00f3n y el incendio se extiende hacia \u00e1reas que ya parec\u00edan seguras. Es una carrera contra el tiempo. En ocasiones debemos caminar m\u00e1s de 6 horas por terreno peligroso, pero no hay otra opci\u00f3n: hay que llegar para controlar las llamas\u201d.<\/p>\n\n\n\n<p>Cuando se detecta un incendio, el primer paso es recibir el reporte, ya sea de los propietarios de los terrenos afectados o a trav\u00e9s del n\u00famero de emergencias 9-1-1. La brigada act\u00faa en coordinaci\u00f3n con las autoridades municipales, estatales y federales, incluyendo la Comisi\u00f3n Nacional Forestal (Conafor) y en casos extremos la Secretar\u00eda de la Defensa Nacional y la Guardia Nacional.<\/p>\n\n\n\n<p>Uno de los incendios que m\u00e1s han marcado a&nbsp;Armenta Serv\u00edn&nbsp;fue el ocurrido en 2022 en la Sierra de Santa Rosa: durante varios d\u00edas la brigada trabaj\u00f3 con dependencias federales y comunidades locales para controlar el fuego. \u201cFue una experiencia intensa. La coordinaci\u00f3n de todas las partes fue clave para lograr apagar el incendio\u201d.<\/p>\n\n\n\n<p><strong>Prevenci\u00f3n, clave para proteger los bosques<\/strong><\/p>\n\n\n\n<p>Julieta&nbsp;Iveth&nbsp;hace un llamado a la poblaci\u00f3n para tomar medidas preventivas y evitar incendios forestales. Entre las recomendaciones m\u00e1s importantes se encuentran: no arrojar material inflamable en zonas boscosas o de pastizales; evitar fumar en \u00e1reas boscosas; recoger toda la basura generada durante los paseos; elegir adecuadamente el lugar para encender fogatas, asegur\u00e1ndose de que est\u00e9 alejado de pastos, \u00e1rboles y hojas secas, as\u00ed como asegurarse de apagar cualquier fogata.<\/p>\n\n\n\n<p>A trav\u00e9s de la Brigada Forestal la Secretar\u00eda de Seguridad y Paz del Gobierno de la Gente protege no s\u00f3lo los ecosistemas, sino tambi\u00e9n a las comunidades y sistemas estrat\u00e9gicos vitales. Su trabajo es un recordatorio de que la conservaci\u00f3n de la naturaleza es responsabilidad de todos, porque, dice Julieta&nbsp;Iveth, \u201cla vida, los bienes y el entorno deben ser nuestra prioridad. Juntos podemos evitar que el fuego consuma lo que m\u00e1s amamos\u201d.<\/p>\n\n\n\n<p>En caso de observar un incendio forestal, se recomienda a la poblaci\u00f3n en general identificar la ubicaci\u00f3n del sitio y reportarlo a la presidencia municipal m\u00e1s cercana, a la Conafor, al n\u00famero de emergencias 9-1-1 o al 800 7147911 de la Coordinaci\u00f3n Estatal de Protecci\u00f3n Civil que est\u00e1 disponible las 24 horas del d\u00eda.&nbsp;La acci\u00f3n r\u00e1pida puede marcar la diferencia entre un desastre controlado y una tragedia ambiental.<\/p>\n\n\n\n<figure class=\"wp-block-gallery has-nested-images columns-default is-cropped wp-block-gallery-1 is-layout-flex wp-block-gallery-is-layout-flex\">\n<figure class=\"wp-block-image size-large\"><img loading=\"lazy\" decoding=\"async\" width=\"1024\" height=\"768\" data-id=\"21677\" src=\"https:\/\/periodiconuevomilenio.com\/wp-content\/uploads\/2025\/03\/Brigada-Forestal-de-Guanajuato-guardian-que-combate-el-fuego-y-protege-la-biodiversidad-1-1024x768.jpg\" alt=\"\" class=\"wp-image-21677\" srcset=\"https:\/\/periodiconuevomilenio.com\/wp-content\/uploads\/2025\/03\/Brigada-Forestal-de-Guanajuato-guardian-que-combate-el-fuego-y-protege-la-biodiversidad-1-1024x768.jpg 1024w, https:\/\/periodiconuevomilenio.com\/wp-content\/uploads\/2025\/03\/Brigada-Forestal-de-Guanajuato-guardian-que-combate-el-fuego-y-protege-la-biodiversidad-1-300x225.jpg 300w, https:\/\/periodiconuevomilenio.com\/wp-content\/uploads\/2025\/03\/Brigada-Forestal-de-Guanajuato-guardian-que-combate-el-fuego-y-protege-la-biodiversidad-1-768x576.jpg 768w, https:\/\/periodiconuevomilenio.com\/wp-content\/uploads\/2025\/03\/Brigada-Forestal-de-Guanajuato-guardian-que-combate-el-fuego-y-protege-la-biodiversidad-1-1536x1152.jpg 1536w, https:\/\/periodiconuevomilenio.com\/wp-content\/uploads\/2025\/03\/Brigada-Forestal-de-Guanajuato-guardian-que-combate-el-fuego-y-protege-la-biodiversidad-1-2048x1536.jpg 2048w\" sizes=\"auto, (max-width: 1024px) 100vw, 1024px\" \/><\/figure>\n\n\n\n<figure class=\"wp-block-image size-large\"><img loading=\"lazy\" decoding=\"async\" width=\"1024\" height=\"768\" data-id=\"21680\" src=\"https:\/\/periodiconuevomilenio.com\/wp-content\/uploads\/2025\/03\/Brigada-Forestal-de-Guanajuato-guardian-que-combate-el-fuego-y-protege-la-biodiversidad-3-1024x768.jpg\" alt=\"\" class=\"wp-image-21680\" srcset=\"https:\/\/periodiconuevomilenio.com\/wp-content\/uploads\/2025\/03\/Brigada-Forestal-de-Guanajuato-guardian-que-combate-el-fuego-y-protege-la-biodiversidad-3-1024x768.jpg 1024w, https:\/\/periodiconuevomilenio.com\/wp-content\/uploads\/2025\/03\/Brigada-Forestal-de-Guanajuato-guardian-que-combate-el-fuego-y-protege-la-biodiversidad-3-300x225.jpg 300w, https:\/\/periodiconuevomilenio.com\/wp-content\/uploads\/2025\/03\/Brigada-Forestal-de-Guanajuato-guardian-que-combate-el-fuego-y-protege-la-biodiversidad-3-768x576.jpg 768w, https:\/\/periodiconuevomilenio.com\/wp-content\/uploads\/2025\/03\/Brigada-Forestal-de-Guanajuato-guardian-que-combate-el-fuego-y-protege-la-biodiversidad-3-1536x1152.jpg 1536w, https:\/\/periodiconuevomilenio.com\/wp-content\/uploads\/2025\/03\/Brigada-Forestal-de-Guanajuato-guardian-que-combate-el-fuego-y-protege-la-biodiversidad-3-2048x1536.jpg 2048w\" sizes=\"auto, (max-width: 1024px) 100vw, 1024px\" \/><\/figure>\n\n\n\n<figure class=\"wp-block-image size-large\"><img loading=\"lazy\" decoding=\"async\" width=\"1024\" height=\"768\" data-id=\"21681\" src=\"https:\/\/periodiconuevomilenio.com\/wp-content\/uploads\/2025\/03\/Brigada-Forestal-de-Guanajuato-guardian-que-combate-el-fuego-y-protege-la-biodiversidad-5-1024x768.jpg\" alt=\"\" class=\"wp-image-21681\" srcset=\"https:\/\/periodiconuevomilenio.com\/wp-content\/uploads\/2025\/03\/Brigada-Forestal-de-Guanajuato-guardian-que-combate-el-fuego-y-protege-la-biodiversidad-5-1024x768.jpg 1024w, https:\/\/periodiconuevomilenio.com\/wp-content\/uploads\/2025\/03\/Brigada-Forestal-de-Guanajuato-guardian-que-combate-el-fuego-y-protege-la-biodiversidad-5-300x225.jpg 300w, https:\/\/periodiconuevomilenio.com\/wp-content\/uploads\/2025\/03\/Brigada-Forestal-de-Guanajuato-guardian-que-combate-el-fuego-y-protege-la-biodiversidad-5-768x576.jpg 768w, https:\/\/periodiconuevomilenio.com\/wp-content\/uploads\/2025\/03\/Brigada-Forestal-de-Guanajuato-guardian-que-combate-el-fuego-y-protege-la-biodiversidad-5-1536x1152.jpg 1536w, https:\/\/periodiconuevomilenio.com\/wp-content\/uploads\/2025\/03\/Brigada-Forestal-de-Guanajuato-guardian-que-combate-el-fuego-y-protege-la-biodiversidad-5-2048x1536.jpg 2048w\" sizes=\"auto, (max-width: 1024px) 100vw, 1024px\" \/><\/figure>\n\n\n\n<figure class=\"wp-block-image size-large\"><img loading=\"lazy\" decoding=\"async\" width=\"1024\" height=\"768\" data-id=\"21678\" src=\"https:\/\/periodiconuevomilenio.com\/wp-content\/uploads\/2025\/03\/Brigada-Forestal-de-Guanajuato-guardian-que-combate-el-fuego-y-protege-la-biodiversidad-4-1024x768.jpg\" alt=\"\" class=\"wp-image-21678\" srcset=\"https:\/\/periodiconuevomilenio.com\/wp-content\/uploads\/2025\/03\/Brigada-Forestal-de-Guanajuato-guardian-que-combate-el-fuego-y-protege-la-biodiversidad-4-1024x768.jpg 1024w, https:\/\/periodiconuevomilenio.com\/wp-content\/uploads\/2025\/03\/Brigada-Forestal-de-Guanajuato-guardian-que-combate-el-fuego-y-protege-la-biodiversidad-4-300x225.jpg 300w, https:\/\/periodiconuevomilenio.com\/wp-content\/uploads\/2025\/03\/Brigada-Forestal-de-Guanajuato-guardian-que-combate-el-fuego-y-protege-la-biodiversidad-4-768x576.jpg 768w, https:\/\/periodiconuevomilenio.com\/wp-content\/uploads\/2025\/03\/Brigada-Forestal-de-Guanajuato-guardian-que-combate-el-fuego-y-protege-la-biodiversidad-4-1536x1152.jpg 1536w, https:\/\/periodiconuevomilenio.com\/wp-content\/uploads\/2025\/03\/Brigada-Forestal-de-Guanajuato-guardian-que-combate-el-fuego-y-protege-la-biodiversidad-4-2048x1536.jpg 2048w\" sizes=\"auto, (max-width: 1024px) 100vw, 1024px\" \/><\/figure>\n\n\n\n<figure class=\"wp-block-image size-large\"><img loading=\"lazy\" decoding=\"async\" width=\"1024\" height=\"768\" data-id=\"21679\" src=\"https:\/\/periodiconuevomilenio.com\/wp-content\/uploads\/2025\/03\/Brigada-Forestal-de-Guanajuato-guardian-que-combate-el-fuego-y-protege-la-biodiversidad-2-1024x768.jpg\" alt=\"\" class=\"wp-image-21679\" srcset=\"https:\/\/periodiconuevomilenio.com\/wp-content\/uploads\/2025\/03\/Brigada-Forestal-de-Guanajuato-guardian-que-combate-el-fuego-y-protege-la-biodiversidad-2-1024x768.jpg 1024w, https:\/\/periodiconuevomilenio.com\/wp-content\/uploads\/2025\/03\/Brigada-Forestal-de-Guanajuato-guardian-que-combate-el-fuego-y-protege-la-biodiversidad-2-300x225.jpg 300w, https:\/\/periodiconuevomilenio.com\/wp-content\/uploads\/2025\/03\/Brigada-Forestal-de-Guanajuato-guardian-que-combate-el-fuego-y-protege-la-biodiversidad-2-768x576.jpg 768w, https:\/\/periodiconuevomilenio.com\/wp-content\/uploads\/2025\/03\/Brigada-Forestal-de-Guanajuato-guardian-que-combate-el-fuego-y-protege-la-biodiversidad-2-1536x1152.jpg 1536w, https:\/\/periodiconuevomilenio.com\/wp-content\/uploads\/2025\/03\/Brigada-Forestal-de-Guanajuato-guardian-que-combate-el-fuego-y-protege-la-biodiversidad-2-2048x1536.jpg 2048w\" sizes=\"auto, (max-width: 1024px) 100vw, 1024px\" \/><\/figure>\n<\/figure>\n\n\n","protected":false},"excerpt":{"rendered":"<p>* La&nbsp;Coordinaci\u00f3n Estatal de Protecci\u00f3n Civil cuenta con un equipo especializado para proteger a la biodiversidad&nbsp;de una de&nbsp;sus&nbsp;mayores<\/p>\n","protected":false},"author":1,"featured_media":21681,"comment_status":"open","ping_status":"open","sticky":false,"template":"","format":"standard","meta":{"jetpack_post_was_ever_published":false,"_jetpack_newsletter_access":"","_jetpack_dont_email_post_to_subs":false,"_jetpack_newsletter_tier_id":0,"_jetpack_memberships_contains_paywalled_content":false,"_jetpack_memberships_contains_paid_content":false,"footnotes":"","jetpack_publicize_message":"","jetpack_publicize_feature_enabled":false,"jetpack_social_post_already_shared":false,"jetpack_social_options":{"image_generator_settings":{"template":"highway","enabled":false},"version":2}},"categories":[31],"tags":[51],"class_list":["post-21676","post","type-post","status-publish","format-standard","has-post-thumbnail","hentry","category-estado","tag-estado"],"jetpack_publicize_connections":[],"jetpack_sharing_enabled":true,"jetpack_featured_media_url":"https:\/\/periodiconuevomilenio.com\/wp-content\/uploads\/2025\/03\/Brigada-Forestal-de-Guanajuato-guardian-que-combate-el-fuego-y-protege-la-biodiversidad-5-scaled.jpg","_links":{"self":[{"href":"https:\/\/periodiconuevomilenio.com\/index.php\/wp-json\/wp\/v2\/posts\/21676","targetHints":{"allow":["GET"]}}],"collection":[{"href":"https:\/\/periodiconuevomilenio.com\/index.php\/wp-json\/wp\/v2\/posts"}],"about":[{"href":"https:\/\/periodiconuevomilenio.com\/index.php\/wp-json\/wp\/v2\/types\/post"}],"author":[{"embeddable":true,"href":"https:\/\/periodiconuevomilenio.com\/index.php\/wp-json\/wp\/v2\/users\/1"}],"replies":[{"embeddable":true,"href":"https:\/\/periodiconuevomilenio.com\/index.php\/wp-json\/wp\/v2\/comments?post=21676"}],"version-history":[{"count":1,"href":"https:\/\/periodiconuevomilenio.com\/index.php\/wp-json\/wp\/v2\/posts\/21676\/revisions"}],"predecessor-version":[{"id":21682,"href":"https:\/\/periodiconuevomilenio.com\/index.php\/wp-json\/wp\/v2\/posts\/21676\/revisions\/21682"}],"wp:featuredmedia":[{"embeddable":true,"href":"https:\/\/periodiconuevomilenio.com\/index.php\/wp-json\/wp\/v2\/media\/21681"}],"wp:attachment":[{"href":"https:\/\/periodiconuevomilenio.com\/index.php\/wp-json\/wp\/v2\/media?parent=21676"}],"wp:term":[{"taxonomy":"category","embeddable":true,"href":"https:\/\/periodiconuevomilenio.com\/index.php\/wp-json\/wp\/v2\/categories?post=21676"},{"taxonomy":"post_tag","embeddable":true,"href":"https:\/\/periodiconuevomilenio.com\/index.php\/wp-json\/wp\/v2\/tags?post=21676"}],"curies":[{"name":"wp","href":"https:\/\/api.w.org\/{rel}","templated":true}]}}