{"id":21755,"date":"2025-03-12T12:41:38","date_gmt":"2025-03-12T18:41:38","guid":{"rendered":"https:\/\/periodiconuevomilenio.com\/?p=21755"},"modified":"2025-03-12T12:41:40","modified_gmt":"2025-03-12T18:41:40","slug":"fgeg-vinculan-a-proceso-penal-a-dos-sujetos-por-homicidio-y-tentativa-de-homicidio-en-valle-de-santiago","status":"publish","type":"post","link":"https:\/\/periodiconuevomilenio.com\/index.php\/2025\/03\/12\/fgeg-vinculan-a-proceso-penal-a-dos-sujetos-por-homicidio-y-tentativa-de-homicidio-en-valle-de-santiago\/","title":{"rendered":"FGEG: Vinculan a proceso penal a dos sujetos por homicidio y tentativa de homicidio en Valle de Santiago"},"content":{"rendered":"\n<p><\/p>\n\n\n\n<p>La Fiscal\u00eda General del Estado de Guanajuato logr\u00f3 la vinculaci\u00f3n a proceso penal de <strong>JOS\u00c9 ALFREDO \u201cN\u201d y ALFREDO \u201cN\u201d, <\/strong>por su presunta participaci\u00f3n en los delitos de homicidio simple y homicidio simple en grado de tentativa, registrados en el municipio de Valle de Santiago.<\/p>\n\n\n\n<p>Los hechos ocurrieron el 14 de julio de 2024, alrededor de las 21:35 horas, cuando las v\u00edctimas, un hombre, una mujer y un menor de edad, se encontraban en la calle Jos\u00e9 Clemente Orozco, en la colonia La Loma.<\/p>\n\n\n\n<p>En ese momento, los agresores llegaron al lugar a bordo de una camioneta desde la que accionaron un arma de fuego contra las v\u00edctimas, para luego huir de la escena.<\/p>\n\n\n\n<p>A &nbsp;consecuencia&nbsp; del&nbsp; ataque, &nbsp;las&nbsp; v\u00edctimas &nbsp;fueron trasladadas &nbsp;para &nbsp;recibir &nbsp;atenci\u00f3n &nbsp;m\u00e9dica.&nbsp; Sin embargo, el 18 de julio de 2024, el hombre perdi\u00f3 la vida debido a la gravedad de las heridas provocadas por los impactos de bala.<\/p>\n\n\n\n<p>Un equipo de investigaci\u00f3n recab\u00f3 elementos de prueba que permitieron identificar a los presuntos culpables, por quienes se solicitaron las \u00f3rdenes de aprehensi\u00f3n correspondientes.<\/p>\n\n\n\n<p>Mediante un despliegue de agentes de investigaci\u00f3n criminal, <strong>JOS\u00c9 ALFREDO \u201cN\u201d y ALFREDO \u201cN\u201d <\/strong>fueron capturados y llevados ante un juez, donde conocieron los cargos imputados por el Ministerio P\u00fablico.<\/p>\n\n\n\n<p>Para concluir la audiencia, ambos fueron vinculados a proceso penal por los delitos de homicidio simple y homicidio simple en grado de tentativa. Como medida cautelar, se dict\u00f3 prisi\u00f3n preventiva en su contra, por lo que permanecer\u00e1n privados de la libertad mientras se desarrolla el proceso judicial.<\/p>\n\n\n\n<figure class=\"wp-block-image size-large\"><img loading=\"lazy\" decoding=\"async\" width=\"825\" height=\"1024\" src=\"https:\/\/periodiconuevomilenio.com\/wp-content\/uploads\/2025\/03\/73b1612b-f952-43ae-ad54-4adb07d75e64-825x1024.jpg\" alt=\"\" class=\"wp-image-21756\" srcset=\"https:\/\/periodiconuevomilenio.com\/wp-content\/uploads\/2025\/03\/73b1612b-f952-43ae-ad54-4adb07d75e64-825x1024.jpg 825w, https:\/\/periodiconuevomilenio.com\/wp-content\/uploads\/2025\/03\/73b1612b-f952-43ae-ad54-4adb07d75e64-242x300.jpg 242w, https:\/\/periodiconuevomilenio.com\/wp-content\/uploads\/2025\/03\/73b1612b-f952-43ae-ad54-4adb07d75e64-768x953.jpg 768w, https:\/\/periodiconuevomilenio.com\/wp-content\/uploads\/2025\/03\/73b1612b-f952-43ae-ad54-4adb07d75e64-1237x1536.jpg 1237w, https:\/\/periodiconuevomilenio.com\/wp-content\/uploads\/2025\/03\/73b1612b-f952-43ae-ad54-4adb07d75e64-1024x1271.jpg 1024w, https:\/\/periodiconuevomilenio.com\/wp-content\/uploads\/2025\/03\/73b1612b-f952-43ae-ad54-4adb07d75e64.jpg 1289w\" sizes=\"auto, (max-width: 825px) 100vw, 825px\" \/><\/figure>\n\n\n","protected":false},"excerpt":{"rendered":"<p>La Fiscal\u00eda General del Estado de Guanajuato logr\u00f3 la vinculaci\u00f3n a proceso penal de JOS\u00c9 ALFREDO \u201cN\u201d y<\/p>\n","protected":false},"author":1,"featured_media":21756,"comment_status":"open","ping_status":"open","sticky":false,"template":"","format":"standard","meta":{"jetpack_post_was_ever_published":false,"_jetpack_newsletter_access":"","_jetpack_dont_email_post_to_subs":false,"_jetpack_newsletter_tier_id":0,"_jetpack_memberships_contains_paywalled_content":false,"_jetpack_memberships_contains_paid_content":false,"footnotes":"","jetpack_publicize_message":"","jetpack_publicize_feature_enabled":false,"jetpack_social_post_already_shared":false,"jetpack_social_options":{"image_generator_settings":{"template":"highway","enabled":false},"version":2}},"categories":[48,39],"tags":[22],"class_list":["post-21755","post","type-post","status-publish","format-standard","has-post-thumbnail","hentry","category-policiaca","category-valle-de-santiago","tag-valle"],"jetpack_publicize_connections":[],"jetpack_sharing_enabled":true,"jetpack_featured_media_url":"https:\/\/periodiconuevomilenio.com\/wp-content\/uploads\/2025\/03\/73b1612b-f952-43ae-ad54-4adb07d75e64.jpg","_links":{"self":[{"href":"https:\/\/periodiconuevomilenio.com\/index.php\/wp-json\/wp\/v2\/posts\/21755","targetHints":{"allow":["GET"]}}],"collection":[{"href":"https:\/\/periodiconuevomilenio.com\/index.php\/wp-json\/wp\/v2\/posts"}],"about":[{"href":"https:\/\/periodiconuevomilenio.com\/index.php\/wp-json\/wp\/v2\/types\/post"}],"author":[{"embeddable":true,"href":"https:\/\/periodiconuevomilenio.com\/index.php\/wp-json\/wp\/v2\/users\/1"}],"replies":[{"embeddable":true,"href":"https:\/\/periodiconuevomilenio.com\/index.php\/wp-json\/wp\/v2\/comments?post=21755"}],"version-history":[{"count":1,"href":"https:\/\/periodiconuevomilenio.com\/index.php\/wp-json\/wp\/v2\/posts\/21755\/revisions"}],"predecessor-version":[{"id":21757,"href":"https:\/\/periodiconuevomilenio.com\/index.php\/wp-json\/wp\/v2\/posts\/21755\/revisions\/21757"}],"wp:featuredmedia":[{"embeddable":true,"href":"https:\/\/periodiconuevomilenio.com\/index.php\/wp-json\/wp\/v2\/media\/21756"}],"wp:attachment":[{"href":"https:\/\/periodiconuevomilenio.com\/index.php\/wp-json\/wp\/v2\/media?parent=21755"}],"wp:term":[{"taxonomy":"category","embeddable":true,"href":"https:\/\/periodiconuevomilenio.com\/index.php\/wp-json\/wp\/v2\/categories?post=21755"},{"taxonomy":"post_tag","embeddable":true,"href":"https:\/\/periodiconuevomilenio.com\/index.php\/wp-json\/wp\/v2\/tags?post=21755"}],"curies":[{"name":"wp","href":"https:\/\/api.w.org\/{rel}","templated":true}]}}