{"id":21829,"date":"2025-03-13T20:38:41","date_gmt":"2025-03-14T02:38:41","guid":{"rendered":"https:\/\/periodiconuevomilenio.com\/?p=21829"},"modified":"2025-03-13T20:38:42","modified_gmt":"2025-03-14T02:38:42","slug":"honor-al-merito-reconocimiento-al-desempeno-en-la-procuracion-de-justicia","status":"publish","type":"post","link":"https:\/\/periodiconuevomilenio.com\/index.php\/2025\/03\/13\/honor-al-merito-reconocimiento-al-desempeno-en-la-procuracion-de-justicia\/","title":{"rendered":"Honor \u00a0al\u00a0 \u00a0M\u00e9rito:\u00a0 \u00a0Reconocimiento\u00a0 \u00a0al\u00a0 \u00a0Desempe\u00f1o \u00a0en \u00a0la Procuraci\u00f3n de Justicia"},"content":{"rendered":"\n<p><\/p>\n\n\n\n<p>Como parte del compromiso de la&nbsp; <strong>F<\/strong><strong>iscal\u00eda General de&nbsp; <\/strong><strong>la &nbsp;Rep\u00fablica <\/strong>con la excelencia en la &nbsp;procuraci\u00f3n de justicia, &nbsp;se ha otorgado un reconocimiento al <strong>Fiscal General del Estado de Guanajuato, Dr. Gerardo V\u00e1zquez Alatriste<\/strong>. Este distintivo &nbsp;se otorga a aquellos servidores p\u00fablicos que han destacado por su desempe\u00f1o excepcional en la resoluci\u00f3n de casos relevantes, la obtenci\u00f3n de sentencias significativas y la &nbsp;implementaci\u00f3n de estrategias &nbsp;innovadoras en el \u00e1mbito de la justicia.<\/p>\n\n\n\n<p>Tras &nbsp;un exhaustivo proceso de evaluaci\u00f3n, la &nbsp;<strong>Fiscal\u00eda Especializada &nbsp;de Control Regional (FECOR) &nbsp;<\/strong>propuso al <strong>Dr. &nbsp;Gerardo V\u00e1zquez Alatriste <\/strong>para este reconocimiento, destacando su dedicaci\u00f3n, &nbsp;compromiso, logros obtenidos y su importante labor en el fortalecimiento del sistema de justicia penal.<\/p>\n\n\n\n<p>Durante la &nbsp;ceremonia de premiaci\u00f3n, se reconoci\u00f3 a servidores p\u00fablicos de las Fiscal\u00edas Federales &nbsp;de &nbsp;diversos &nbsp;estados, &nbsp;quienes &nbsp;han&nbsp;&nbsp; sobresalido &nbsp;por &nbsp;su contribuci\u00f3n al &nbsp;bienestar de la &nbsp;ciudadan\u00eda y al &nbsp;fortalecimiento de la &nbsp;justicia &nbsp;en M\u00e9xico.<\/p>\n\n\n\n<p>El <strong>Dr. Gerardo V\u00e1zquez Alatriste <\/strong>es un destacado jurista mexicano con m\u00e1s de tres d\u00e9cadas de experiencia en la &nbsp;procuraci\u00f3n de justicia. &nbsp;A &nbsp;lo &nbsp;largo de su trayectoria en la &nbsp;<strong>Fiscal\u00eda General &nbsp;de la &nbsp;Rep\u00fablica (FGR)<\/strong>, &nbsp;ha ocupado diversos cargos &nbsp;de &nbsp;alta&nbsp; &nbsp;relevancia &nbsp;en&nbsp;&nbsp; la&nbsp; &nbsp;lucha &nbsp;contra &nbsp;el&nbsp;&nbsp; &nbsp;crimen&nbsp; &nbsp;organizado, &nbsp;la implementaci\u00f3n&nbsp; del Sistema de Justicia Penal &nbsp;y &nbsp;la &nbsp;defensa de los &nbsp;derechos humanos.<\/p>\n\n\n\n<p>El 3 de febrero de 2025, fue designado <strong>Fiscal General del Estado de Guanajuato<\/strong>, asumiendo el desaf\u00edo de consolidar un modelo de procuraci\u00f3n de justicia con un enfoque humanista, centrado en la protecci\u00f3n de los derechos fundamentales, la atenci\u00f3n integral a las v\u00edctimas y el fortalecimiento del Estado de Derecho.<\/p>\n\n\n\n<p>Previamente, desde el &nbsp;1 &nbsp;de septiembre&nbsp; de 2023, se desempe\u00f1\u00f3 &nbsp;como <strong>Fiscal Federal &nbsp;en Guanajuato<\/strong>, liderando la lucha contra delitos de alto impacto en la entidad. Adem\u00e1s, ocup\u00f3 el cargo de <strong>Delegado &nbsp;Estatal de <\/strong><strong>la FGR <\/strong>en los estados de &nbsp;Hidalgo, Puebla, &nbsp;Jalisco &nbsp;y&nbsp;&nbsp; Sonora, destac\u00e1ndose&nbsp; &nbsp;como &nbsp;<strong>pionero &nbsp;en &nbsp;<\/strong><strong>la implementaci\u00f3n del nuevo modelo de justicia &nbsp;penal en el \u00e1mbito federal<\/strong>,<\/p>\n\n\n\n<p>logrando hitos como la realizaci\u00f3n de la <strong>P<\/strong><strong>r<\/strong><strong>i<\/strong><strong>m<\/strong><strong>er<\/strong><strong>a<\/strong><strong> <\/strong><strong>A<\/strong><strong>udiencia de Juicio <\/strong><strong>O<\/strong><strong>ra<\/strong><strong>l <\/strong>en la jurisdicci\u00f3n federal.<\/p>\n\n\n\n<p>A &nbsp;lo &nbsp;largo &nbsp;de su carrera, ha encabezado investigaciones &nbsp;de gran relevancia, destacando su labor como <strong>Fiscal Especial en el <\/strong><strong>Caso Posadas Ocampo<\/strong>, uno de los expedientes m\u00e1s emblem\u00e1ticos de la historia jur\u00eddica de M\u00e9xico.<\/p>\n\n\n\n<p>El <strong>Dr.&nbsp; V\u00e1zquez Alatriste <\/strong>es Doctor en Anticorrupci\u00f3n y Sistema de Justicia. Ha complementado su formaci\u00f3n con estudios en prestigiosas instituciones como la <strong>Universidad de Salamanca <\/strong>(Espa\u00f1a), el <strong>FBI <\/strong>en San Diego (EE.UU.) y el <strong>Encuentro Iberoamericano sobre Derechos Humanos <\/strong>en La Habana (Cuba).<\/p>\n\n\n\n<p>Adem\u00e1s, ha &nbsp;sido&nbsp; docente &nbsp;de &nbsp;<strong>Derecho &nbsp;Consti<\/strong><strong>tuc<\/strong><strong>i<\/strong><strong>o<\/strong><strong>n<\/strong><strong>al &nbsp;<\/strong>en &nbsp;la&nbsp; &nbsp;<strong>Universidad Aut\u00f3noma&nbsp; &nbsp;de&nbsp; &nbsp;Baja &nbsp;California Sur&nbsp;&nbsp;&nbsp; <\/strong>y&nbsp; &nbsp;ha &nbsp;impartido &nbsp;cursos &nbsp;y&nbsp; &nbsp;diplomados especializados en justicia penal para adolescentes, crimen organizado y derechos humanos, en colaboraci\u00f3n con la <strong>Comisi\u00f3n Nacional de los Derechos Humanos <\/strong>(CNDH) &nbsp;y otras instituciones de renombre.<\/p>\n\n\n\n<p>Desde su llegada a la <strong>Fiscal\u00eda General del Estado de Guanajuato<\/strong>, el <strong>Dr. Gerardo V\u00e1zquez &nbsp;Alatriste &nbsp;<\/strong>ha &nbsp;trabajado en &nbsp;la&nbsp; &nbsp;implementaci\u00f3n &nbsp;de&nbsp; un &nbsp;modelo de procuraci\u00f3n de justicia humanista.<\/p>\n\n\n\n<p>Su liderazgo ha sido clave en la lucha contra la impunidad, fortaleciendo el acceso a la &nbsp;justicia y promoviendo estrategias para combatir delitos que afectan a la sociedad guanajuatense.<\/p>\n\n\n\n<p>El reconocimiento entregado en esta ceremonia refleja el esfuerzo conjunto de servidores p\u00fablicos comprometidos con la legalidad, la transparencia y la defensa de los &nbsp;derechos humanos, pilares fundamentales &nbsp;para la &nbsp;construcci\u00f3n de un Guanajuato m\u00e1s justo para todos.<\/p>\n\n\n\n<figure class=\"wp-block-image size-large\"><img loading=\"lazy\" decoding=\"async\" width=\"1024\" height=\"576\" src=\"https:\/\/periodiconuevomilenio.com\/wp-content\/uploads\/2025\/03\/com_fge_130325-1024x576.jpeg\" alt=\"\" class=\"wp-image-21830\" srcset=\"https:\/\/periodiconuevomilenio.com\/wp-content\/uploads\/2025\/03\/com_fge_130325-1024x576.jpeg 1024w, https:\/\/periodiconuevomilenio.com\/wp-content\/uploads\/2025\/03\/com_fge_130325-300x169.jpeg 300w, https:\/\/periodiconuevomilenio.com\/wp-content\/uploads\/2025\/03\/com_fge_130325-768x432.jpeg 768w, https:\/\/periodiconuevomilenio.com\/wp-content\/uploads\/2025\/03\/com_fge_130325-1536x864.jpeg 1536w, https:\/\/periodiconuevomilenio.com\/wp-content\/uploads\/2025\/03\/com_fge_130325-1280x720.jpeg 1280w, https:\/\/periodiconuevomilenio.com\/wp-content\/uploads\/2025\/03\/com_fge_130325.jpeg 1600w\" sizes=\"auto, (max-width: 1024px) 100vw, 1024px\" \/><\/figure>\n\n\n","protected":false},"excerpt":{"rendered":"<p>Como parte del compromiso de la&nbsp; Fiscal\u00eda General de&nbsp; la &nbsp;Rep\u00fablica con la excelencia en la &nbsp;procuraci\u00f3n de<\/p>\n","protected":false},"author":1,"featured_media":21830,"comment_status":"open","ping_status":"open","sticky":false,"template":"","format":"standard","meta":{"jetpack_post_was_ever_published":false,"_jetpack_newsletter_access":"","_jetpack_dont_email_post_to_subs":false,"_jetpack_newsletter_tier_id":0,"_jetpack_memberships_contains_paywalled_content":false,"_jetpack_memberships_contains_paid_content":false,"footnotes":"","jetpack_publicize_message":"","jetpack_publicize_feature_enabled":false,"jetpack_social_post_already_shared":false,"jetpack_social_options":{"image_generator_settings":{"template":"highway","enabled":false},"version":2}},"categories":[31],"tags":[51],"class_list":["post-21829","post","type-post","status-publish","format-standard","has-post-thumbnail","hentry","category-estado","tag-estado"],"jetpack_publicize_connections":[],"jetpack_sharing_enabled":true,"jetpack_featured_media_url":"https:\/\/periodiconuevomilenio.com\/wp-content\/uploads\/2025\/03\/com_fge_130325.jpeg","_links":{"self":[{"href":"https:\/\/periodiconuevomilenio.com\/index.php\/wp-json\/wp\/v2\/posts\/21829","targetHints":{"allow":["GET"]}}],"collection":[{"href":"https:\/\/periodiconuevomilenio.com\/index.php\/wp-json\/wp\/v2\/posts"}],"about":[{"href":"https:\/\/periodiconuevomilenio.com\/index.php\/wp-json\/wp\/v2\/types\/post"}],"author":[{"embeddable":true,"href":"https:\/\/periodiconuevomilenio.com\/index.php\/wp-json\/wp\/v2\/users\/1"}],"replies":[{"embeddable":true,"href":"https:\/\/periodiconuevomilenio.com\/index.php\/wp-json\/wp\/v2\/comments?post=21829"}],"version-history":[{"count":1,"href":"https:\/\/periodiconuevomilenio.com\/index.php\/wp-json\/wp\/v2\/posts\/21829\/revisions"}],"predecessor-version":[{"id":21831,"href":"https:\/\/periodiconuevomilenio.com\/index.php\/wp-json\/wp\/v2\/posts\/21829\/revisions\/21831"}],"wp:featuredmedia":[{"embeddable":true,"href":"https:\/\/periodiconuevomilenio.com\/index.php\/wp-json\/wp\/v2\/media\/21830"}],"wp:attachment":[{"href":"https:\/\/periodiconuevomilenio.com\/index.php\/wp-json\/wp\/v2\/media?parent=21829"}],"wp:term":[{"taxonomy":"category","embeddable":true,"href":"https:\/\/periodiconuevomilenio.com\/index.php\/wp-json\/wp\/v2\/categories?post=21829"},{"taxonomy":"post_tag","embeddable":true,"href":"https:\/\/periodiconuevomilenio.com\/index.php\/wp-json\/wp\/v2\/tags?post=21829"}],"curies":[{"name":"wp","href":"https:\/\/api.w.org\/{rel}","templated":true}]}}