{"id":21840,"date":"2025-03-14T17:02:50","date_gmt":"2025-03-14T23:02:50","guid":{"rendered":"https:\/\/periodiconuevomilenio.com\/?p=21840"},"modified":"2025-03-14T17:02:51","modified_gmt":"2025-03-14T23:02:51","slug":"vinculan-a-proceso-a-pedro-de-jesus-n-por-homicidio-en-irapuato","status":"publish","type":"post","link":"https:\/\/periodiconuevomilenio.com\/index.php\/2025\/03\/14\/vinculan-a-proceso-a-pedro-de-jesus-n-por-homicidio-en-irapuato\/","title":{"rendered":"VINCULAN A PROCESO A PEDRO DE JES\u00daS \u201cN\u201d POR HOMICIDIO EN IRAPUATO"},"content":{"rendered":"\n<p><strong>PEDRO DE JES\u00daS \u201cN\u201d <\/strong>permanecer\u00e1 en prisi\u00f3n, acusado del delito de homicidio en la colonia Los Presidentes, luego de que la Fiscal\u00eda General del Estado de Guanajuato lograra su vinculaci\u00f3n a proceso penal.<\/p>\n\n\n\n<p>Los hechos ocurrieron la noche del 28 de julio de 2024, entre las 20:00 y 20:30 horas, cuando la v\u00edctima, realizaba reparaciones en una camioneta afuera de un domicilio. En ese momento, el acusado lleg\u00f3 al lugar y le dispar\u00f3 directamente, caus\u00e1ndole heridas de gravedad que, pese a recibir atenci\u00f3n m\u00e9dica, le provocaron la muerte.<\/p>\n\n\n\n<p>Tras analizar los datos de prueba presentados por el Ministerio P\u00fablico, el Juez da a conocer que existen elementos para acreditar la probable responsabilidad de <strong>PEDRO DE JES\u00daS \u201cN\u201d <\/strong>en el crimen, por lo que orden\u00f3 su permanencia en prisi\u00f3n preventiva mientras se desarrollan las investigaciones complementarias.<\/p>\n\n\n\n<figure class=\"wp-block-image size-large\"><img loading=\"lazy\" decoding=\"async\" width=\"825\" height=\"1024\" src=\"https:\/\/periodiconuevomilenio.com\/wp-content\/uploads\/2025\/03\/30de31ac-3a78-466b-a2c5-acb45a66ec94-825x1024.jpg\" alt=\"\" class=\"wp-image-21841\" srcset=\"https:\/\/periodiconuevomilenio.com\/wp-content\/uploads\/2025\/03\/30de31ac-3a78-466b-a2c5-acb45a66ec94-825x1024.jpg 825w, https:\/\/periodiconuevomilenio.com\/wp-content\/uploads\/2025\/03\/30de31ac-3a78-466b-a2c5-acb45a66ec94-242x300.jpg 242w, https:\/\/periodiconuevomilenio.com\/wp-content\/uploads\/2025\/03\/30de31ac-3a78-466b-a2c5-acb45a66ec94-768x953.jpg 768w, https:\/\/periodiconuevomilenio.com\/wp-content\/uploads\/2025\/03\/30de31ac-3a78-466b-a2c5-acb45a66ec94-1237x1536.jpg 1237w, https:\/\/periodiconuevomilenio.com\/wp-content\/uploads\/2025\/03\/30de31ac-3a78-466b-a2c5-acb45a66ec94-1024x1271.jpg 1024w, https:\/\/periodiconuevomilenio.com\/wp-content\/uploads\/2025\/03\/30de31ac-3a78-466b-a2c5-acb45a66ec94.jpg 1289w\" sizes=\"auto, (max-width: 825px) 100vw, 825px\" \/><\/figure>\n\n\n","protected":false},"excerpt":{"rendered":"<p>PEDRO DE JES\u00daS \u201cN\u201d permanecer\u00e1 en prisi\u00f3n, acusado del delito de homicidio en la colonia Los Presidentes, luego<\/p>\n","protected":false},"author":1,"featured_media":21841,"comment_status":"open","ping_status":"open","sticky":false,"template":"","format":"standard","meta":{"jetpack_post_was_ever_published":false,"_jetpack_newsletter_access":"","_jetpack_dont_email_post_to_subs":false,"_jetpack_newsletter_tier_id":0,"_jetpack_memberships_contains_paywalled_content":false,"_jetpack_memberships_contains_paid_content":false,"footnotes":"","jetpack_publicize_message":"","jetpack_publicize_feature_enabled":false,"jetpack_social_post_already_shared":false,"jetpack_social_options":{"image_generator_settings":{"template":"highway","enabled":false},"version":2}},"categories":[31,48],"tags":[51],"class_list":["post-21840","post","type-post","status-publish","format-standard","has-post-thumbnail","hentry","category-estado","category-policiaca","tag-estado"],"jetpack_publicize_connections":[],"jetpack_sharing_enabled":true,"jetpack_featured_media_url":"https:\/\/periodiconuevomilenio.com\/wp-content\/uploads\/2025\/03\/30de31ac-3a78-466b-a2c5-acb45a66ec94.jpg","_links":{"self":[{"href":"https:\/\/periodiconuevomilenio.com\/index.php\/wp-json\/wp\/v2\/posts\/21840","targetHints":{"allow":["GET"]}}],"collection":[{"href":"https:\/\/periodiconuevomilenio.com\/index.php\/wp-json\/wp\/v2\/posts"}],"about":[{"href":"https:\/\/periodiconuevomilenio.com\/index.php\/wp-json\/wp\/v2\/types\/post"}],"author":[{"embeddable":true,"href":"https:\/\/periodiconuevomilenio.com\/index.php\/wp-json\/wp\/v2\/users\/1"}],"replies":[{"embeddable":true,"href":"https:\/\/periodiconuevomilenio.com\/index.php\/wp-json\/wp\/v2\/comments?post=21840"}],"version-history":[{"count":1,"href":"https:\/\/periodiconuevomilenio.com\/index.php\/wp-json\/wp\/v2\/posts\/21840\/revisions"}],"predecessor-version":[{"id":21842,"href":"https:\/\/periodiconuevomilenio.com\/index.php\/wp-json\/wp\/v2\/posts\/21840\/revisions\/21842"}],"wp:featuredmedia":[{"embeddable":true,"href":"https:\/\/periodiconuevomilenio.com\/index.php\/wp-json\/wp\/v2\/media\/21841"}],"wp:attachment":[{"href":"https:\/\/periodiconuevomilenio.com\/index.php\/wp-json\/wp\/v2\/media?parent=21840"}],"wp:term":[{"taxonomy":"category","embeddable":true,"href":"https:\/\/periodiconuevomilenio.com\/index.php\/wp-json\/wp\/v2\/categories?post=21840"},{"taxonomy":"post_tag","embeddable":true,"href":"https:\/\/periodiconuevomilenio.com\/index.php\/wp-json\/wp\/v2\/tags?post=21840"}],"curies":[{"name":"wp","href":"https:\/\/api.w.org\/{rel}","templated":true}]}}