{"id":21870,"date":"2025-03-15T14:58:12","date_gmt":"2025-03-15T20:58:12","guid":{"rendered":"https:\/\/periodiconuevomilenio.com\/?p=21870"},"modified":"2025-03-15T14:58:14","modified_gmt":"2025-03-15T20:58:14","slug":"vicky-ramirez-lleva-feria-de-la-prevencion-social-de-la-violencia-y-la-delincuencia-a-parangarico","status":"publish","type":"post","link":"https:\/\/periodiconuevomilenio.com\/index.php\/2025\/03\/15\/vicky-ramirez-lleva-feria-de-la-prevencion-social-de-la-violencia-y-la-delincuencia-a-parangarico\/","title":{"rendered":"Vicky Ram\u00edrez lleva Feria de la Prevenci\u00f3n Social de la Violencia y la Delincuencia a Parangarico"},"content":{"rendered":"\n<p>La presidenta municipal, Vicky Ram\u00edrez, inaugur\u00f3 la Feria de la Prevenci\u00f3n de la Violencia y la Delincuencia en la cancha de la comunidad de Parangarico con el objetivo de fortalecer el n\u00facleo familiar a trav\u00e9s de actividades positivas que involucran a todos los miembros de la familia, desde las y los peque\u00f1ines, j\u00f3venes y los padres de familia.<\/p>\n\n\n\n<p>Subray\u00f3 la mandataria que las Ferias de Prevenci\u00f3n que implementa son parte de una estrategia integral para generar y mantener entornos de paz entre los habitantes de las colonias y comunidades de Yuriria; a la par de acercar a las instituciones que ofrecen servicios a la ciudadan\u00eda para un mejor desarrollo social y humano, iniciando con temas de salud y prevenci\u00f3n.<\/p>\n\n\n\n<p>Adem\u00e1s, dijo, se busca fortalecer el v\u00ednculo con la comunidad para continuar implementando estrategias preventivas en ni\u00f1os, adolescentes y adultos, reduciendo los factores de riesgo identificados en la localidad. \u201cLa prevenci\u00f3n es la clave para una comunidad m\u00e1s fuerte y protegida y a eso le vamos a apostar estos 3 a\u00f1os\u201d, manifest\u00f3.<\/p>\n\n\n\n<p>En la feria de la prevenci\u00f3n participaron 20 direcciones de la administraci\u00f3n municipal, adem\u00e1s del DIF, Movilidad, Seguridad P\u00fablica y sus sub\u00e1reas como la Polic\u00eda Rosa y el Departamento de Prevenci\u00f3n; brindando talleres, actividades l\u00fadicas, culturales, deportivas y recreativas, as\u00ed como asesor\u00edas en distintos \u00e1mbitos y capacitaciones gratuitas para la poblaci\u00f3n.<\/p>\n\n\n\n<p>Igualmente, se sum\u00f3 la Secretar\u00eda de Salud de Gobierno del Estado, ofreciendo servicios gratuitos como: Salud Mental, Vacunaci\u00f3n, medici\u00f3n de l\u00edpidos, glucosa, peso y talla, adem\u00e1s de Servicios Amigables, Epidemiolog\u00eda y Planificaci\u00f3n Familiar, entre otros.<\/p>\n\n\n\n<p>Durante la jornada se conform\u00f3 y tom\u00f3 protesta al Comit\u00e9 de Seguridad Vecinal de Parangarico, lo que avanza un paso m\u00e1s hacia las condiciones deseadas de convivencia y paz en la comunidad.<\/p>\n\n\n\n<figure class=\"wp-block-gallery has-nested-images columns-default is-cropped wp-block-gallery-1 is-layout-flex wp-block-gallery-is-layout-flex\">\n<figure class=\"wp-block-image size-large\"><img loading=\"lazy\" decoding=\"async\" width=\"1024\" height=\"682\" data-id=\"21873\" src=\"https:\/\/periodiconuevomilenio.com\/wp-content\/uploads\/2025\/03\/a5e62c4a-9c6b-484c-9464-0a40f993c089-1024x682.jpg\" alt=\"\" class=\"wp-image-21873\" srcset=\"https:\/\/periodiconuevomilenio.com\/wp-content\/uploads\/2025\/03\/a5e62c4a-9c6b-484c-9464-0a40f993c089-1024x682.jpg 1024w, https:\/\/periodiconuevomilenio.com\/wp-content\/uploads\/2025\/03\/a5e62c4a-9c6b-484c-9464-0a40f993c089-300x200.jpg 300w, https:\/\/periodiconuevomilenio.com\/wp-content\/uploads\/2025\/03\/a5e62c4a-9c6b-484c-9464-0a40f993c089-768x511.jpg 768w, https:\/\/periodiconuevomilenio.com\/wp-content\/uploads\/2025\/03\/a5e62c4a-9c6b-484c-9464-0a40f993c089.jpg 1280w\" sizes=\"auto, (max-width: 1024px) 100vw, 1024px\" \/><\/figure>\n\n\n\n<figure class=\"wp-block-image size-large\"><img loading=\"lazy\" decoding=\"async\" width=\"1024\" height=\"682\" data-id=\"21872\" src=\"https:\/\/periodiconuevomilenio.com\/wp-content\/uploads\/2025\/03\/3a198dcb-7c4b-4d63-93de-86484cc9abe5-1024x682.jpg\" alt=\"\" class=\"wp-image-21872\" srcset=\"https:\/\/periodiconuevomilenio.com\/wp-content\/uploads\/2025\/03\/3a198dcb-7c4b-4d63-93de-86484cc9abe5-1024x682.jpg 1024w, https:\/\/periodiconuevomilenio.com\/wp-content\/uploads\/2025\/03\/3a198dcb-7c4b-4d63-93de-86484cc9abe5-300x200.jpg 300w, https:\/\/periodiconuevomilenio.com\/wp-content\/uploads\/2025\/03\/3a198dcb-7c4b-4d63-93de-86484cc9abe5-768x511.jpg 768w, https:\/\/periodiconuevomilenio.com\/wp-content\/uploads\/2025\/03\/3a198dcb-7c4b-4d63-93de-86484cc9abe5.jpg 1280w\" sizes=\"auto, (max-width: 1024px) 100vw, 1024px\" \/><\/figure>\n\n\n\n<figure class=\"wp-block-image size-large\"><img loading=\"lazy\" decoding=\"async\" width=\"1024\" height=\"682\" data-id=\"21871\" src=\"https:\/\/periodiconuevomilenio.com\/wp-content\/uploads\/2025\/03\/c9753b98-b2c6-4077-85b2-692888e50618-1024x682.jpg\" alt=\"\" class=\"wp-image-21871\" srcset=\"https:\/\/periodiconuevomilenio.com\/wp-content\/uploads\/2025\/03\/c9753b98-b2c6-4077-85b2-692888e50618-1024x682.jpg 1024w, https:\/\/periodiconuevomilenio.com\/wp-content\/uploads\/2025\/03\/c9753b98-b2c6-4077-85b2-692888e50618-300x200.jpg 300w, https:\/\/periodiconuevomilenio.com\/wp-content\/uploads\/2025\/03\/c9753b98-b2c6-4077-85b2-692888e50618-768x511.jpg 768w, https:\/\/periodiconuevomilenio.com\/wp-content\/uploads\/2025\/03\/c9753b98-b2c6-4077-85b2-692888e50618.jpg 1280w\" sizes=\"auto, (max-width: 1024px) 100vw, 1024px\" \/><\/figure>\n<\/figure>\n\n\n","protected":false},"excerpt":{"rendered":"<p>La presidenta municipal, Vicky Ram\u00edrez, inaugur\u00f3 la Feria de la Prevenci\u00f3n de la Violencia y la Delincuencia en<\/p>\n","protected":false},"author":1,"featured_media":21873,"comment_status":"open","ping_status":"open","sticky":false,"template":"","format":"standard","meta":{"jetpack_post_was_ever_published":false,"_jetpack_newsletter_access":"","_jetpack_dont_email_post_to_subs":false,"_jetpack_newsletter_tier_id":0,"_jetpack_memberships_contains_paywalled_content":false,"_jetpack_memberships_contains_paid_content":false,"footnotes":"","jetpack_publicize_message":"","jetpack_publicize_feature_enabled":false,"jetpack_social_post_already_shared":false,"jetpack_social_options":{"image_generator_settings":{"template":"highway","enabled":false},"version":2}},"categories":[40],"tags":[30],"class_list":["post-21870","post","type-post","status-publish","format-standard","has-post-thumbnail","hentry","category-yuriria","tag-yuriria"],"jetpack_publicize_connections":[],"jetpack_sharing_enabled":true,"jetpack_featured_media_url":"https:\/\/periodiconuevomilenio.com\/wp-content\/uploads\/2025\/03\/a5e62c4a-9c6b-484c-9464-0a40f993c089.jpg","_links":{"self":[{"href":"https:\/\/periodiconuevomilenio.com\/index.php\/wp-json\/wp\/v2\/posts\/21870","targetHints":{"allow":["GET"]}}],"collection":[{"href":"https:\/\/periodiconuevomilenio.com\/index.php\/wp-json\/wp\/v2\/posts"}],"about":[{"href":"https:\/\/periodiconuevomilenio.com\/index.php\/wp-json\/wp\/v2\/types\/post"}],"author":[{"embeddable":true,"href":"https:\/\/periodiconuevomilenio.com\/index.php\/wp-json\/wp\/v2\/users\/1"}],"replies":[{"embeddable":true,"href":"https:\/\/periodiconuevomilenio.com\/index.php\/wp-json\/wp\/v2\/comments?post=21870"}],"version-history":[{"count":1,"href":"https:\/\/periodiconuevomilenio.com\/index.php\/wp-json\/wp\/v2\/posts\/21870\/revisions"}],"predecessor-version":[{"id":21874,"href":"https:\/\/periodiconuevomilenio.com\/index.php\/wp-json\/wp\/v2\/posts\/21870\/revisions\/21874"}],"wp:featuredmedia":[{"embeddable":true,"href":"https:\/\/periodiconuevomilenio.com\/index.php\/wp-json\/wp\/v2\/media\/21873"}],"wp:attachment":[{"href":"https:\/\/periodiconuevomilenio.com\/index.php\/wp-json\/wp\/v2\/media?parent=21870"}],"wp:term":[{"taxonomy":"category","embeddable":true,"href":"https:\/\/periodiconuevomilenio.com\/index.php\/wp-json\/wp\/v2\/categories?post=21870"},{"taxonomy":"post_tag","embeddable":true,"href":"https:\/\/periodiconuevomilenio.com\/index.php\/wp-json\/wp\/v2\/tags?post=21870"}],"curies":[{"name":"wp","href":"https:\/\/api.w.org\/{rel}","templated":true}]}}