{"id":2214,"date":"2023-04-12T22:43:52","date_gmt":"2023-04-13T04:43:52","guid":{"rendered":"https:\/\/periodiconuevomilenio.com\/?p=2214"},"modified":"2023-04-12T22:43:54","modified_gmt":"2023-04-13T04:43:54","slug":"se-inauguran-relojes-musicalizados-en-parroquias-de-cabecera-y-victoria-de-cortazar","status":"publish","type":"post","link":"https:\/\/periodiconuevomilenio.com\/index.php\/2023\/04\/12\/se-inauguran-relojes-musicalizados-en-parroquias-de-cabecera-y-victoria-de-cortazar\/","title":{"rendered":"SE INAUGURAN RELOJES MUSICALIZADOS EN PARROQUIAS DE CABECERA Y VICTORIA DE CORTAZAR"},"content":{"rendered":"\n<p>Jaral del Progreso, Gto.- La administraci\u00f3n municipal 2021-2024 cumpli\u00f3 otro de los compromisos establecidos al realizar la inauguraci\u00f3n oficial de los relojes musicalizados de las parroquias de San Nicolas de Tolentino en cabecera municipal y de la Parroquia de Santa Rita De Casia en la comunidad de Victoria de Cortazar, estando presentes el presidente municipal Pepe Gonz\u00e1lez Ojeda, miembros del Ayuntamiento y titulares de dependencias.<\/p>\n\n\n\n<p>\u201cLo he dicho, ya ten\u00edamos que hacer esta iglesia como en otros municipios, como Irapuato, Salvatierra o Le\u00f3n, que den una imagen en nuestras iglesias; y pues es una cosa m\u00e1s que cumplimos aqu\u00ed con los habitantes de Victoria de Cortazar y de la cabecera municipal\u201d, declar\u00f3 el presidente municipal.<\/p>\n\n\n\n<p>La iniciativa que tuvieron las autoridades municipales fue de ponerle melod\u00edas para cuando suenen las campanas cada tres horas (seis, nueve, doce, tres de la tarde, seis de la tarde, nueve de la noche) con distintas melod\u00edas, mismas que ir\u00e1n cambiando conforme sea la temporada del a\u00f1o.<\/p>\n\n\n\n<p>Para concretar este proyecto, se requiri\u00f3 en trabajar en actualizar la maquinaria de los relojes que ten\u00edan actualmente ambas parroquias, requiriendo ser sincronizadas, siendo bien aceptadas por los habitantes tanto de la comunidad de Victoria de Cortazar como de la cabecera municipal, quienes podr\u00e1n disfrutar de melod\u00edas emitidas por las iglesias en el transcurso del d\u00eda cada tres horas.<\/p>\n\n\n\n<figure class=\"wp-block-image size-large\"><img loading=\"lazy\" decoding=\"async\" width=\"1024\" height=\"768\" src=\"https:\/\/periodiconuevomilenio.com\/wp-content\/uploads\/2023\/04\/340911355_1188659691833638_1506291393769163641_n-1024x768.jpg\" alt=\"\" class=\"wp-image-2215\" srcset=\"https:\/\/periodiconuevomilenio.com\/wp-content\/uploads\/2023\/04\/340911355_1188659691833638_1506291393769163641_n-1024x768.jpg 1024w, https:\/\/periodiconuevomilenio.com\/wp-content\/uploads\/2023\/04\/340911355_1188659691833638_1506291393769163641_n-300x225.jpg 300w, https:\/\/periodiconuevomilenio.com\/wp-content\/uploads\/2023\/04\/340911355_1188659691833638_1506291393769163641_n-768x576.jpg 768w, https:\/\/periodiconuevomilenio.com\/wp-content\/uploads\/2023\/04\/340911355_1188659691833638_1506291393769163641_n-1536x1152.jpg 1536w, https:\/\/periodiconuevomilenio.com\/wp-content\/uploads\/2023\/04\/340911355_1188659691833638_1506291393769163641_n.jpg 2048w\" sizes=\"auto, (max-width: 1024px) 100vw, 1024px\" \/><\/figure>\n\n\n\n<figure class=\"wp-block-image size-large\"><img loading=\"lazy\" decoding=\"async\" width=\"1024\" height=\"576\" src=\"https:\/\/periodiconuevomilenio.com\/wp-content\/uploads\/2023\/04\/340557455_779849533364533_1655340525879441046_n-1024x576.jpg\" alt=\"\" class=\"wp-image-2216\" srcset=\"https:\/\/periodiconuevomilenio.com\/wp-content\/uploads\/2023\/04\/340557455_779849533364533_1655340525879441046_n-1024x576.jpg 1024w, https:\/\/periodiconuevomilenio.com\/wp-content\/uploads\/2023\/04\/340557455_779849533364533_1655340525879441046_n-300x169.jpg 300w, https:\/\/periodiconuevomilenio.com\/wp-content\/uploads\/2023\/04\/340557455_779849533364533_1655340525879441046_n-768x432.jpg 768w, https:\/\/periodiconuevomilenio.com\/wp-content\/uploads\/2023\/04\/340557455_779849533364533_1655340525879441046_n-1536x864.jpg 1536w, https:\/\/periodiconuevomilenio.com\/wp-content\/uploads\/2023\/04\/340557455_779849533364533_1655340525879441046_n-1280x720.jpg 1280w, https:\/\/periodiconuevomilenio.com\/wp-content\/uploads\/2023\/04\/340557455_779849533364533_1655340525879441046_n.jpg 2048w\" sizes=\"auto, (max-width: 1024px) 100vw, 1024px\" \/><\/figure>\n\n\n\n<figure class=\"wp-block-image size-large\"><img loading=\"lazy\" decoding=\"async\" width=\"1024\" height=\"576\" src=\"https:\/\/periodiconuevomilenio.com\/wp-content\/uploads\/2023\/04\/340631805_6382756208423152_1954730554465772716_n-1024x576.jpg\" alt=\"\" class=\"wp-image-2217\" srcset=\"https:\/\/periodiconuevomilenio.com\/wp-content\/uploads\/2023\/04\/340631805_6382756208423152_1954730554465772716_n-1024x576.jpg 1024w, https:\/\/periodiconuevomilenio.com\/wp-content\/uploads\/2023\/04\/340631805_6382756208423152_1954730554465772716_n-300x169.jpg 300w, https:\/\/periodiconuevomilenio.com\/wp-content\/uploads\/2023\/04\/340631805_6382756208423152_1954730554465772716_n-768x432.jpg 768w, https:\/\/periodiconuevomilenio.com\/wp-content\/uploads\/2023\/04\/340631805_6382756208423152_1954730554465772716_n-1536x864.jpg 1536w, https:\/\/periodiconuevomilenio.com\/wp-content\/uploads\/2023\/04\/340631805_6382756208423152_1954730554465772716_n-1280x720.jpg 1280w, https:\/\/periodiconuevomilenio.com\/wp-content\/uploads\/2023\/04\/340631805_6382756208423152_1954730554465772716_n.jpg 2048w\" sizes=\"auto, (max-width: 1024px) 100vw, 1024px\" \/><\/figure>\n","protected":false},"excerpt":{"rendered":"<p>Jaral del Progreso, Gto.- La administraci\u00f3n municipal 2021-2024 cumpli\u00f3 otro de los compromisos establecidos al realizar la inauguraci\u00f3n<\/p>\n","protected":false},"author":1,"featured_media":2217,"comment_status":"open","ping_status":"open","sticky":false,"template":"","format":"standard","meta":{"jetpack_post_was_ever_published":false,"_jetpack_newsletter_access":"","_jetpack_dont_email_post_to_subs":false,"_jetpack_newsletter_tier_id":0,"_jetpack_memberships_contains_paywalled_content":false,"_jetpack_memberships_contains_paid_content":false,"footnotes":"","jetpack_publicize_message":"","jetpack_publicize_feature_enabled":false,"jetpack_social_post_already_shared":false,"jetpack_social_options":{"image_generator_settings":{"template":"highway","enabled":false},"version":2}},"categories":[34],"tags":[22],"class_list":["post-2214","post","type-post","status-publish","format-standard","has-post-thumbnail","hentry","category-jaral-del-progreso","tag-valle"],"jetpack_publicize_connections":[],"jetpack_sharing_enabled":true,"jetpack_featured_media_url":"https:\/\/periodiconuevomilenio.com\/wp-content\/uploads\/2023\/04\/340631805_6382756208423152_1954730554465772716_n.jpg","_links":{"self":[{"href":"https:\/\/periodiconuevomilenio.com\/index.php\/wp-json\/wp\/v2\/posts\/2214","targetHints":{"allow":["GET"]}}],"collection":[{"href":"https:\/\/periodiconuevomilenio.com\/index.php\/wp-json\/wp\/v2\/posts"}],"about":[{"href":"https:\/\/periodiconuevomilenio.com\/index.php\/wp-json\/wp\/v2\/types\/post"}],"author":[{"embeddable":true,"href":"https:\/\/periodiconuevomilenio.com\/index.php\/wp-json\/wp\/v2\/users\/1"}],"replies":[{"embeddable":true,"href":"https:\/\/periodiconuevomilenio.com\/index.php\/wp-json\/wp\/v2\/comments?post=2214"}],"version-history":[{"count":1,"href":"https:\/\/periodiconuevomilenio.com\/index.php\/wp-json\/wp\/v2\/posts\/2214\/revisions"}],"predecessor-version":[{"id":2218,"href":"https:\/\/periodiconuevomilenio.com\/index.php\/wp-json\/wp\/v2\/posts\/2214\/revisions\/2218"}],"wp:featuredmedia":[{"embeddable":true,"href":"https:\/\/periodiconuevomilenio.com\/index.php\/wp-json\/wp\/v2\/media\/2217"}],"wp:attachment":[{"href":"https:\/\/periodiconuevomilenio.com\/index.php\/wp-json\/wp\/v2\/media?parent=2214"}],"wp:term":[{"taxonomy":"category","embeddable":true,"href":"https:\/\/periodiconuevomilenio.com\/index.php\/wp-json\/wp\/v2\/categories?post=2214"},{"taxonomy":"post_tag","embeddable":true,"href":"https:\/\/periodiconuevomilenio.com\/index.php\/wp-json\/wp\/v2\/tags?post=2214"}],"curies":[{"name":"wp","href":"https:\/\/api.w.org\/{rel}","templated":true}]}}