{"id":2223,"date":"2023-04-13T09:42:41","date_gmt":"2023-04-13T15:42:41","guid":{"rendered":"https:\/\/periodiconuevomilenio.com\/?p=2223"},"modified":"2023-04-13T09:42:43","modified_gmt":"2023-04-13T15:42:43","slug":"urge-resolver-problematica-de-deportes-acuaticos-liliana-ibanez","status":"publish","type":"post","link":"https:\/\/periodiconuevomilenio.com\/index.php\/2023\/04\/13\/urge-resolver-problematica-de-deportes-acuaticos-liliana-ibanez\/","title":{"rendered":"<strong>URGE RESOLVER PROBLEM\u00c1TICA DE DEPORTES ACU\u00c1TICOS: LILIANA IB\u00c1\u00d1EZ<\/strong>"},"content":{"rendered":"\n<p>Para la nadadora ol\u00edmpica Liliana Ib\u00e1\u00f1ez los atletas mexicanos deben de ser m\u00e1s visibles que nunca para la sociedad, para que sepan que con esfuerzo, trabajo y dedicaci\u00f3n pueden alcanzar sus sue\u00f1os, y pugn\u00f3 porque se resuelva cuanto antes la problem\u00e1tica de los deportes acu\u00e1ticos en M\u00e9xico y regresen los apoyos a los atletas y entrenadores, lo anterior durante el reconocimiento que recibi\u00f3 por parte del Senado de la Rep\u00fablica.&nbsp;<\/p>\n\n\n\n<p>\u201cEste reconocimiento es importante, m\u00e1s en estos momentos. Haremos todo lo que este en nuestro alcance para lograr, m\u00e1s all\u00e1 de cualquier problema de escritorio, el triunfo personal, el triunfo para M\u00e9xico\u201d, mencion\u00f3 la nadadora ol\u00edmpica m\u00e1s r\u00e1pida en la historia de M\u00e9xico y \u00faltima marca ol\u00edmpica \u201cA\u201d en mujeres, quien fue reconocida por su trayectoria de m\u00e1s de 20 a\u00f1os como seleccionada nacional y tres d\u00e9cadas en la nataci\u00f3n.&nbsp;<\/p>\n\n\n\n<p>La deportista guanajuatense, originaria de Celaya, dos veces ol\u00edmpica, multimedallista centroamericana, medallista panamericana y finalista en Copas del Mundo, quien se dijo vigente rumbo a los Juegos Panamericanos de Santiago 2023 y Juegos Ol\u00edmpicos de Par\u00eds 2024, se\u00f1al\u00f3 que es importante que las autoridades en los diferentes niveles, no s\u00f3lo del deporte, volteen a ver a los deportistas, conocer su historia, buscar el apoyo directo, si es que las instituciones no lo pueden otorgar.&nbsp;&nbsp;<\/p>\n\n\n\n<p>\u201cEs importante ver que los patrocinadores pueden apoyar de manera directa a los deportistas. Y que ellos puedan ver que el apoyo se aplica de manera transparente. Es importante que el Senado sepa que en cada deportista hay una historia. Y es una historia de superaci\u00f3n, de \u00e9xito para todo M\u00e9xico\u201d, indic\u00f3 la velocista tricolor, quien buscar\u00e1 las marcas para la justa continental y ol\u00edmpica.<\/p>\n\n\n\n<p>Agreg\u00f3 que de lo que se trata el deporte es de romper estereotipos, mitos y barreras, \u201cDijeron que en M\u00e9xico no nadamos velocidad, en M\u00e9xico no somos r\u00e1pidos y yo mido 1.80 y tengo brazos largos, \u00bfPor qu\u00e9 no puedo ser r\u00e1pida? Y hoy en d\u00eda he sido la primera mujer ser sexto lugar en una Copa del Mundo y finalista mexicana. Quiero destacar el papel de la mujer en el deporte y en otros sectores\u201d.&nbsp;<\/p>\n\n\n\n<p>Ib\u00e1\u00f1ez expuso que ojal\u00e1 se impulsen iniciativas, se aprueben leyes y a los empresarios que inviertan directamente en los deportistas a trav\u00e9s de est\u00edmulos fiscales por su apoyo directo a cualquier deportista de alto rendimiento.&nbsp;&nbsp;<\/p>\n\n\n\n<p>\u201cOjal\u00e1 tambi\u00e9n se pueda revisar el reglamento actual de becas de est\u00edmulos a los deportistas. La cuesti\u00f3n de los tabuladores de un a\u00f1o a otro los resultados y no se toma en cuenta la trayectoria ni otros factores como las lesiones. Los deportistas no tenemos seguro de vida y al final nuestro patrimonio es nuestra historia, nuestros records y nuestro nombre\u201d, manifest\u00f3.&nbsp;<\/p>\n\n\n\n<p>La nadadora con m\u00e1s de 20 a\u00f1os de trayectoria, mencion\u00f3 que los Senadores exhorten a las instituciones nacionales que corresponde para que se resuelva cuanto antes la problem\u00e1tica actual de los deportes acu\u00e1ticos.&nbsp;<\/p>\n\n\n\n<p>\u201cHace falta un liderazgo, un plan de trabajo y que se regrese dar los apoyos a los deportistas y entrenadores de cada una de las disciplinas. Estamos a 15 meses de Juegos Ol\u00edmpicos, a meses de Juegos Centroamericanos y Panamericanos, no podemos seguir en la incertidumbre\u201d, indic\u00f3.&nbsp;<\/p>\n\n\n\n<p>Los Juegos Centroamericanos y del Caribe se realizar\u00e1n en San Salvador, del 23 de junio al 8 de julio, los Panamericanos en Santiago de Chile, del 20 de octubre al 5 de noviembre y los Juegos Ol\u00edmpicos en Par\u00eds, el pr\u00f3ximo a\u00f1o.&nbsp;<\/p>\n\n\n\n<p>La multimedallista centroamericana y panamericana, as\u00ed como finalista en Copas del Mundo, estuvo en el Senado de la Rep\u00fablica en donde estuvieron la vicepresidenta de la Mesa Directiva, la senadora Alejandra Reynoso S\u00e1nchez; el presidente de la Comisi\u00f3n de Juventud y Deporte del Senado, Ovidio Salvador Peralta; la presidenta de la Comisi\u00f3n para la Igualdad de G\u00e9nero, Martha Lucia Micher Camarena. As\u00ed como la presidenta de la Comisi\u00f3n de Educaci\u00f3n, Antares Guadalupe V\u00e1zquez Alatorre.<\/p>\n\n\n\n<p>Asimismo, Liliana Ib\u00e1\u00f1ez estuvo acompa\u00f1ada por sus padres, adem\u00e1s de la presencia de Cristian R\u00edos, su patrocinador principal actual, el&nbsp;Instituto de Certificaci\u00f3n Empresarial de M\u00e9xico (ICEM\u00e9xico), empresa celayense.&nbsp;<\/p>\n\n\n\n<figure class=\"wp-block-image size-large\"><img loading=\"lazy\" decoding=\"async\" width=\"1024\" height=\"683\" src=\"https:\/\/periodiconuevomilenio.com\/wp-content\/uploads\/2023\/04\/thumbnail-1-1024x683.jpg\" alt=\"\" class=\"wp-image-2224\" srcset=\"https:\/\/periodiconuevomilenio.com\/wp-content\/uploads\/2023\/04\/thumbnail-1-1024x683.jpg 1024w, https:\/\/periodiconuevomilenio.com\/wp-content\/uploads\/2023\/04\/thumbnail-1-300x200.jpg 300w, https:\/\/periodiconuevomilenio.com\/wp-content\/uploads\/2023\/04\/thumbnail-1-768x512.jpg 768w, https:\/\/periodiconuevomilenio.com\/wp-content\/uploads\/2023\/04\/thumbnail-1.jpg 1500w\" sizes=\"auto, (max-width: 1024px) 100vw, 1024px\" \/><\/figure>\n\n\n\n<figure class=\"wp-block-image size-large\"><img loading=\"lazy\" decoding=\"async\" width=\"1024\" height=\"461\" src=\"https:\/\/periodiconuevomilenio.com\/wp-content\/uploads\/2023\/04\/thumbnail-2-1024x461.jpg\" alt=\"\" class=\"wp-image-2225\" srcset=\"https:\/\/periodiconuevomilenio.com\/wp-content\/uploads\/2023\/04\/thumbnail-2-1024x461.jpg 1024w, https:\/\/periodiconuevomilenio.com\/wp-content\/uploads\/2023\/04\/thumbnail-2-300x135.jpg 300w, https:\/\/periodiconuevomilenio.com\/wp-content\/uploads\/2023\/04\/thumbnail-2-768x346.jpg 768w, https:\/\/periodiconuevomilenio.com\/wp-content\/uploads\/2023\/04\/thumbnail-2-1536x691.jpg 1536w, https:\/\/periodiconuevomilenio.com\/wp-content\/uploads\/2023\/04\/thumbnail-2.jpg 1600w\" sizes=\"auto, (max-width: 1024px) 100vw, 1024px\" \/><\/figure>\n\n\n\n<figure class=\"wp-block-image size-large\"><img loading=\"lazy\" decoding=\"async\" width=\"1024\" height=\"461\" src=\"https:\/\/periodiconuevomilenio.com\/wp-content\/uploads\/2023\/04\/thumbnail-1024x461.jpg\" alt=\"\" class=\"wp-image-2226\" srcset=\"https:\/\/periodiconuevomilenio.com\/wp-content\/uploads\/2023\/04\/thumbnail-1024x461.jpg 1024w, https:\/\/periodiconuevomilenio.com\/wp-content\/uploads\/2023\/04\/thumbnail-300x135.jpg 300w, https:\/\/periodiconuevomilenio.com\/wp-content\/uploads\/2023\/04\/thumbnail-768x346.jpg 768w, https:\/\/periodiconuevomilenio.com\/wp-content\/uploads\/2023\/04\/thumbnail-1536x691.jpg 1536w, https:\/\/periodiconuevomilenio.com\/wp-content\/uploads\/2023\/04\/thumbnail.jpg 1600w\" sizes=\"auto, (max-width: 1024px) 100vw, 1024px\" \/><\/figure>\n","protected":false},"excerpt":{"rendered":"<p>Para la nadadora ol\u00edmpica Liliana Ib\u00e1\u00f1ez los atletas mexicanos deben de ser m\u00e1s visibles que nunca para la<\/p>\n","protected":false},"author":1,"featured_media":2225,"comment_status":"open","ping_status":"open","sticky":false,"template":"","format":"standard","meta":{"jetpack_post_was_ever_published":false,"_jetpack_newsletter_access":"","_jetpack_dont_email_post_to_subs":false,"_jetpack_newsletter_tier_id":0,"_jetpack_memberships_contains_paywalled_content":false,"_jetpack_memberships_contains_paid_content":false,"footnotes":"","jetpack_publicize_message":"","jetpack_publicize_feature_enabled":false,"jetpack_social_post_already_shared":false,"jetpack_social_options":{"image_generator_settings":{"template":"highway","enabled":false},"version":2}},"categories":[42,47],"tags":[],"class_list":["post-2223","post","type-post","status-publish","format-standard","has-post-thumbnail","hentry","category-deportes","category-nacional"],"jetpack_publicize_connections":[],"jetpack_sharing_enabled":true,"jetpack_featured_media_url":"https:\/\/periodiconuevomilenio.com\/wp-content\/uploads\/2023\/04\/thumbnail-2.jpg","_links":{"self":[{"href":"https:\/\/periodiconuevomilenio.com\/index.php\/wp-json\/wp\/v2\/posts\/2223","targetHints":{"allow":["GET"]}}],"collection":[{"href":"https:\/\/periodiconuevomilenio.com\/index.php\/wp-json\/wp\/v2\/posts"}],"about":[{"href":"https:\/\/periodiconuevomilenio.com\/index.php\/wp-json\/wp\/v2\/types\/post"}],"author":[{"embeddable":true,"href":"https:\/\/periodiconuevomilenio.com\/index.php\/wp-json\/wp\/v2\/users\/1"}],"replies":[{"embeddable":true,"href":"https:\/\/periodiconuevomilenio.com\/index.php\/wp-json\/wp\/v2\/comments?post=2223"}],"version-history":[{"count":1,"href":"https:\/\/periodiconuevomilenio.com\/index.php\/wp-json\/wp\/v2\/posts\/2223\/revisions"}],"predecessor-version":[{"id":2227,"href":"https:\/\/periodiconuevomilenio.com\/index.php\/wp-json\/wp\/v2\/posts\/2223\/revisions\/2227"}],"wp:featuredmedia":[{"embeddable":true,"href":"https:\/\/periodiconuevomilenio.com\/index.php\/wp-json\/wp\/v2\/media\/2225"}],"wp:attachment":[{"href":"https:\/\/periodiconuevomilenio.com\/index.php\/wp-json\/wp\/v2\/media?parent=2223"}],"wp:term":[{"taxonomy":"category","embeddable":true,"href":"https:\/\/periodiconuevomilenio.com\/index.php\/wp-json\/wp\/v2\/categories?post=2223"},{"taxonomy":"post_tag","embeddable":true,"href":"https:\/\/periodiconuevomilenio.com\/index.php\/wp-json\/wp\/v2\/tags?post=2223"}],"curies":[{"name":"wp","href":"https:\/\/api.w.org\/{rel}","templated":true}]}}