{"id":22260,"date":"2025-04-05T14:28:41","date_gmt":"2025-04-05T20:28:41","guid":{"rendered":"https:\/\/periodiconuevomilenio.com\/?p=22260"},"modified":"2025-04-05T14:28:42","modified_gmt":"2025-04-05T20:28:42","slug":"osvaldo-n-es-procesado-por-robo-y-portacion-de-arma-de-fuego-en-irapuato","status":"publish","type":"post","link":"https:\/\/periodiconuevomilenio.com\/index.php\/2025\/04\/05\/osvaldo-n-es-procesado-por-robo-y-portacion-de-arma-de-fuego-en-irapuato\/","title":{"rendered":"OSVALDO \u201cN\u201d es procesado por robo y portaci\u00f3n de arma de fuego en Irapuato"},"content":{"rendered":"\n<p>La Fiscal\u00eda General del Estado de Guanajuato present\u00f3 pruebas que permitieron que OSVALDO \u201cN\u201d fuera vinculado a proceso penal por los delitos de robo y portaci\u00f3n de arma de fuego, hechos que ocurrieron en la colonia San Mart\u00edn de Porres, en la ciudad de Irapuato.<\/p>\n\n\n\n<p>El &nbsp;25 &nbsp;de marzo, &nbsp;el &nbsp;ofendido &nbsp;arrib\u00f3 &nbsp;a su domicilio&nbsp; cuando fue &nbsp;interceptado &nbsp;por OSVALDO \u201cN\u201d, quien descendi\u00f3 de una motocicleta y, con un arma de fuego en mano, lo despoj\u00f3 de sus pertenencias para quitarle su dinero.<\/p>\n\n\n\n<p>En un descuido del agresor, la v\u00edctima logr\u00f3 desarmarlo y con apoyo de sus vecinos lo sometieron, esto permiti\u00f3 su detenci\u00f3n inmediata y puesta a disposici\u00f3n de la Fiscal\u00eda.<\/p>\n\n\n\n<p>Durante la audiencia inicial, el Ministerio P\u00fablico present\u00f3 pruebas que permitieron al Juez acreditar la presunta responsabilidad del inculpado, por lo que fue vinculado a proceso penal por los delitos de robo calificado y portaci\u00f3n de arma de fuego.<\/p>\n\n\n\n<p>Como medida cautelar, permanecer\u00e1 en prisi\u00f3n preventiva mientras se desarrolla la investigaci\u00f3n complementaria.<\/p>\n\n\n\n<figure class=\"wp-block-image size-large\"><img loading=\"lazy\" decoding=\"async\" width=\"825\" height=\"1024\" src=\"https:\/\/periodiconuevomilenio.com\/wp-content\/uploads\/2025\/04\/83223ac4-f2d8-4ee4-9a53-43efbe2dada0-825x1024.jpg\" alt=\"\" class=\"wp-image-22261\" srcset=\"https:\/\/periodiconuevomilenio.com\/wp-content\/uploads\/2025\/04\/83223ac4-f2d8-4ee4-9a53-43efbe2dada0-825x1024.jpg 825w, https:\/\/periodiconuevomilenio.com\/wp-content\/uploads\/2025\/04\/83223ac4-f2d8-4ee4-9a53-43efbe2dada0-242x300.jpg 242w, https:\/\/periodiconuevomilenio.com\/wp-content\/uploads\/2025\/04\/83223ac4-f2d8-4ee4-9a53-43efbe2dada0-768x953.jpg 768w, https:\/\/periodiconuevomilenio.com\/wp-content\/uploads\/2025\/04\/83223ac4-f2d8-4ee4-9a53-43efbe2dada0-1237x1536.jpg 1237w, https:\/\/periodiconuevomilenio.com\/wp-content\/uploads\/2025\/04\/83223ac4-f2d8-4ee4-9a53-43efbe2dada0-1024x1271.jpg 1024w, https:\/\/periodiconuevomilenio.com\/wp-content\/uploads\/2025\/04\/83223ac4-f2d8-4ee4-9a53-43efbe2dada0.jpg 1289w\" sizes=\"auto, (max-width: 825px) 100vw, 825px\" \/><\/figure>\n\n\n","protected":false},"excerpt":{"rendered":"<p>La Fiscal\u00eda General del Estado de Guanajuato present\u00f3 pruebas que permitieron que OSVALDO \u201cN\u201d fuera vinculado a proceso<\/p>\n","protected":false},"author":1,"featured_media":22261,"comment_status":"open","ping_status":"open","sticky":false,"template":"","format":"standard","meta":{"jetpack_post_was_ever_published":false,"_jetpack_newsletter_access":"","_jetpack_dont_email_post_to_subs":false,"_jetpack_newsletter_tier_id":0,"_jetpack_memberships_contains_paywalled_content":false,"_jetpack_memberships_contains_paid_content":false,"footnotes":"","jetpack_publicize_message":"","jetpack_publicize_feature_enabled":false,"jetpack_social_post_already_shared":false,"jetpack_social_options":{"image_generator_settings":{"template":"highway","enabled":false},"version":2}},"categories":[31,48],"tags":[51],"class_list":["post-22260","post","type-post","status-publish","format-standard","has-post-thumbnail","hentry","category-estado","category-policiaca","tag-estado"],"jetpack_publicize_connections":[],"jetpack_sharing_enabled":true,"jetpack_featured_media_url":"https:\/\/periodiconuevomilenio.com\/wp-content\/uploads\/2025\/04\/83223ac4-f2d8-4ee4-9a53-43efbe2dada0.jpg","_links":{"self":[{"href":"https:\/\/periodiconuevomilenio.com\/index.php\/wp-json\/wp\/v2\/posts\/22260","targetHints":{"allow":["GET"]}}],"collection":[{"href":"https:\/\/periodiconuevomilenio.com\/index.php\/wp-json\/wp\/v2\/posts"}],"about":[{"href":"https:\/\/periodiconuevomilenio.com\/index.php\/wp-json\/wp\/v2\/types\/post"}],"author":[{"embeddable":true,"href":"https:\/\/periodiconuevomilenio.com\/index.php\/wp-json\/wp\/v2\/users\/1"}],"replies":[{"embeddable":true,"href":"https:\/\/periodiconuevomilenio.com\/index.php\/wp-json\/wp\/v2\/comments?post=22260"}],"version-history":[{"count":1,"href":"https:\/\/periodiconuevomilenio.com\/index.php\/wp-json\/wp\/v2\/posts\/22260\/revisions"}],"predecessor-version":[{"id":22262,"href":"https:\/\/periodiconuevomilenio.com\/index.php\/wp-json\/wp\/v2\/posts\/22260\/revisions\/22262"}],"wp:featuredmedia":[{"embeddable":true,"href":"https:\/\/periodiconuevomilenio.com\/index.php\/wp-json\/wp\/v2\/media\/22261"}],"wp:attachment":[{"href":"https:\/\/periodiconuevomilenio.com\/index.php\/wp-json\/wp\/v2\/media?parent=22260"}],"wp:term":[{"taxonomy":"category","embeddable":true,"href":"https:\/\/periodiconuevomilenio.com\/index.php\/wp-json\/wp\/v2\/categories?post=22260"},{"taxonomy":"post_tag","embeddable":true,"href":"https:\/\/periodiconuevomilenio.com\/index.php\/wp-json\/wp\/v2\/tags?post=22260"}],"curies":[{"name":"wp","href":"https:\/\/api.w.org\/{rel}","templated":true}]}}