{"id":22325,"date":"2025-04-08T00:39:34","date_gmt":"2025-04-08T06:39:34","guid":{"rendered":"https:\/\/periodiconuevomilenio.com\/?p=22325"},"modified":"2025-04-08T00:39:35","modified_gmt":"2025-04-08T06:39:35","slug":"capturan-a-peligrosos-asaltantes-en-la-capital-cinco-jovenes-fueron-sus-victimas","status":"publish","type":"post","link":"https:\/\/periodiconuevomilenio.com\/index.php\/2025\/04\/08\/capturan-a-peligrosos-asaltantes-en-la-capital-cinco-jovenes-fueron-sus-victimas\/","title":{"rendered":"CAPTURAN A PELIGROSOS \u00a0ASALTANTES EN LA CAPITAL: CINCO J\u00d3VENES \u00a0FUERON \u00a0SUS \u00a0V\u00cdCTIMAS"},"content":{"rendered":"\n<p>Agentes de la Fiscal\u00eda General del Estado de Guanajuato detuvieron, con \u00f3rdenes de aprehensi\u00f3n,&nbsp; a &nbsp;<strong>FERNANDO <\/strong><strong>\u201cN\u201d, &nbsp;GERARDO &nbsp;DANIEL &nbsp;\u201cN\u201d &nbsp;y ANTONIO &nbsp;DANIEL &nbsp;\u201cN\u201d, &nbsp;<\/strong>presuntos responsables de cometer robos con violencia en los que resultaron afectados cinco j\u00f3venes estudiantes.<\/p>\n\n\n\n<p>El primer hecho ocurri\u00f3 la noche del &nbsp;27 &nbsp;de marzo de 2025, &nbsp;alrededor de las 22:00 horas, cuando tres j\u00f3venes caminaban por el callej\u00f3n Del Refugio en paseo de la presa y fueron interceptados por dos sujetos, identificados como <strong>FERNANDO \u201cN\u201d&nbsp; y &nbsp;GERARDO &nbsp;DANIEL &nbsp;\u201cN\u201d<\/strong>. Armados con objetos punzocortantes y &nbsp;ejerciendo&nbsp; violencia, los &nbsp;agresores amenazaron a las v\u00edctimas y las despojaron de sus pertenencias.<\/p>\n\n\n\n<p>Tres &nbsp;d\u00edas despu\u00e9s, el &nbsp;30 &nbsp;de marzo, aproximadamente a las &nbsp;18:30 &nbsp;horas, otros dos j\u00f3venes fueron asaltados en el callej\u00f3n de Saavedra, en el centro de Guanajuato. El atacante, identificado como <strong>ANTONIO &nbsp;DANIEL \u201cN\u201d<\/strong>, los amenaz\u00f3 con un arma blanca &nbsp;y les &nbsp;rob\u00f3 sus pertenencias antes de huir del lugar.<\/p>\n\n\n\n<p>La Fiscal\u00eda &nbsp;inici\u00f3 &nbsp;una investigaci\u00f3n rigurosa &nbsp;de ambos casos. &nbsp;Gracias &nbsp;al an\u00e1lisis &nbsp;de &nbsp;videograbaciones y &nbsp;entrevistas &nbsp;realizadas &nbsp;por &nbsp;agentes&nbsp; de Investigaci\u00f3n Criminal y analistas de informaci\u00f3n, se logr\u00f3 identificar a los presuntos responsables. &nbsp;Posteriormente, fueron localizados &nbsp;y detenidos en cumplimiento de los mandamientos judiciales emitidos por un juez.<\/p>\n\n\n\n<p>Durante la &nbsp;audiencia, &nbsp;el &nbsp;Ministerio P\u00fablico present\u00f3 &nbsp;ante &nbsp;el &nbsp;Juez de Control los elementos probatorios que acreditan la comisi\u00f3n del delito de robo calificado, destacando el uso de la violencia y la identificaci\u00f3n precisa de los &nbsp;bienes sustra\u00eddos. Como resultado, se dict\u00f3 auto de vinculaci\u00f3n a proceso penal y se impuso la medida cautelar de prisi\u00f3n preventiva.<\/p>\n\n\n\n<figure class=\"wp-block-image size-large\"><img loading=\"lazy\" decoding=\"async\" width=\"825\" height=\"1024\" src=\"https:\/\/periodiconuevomilenio.com\/wp-content\/uploads\/2025\/04\/thumbnail-1-825x1024.jpg\" alt=\"\" class=\"wp-image-22326\" srcset=\"https:\/\/periodiconuevomilenio.com\/wp-content\/uploads\/2025\/04\/thumbnail-1-825x1024.jpg 825w, https:\/\/periodiconuevomilenio.com\/wp-content\/uploads\/2025\/04\/thumbnail-1-242x300.jpg 242w, https:\/\/periodiconuevomilenio.com\/wp-content\/uploads\/2025\/04\/thumbnail-1-768x954.jpg 768w, https:\/\/periodiconuevomilenio.com\/wp-content\/uploads\/2025\/04\/thumbnail-1-1024x1271.jpg 1024w, https:\/\/periodiconuevomilenio.com\/wp-content\/uploads\/2025\/04\/thumbnail-1.jpg 1080w\" sizes=\"auto, (max-width: 825px) 100vw, 825px\" \/><\/figure>\n\n\n","protected":false},"excerpt":{"rendered":"<p>Agentes de la Fiscal\u00eda General del Estado de Guanajuato detuvieron, con \u00f3rdenes de aprehensi\u00f3n,&nbsp; a &nbsp;FERNANDO \u201cN\u201d, &nbsp;GERARDO<\/p>\n","protected":false},"author":1,"featured_media":22326,"comment_status":"open","ping_status":"open","sticky":false,"template":"","format":"standard","meta":{"jetpack_post_was_ever_published":false,"_jetpack_newsletter_access":"","_jetpack_dont_email_post_to_subs":false,"_jetpack_newsletter_tier_id":0,"_jetpack_memberships_contains_paywalled_content":false,"_jetpack_memberships_contains_paid_content":false,"footnotes":"","jetpack_publicize_message":"","jetpack_publicize_feature_enabled":false,"jetpack_social_post_already_shared":false,"jetpack_social_options":{"image_generator_settings":{"template":"highway","enabled":false},"version":2}},"categories":[31,48],"tags":[51],"class_list":["post-22325","post","type-post","status-publish","format-standard","has-post-thumbnail","hentry","category-estado","category-policiaca","tag-estado"],"jetpack_publicize_connections":[],"jetpack_sharing_enabled":true,"jetpack_featured_media_url":"https:\/\/periodiconuevomilenio.com\/wp-content\/uploads\/2025\/04\/thumbnail-1.jpg","_links":{"self":[{"href":"https:\/\/periodiconuevomilenio.com\/index.php\/wp-json\/wp\/v2\/posts\/22325","targetHints":{"allow":["GET"]}}],"collection":[{"href":"https:\/\/periodiconuevomilenio.com\/index.php\/wp-json\/wp\/v2\/posts"}],"about":[{"href":"https:\/\/periodiconuevomilenio.com\/index.php\/wp-json\/wp\/v2\/types\/post"}],"author":[{"embeddable":true,"href":"https:\/\/periodiconuevomilenio.com\/index.php\/wp-json\/wp\/v2\/users\/1"}],"replies":[{"embeddable":true,"href":"https:\/\/periodiconuevomilenio.com\/index.php\/wp-json\/wp\/v2\/comments?post=22325"}],"version-history":[{"count":1,"href":"https:\/\/periodiconuevomilenio.com\/index.php\/wp-json\/wp\/v2\/posts\/22325\/revisions"}],"predecessor-version":[{"id":22327,"href":"https:\/\/periodiconuevomilenio.com\/index.php\/wp-json\/wp\/v2\/posts\/22325\/revisions\/22327"}],"wp:featuredmedia":[{"embeddable":true,"href":"https:\/\/periodiconuevomilenio.com\/index.php\/wp-json\/wp\/v2\/media\/22326"}],"wp:attachment":[{"href":"https:\/\/periodiconuevomilenio.com\/index.php\/wp-json\/wp\/v2\/media?parent=22325"}],"wp:term":[{"taxonomy":"category","embeddable":true,"href":"https:\/\/periodiconuevomilenio.com\/index.php\/wp-json\/wp\/v2\/categories?post=22325"},{"taxonomy":"post_tag","embeddable":true,"href":"https:\/\/periodiconuevomilenio.com\/index.php\/wp-json\/wp\/v2\/tags?post=22325"}],"curies":[{"name":"wp","href":"https:\/\/api.w.org\/{rel}","templated":true}]}}