{"id":22350,"date":"2025-04-09T00:18:41","date_gmt":"2025-04-09T06:18:41","guid":{"rendered":"https:\/\/periodiconuevomilenio.com\/?p=22350"},"modified":"2025-04-09T00:18:43","modified_gmt":"2025-04-09T06:18:43","slug":"fgeg-es-capturado-sujeto-que-asesino-a-una-mujer-de-76-anos-en-leon","status":"publish","type":"post","link":"https:\/\/periodiconuevomilenio.com\/index.php\/2025\/04\/09\/fgeg-es-capturado-sujeto-que-asesino-a-una-mujer-de-76-anos-en-leon\/","title":{"rendered":"FGEG: Es capturado sujeto que asesin\u00f3 a una mujer de 76 \u00a0a\u00f1os en Le\u00f3n"},"content":{"rendered":"\n<p>La Fiscal\u00eda General del Estado de Guanajuato esclareci\u00f3 y detuvo al presunto responsable del asesinato de una v\u00edctima de 76 a\u00f1os de edad, quien recibi\u00f3 un disparo con arma de fuego mientras se encontraba a las afueras de un templo en la ciudad de Le\u00f3n.<\/p>\n\n\n\n<p>Un sujeto identificado como <strong>JORGE ANTONIO &nbsp;DE JES\u00daS &nbsp;\u201cN\u201d <\/strong>de 28 a\u00f1os de edad, fue identificado y capturado con orden de aprehensi\u00f3n por agentes de Investigaci\u00f3n Criminal, tras haber seguido una l\u00ednea que llev\u00f3 &nbsp;a dar con su paradero una vez &nbsp;que se obtuvieron elementos de prueba que lo vinculan al crimen.<\/p>\n\n\n\n<p>El 11 &nbsp;de enero de 2025, aproximadamente entre las &nbsp;05:30 y 06:30 horas de la ma\u00f1ana, &nbsp;la &nbsp;v\u00edctima se encontraba barriendo en el &nbsp;exterior del &nbsp;templo \u201cSan Juan Diego\u201d, ubicado sobre la calle Jos\u00e9 de Jes\u00fas Lira, en la colonia Le\u00f3n II. En ese momento, el imputado &nbsp;lleg\u00f3 al lugar portando un arma de fuego y&nbsp; le dispar\u00f3 a la &nbsp;v\u00edctima provoc\u00e1ndole una lesi\u00f3n &nbsp;que le &nbsp;quit\u00f3 la &nbsp;vida de manera inmediata.<\/p>\n\n\n\n<p>La necropsia de ley &nbsp;determin\u00f3 que la &nbsp;causa de muerte fue por una herida producida por proyectil disparado por arma de fuego penetrante de cr\u00e1neo.<\/p>\n\n\n\n<p>Posteriormente, en audiencia celebrada ante el&nbsp; Juez de Control,&nbsp; la &nbsp;Fiscal\u00eda present\u00f3 los &nbsp;datos de prueba t\u00e9cnicos y cient\u00edficos que acreditan la probable responsabilidad &nbsp;del &nbsp;imputado en el &nbsp;delito de &nbsp;homicidio, &nbsp;por&nbsp; lo &nbsp;que fue vinculado a proceso penal&nbsp; y &nbsp;se le &nbsp;impuso&nbsp; la &nbsp;medida cautelar de prisi\u00f3n preventiva oficiosa.<\/p>\n\n\n\n<figure class=\"wp-block-image size-large\"><img loading=\"lazy\" decoding=\"async\" width=\"825\" height=\"1024\" src=\"https:\/\/periodiconuevomilenio.com\/wp-content\/uploads\/2025\/04\/thumbnail-2-825x1024.jpg\" alt=\"\" class=\"wp-image-22351\" srcset=\"https:\/\/periodiconuevomilenio.com\/wp-content\/uploads\/2025\/04\/thumbnail-2-825x1024.jpg 825w, https:\/\/periodiconuevomilenio.com\/wp-content\/uploads\/2025\/04\/thumbnail-2-242x300.jpg 242w, https:\/\/periodiconuevomilenio.com\/wp-content\/uploads\/2025\/04\/thumbnail-2-768x954.jpg 768w, https:\/\/periodiconuevomilenio.com\/wp-content\/uploads\/2025\/04\/thumbnail-2-1024x1271.jpg 1024w, https:\/\/periodiconuevomilenio.com\/wp-content\/uploads\/2025\/04\/thumbnail-2.jpg 1080w\" sizes=\"auto, (max-width: 825px) 100vw, 825px\" \/><\/figure>\n\n\n","protected":false},"excerpt":{"rendered":"<p>La Fiscal\u00eda General del Estado de Guanajuato esclareci\u00f3 y detuvo al presunto responsable del asesinato de una v\u00edctima<\/p>\n","protected":false},"author":1,"featured_media":22351,"comment_status":"open","ping_status":"open","sticky":false,"template":"","format":"standard","meta":{"jetpack_post_was_ever_published":false,"_jetpack_newsletter_access":"","_jetpack_dont_email_post_to_subs":false,"_jetpack_newsletter_tier_id":0,"_jetpack_memberships_contains_paywalled_content":false,"_jetpack_memberships_contains_paid_content":false,"footnotes":"","jetpack_publicize_message":"","jetpack_publicize_feature_enabled":false,"jetpack_social_post_already_shared":false,"jetpack_social_options":{"image_generator_settings":{"template":"highway","enabled":false},"version":2}},"categories":[31,48],"tags":[51],"class_list":["post-22350","post","type-post","status-publish","format-standard","has-post-thumbnail","hentry","category-estado","category-policiaca","tag-estado"],"jetpack_publicize_connections":[],"jetpack_sharing_enabled":true,"jetpack_featured_media_url":"https:\/\/periodiconuevomilenio.com\/wp-content\/uploads\/2025\/04\/thumbnail-2.jpg","_links":{"self":[{"href":"https:\/\/periodiconuevomilenio.com\/index.php\/wp-json\/wp\/v2\/posts\/22350","targetHints":{"allow":["GET"]}}],"collection":[{"href":"https:\/\/periodiconuevomilenio.com\/index.php\/wp-json\/wp\/v2\/posts"}],"about":[{"href":"https:\/\/periodiconuevomilenio.com\/index.php\/wp-json\/wp\/v2\/types\/post"}],"author":[{"embeddable":true,"href":"https:\/\/periodiconuevomilenio.com\/index.php\/wp-json\/wp\/v2\/users\/1"}],"replies":[{"embeddable":true,"href":"https:\/\/periodiconuevomilenio.com\/index.php\/wp-json\/wp\/v2\/comments?post=22350"}],"version-history":[{"count":1,"href":"https:\/\/periodiconuevomilenio.com\/index.php\/wp-json\/wp\/v2\/posts\/22350\/revisions"}],"predecessor-version":[{"id":22352,"href":"https:\/\/periodiconuevomilenio.com\/index.php\/wp-json\/wp\/v2\/posts\/22350\/revisions\/22352"}],"wp:featuredmedia":[{"embeddable":true,"href":"https:\/\/periodiconuevomilenio.com\/index.php\/wp-json\/wp\/v2\/media\/22351"}],"wp:attachment":[{"href":"https:\/\/periodiconuevomilenio.com\/index.php\/wp-json\/wp\/v2\/media?parent=22350"}],"wp:term":[{"taxonomy":"category","embeddable":true,"href":"https:\/\/periodiconuevomilenio.com\/index.php\/wp-json\/wp\/v2\/categories?post=22350"},{"taxonomy":"post_tag","embeddable":true,"href":"https:\/\/periodiconuevomilenio.com\/index.php\/wp-json\/wp\/v2\/tags?post=22350"}],"curies":[{"name":"wp","href":"https:\/\/api.w.org\/{rel}","templated":true}]}}