{"id":22362,"date":"2025-04-09T23:33:34","date_gmt":"2025-04-10T05:33:34","guid":{"rendered":"https:\/\/periodiconuevomilenio.com\/?p=22362"},"modified":"2025-04-09T23:33:59","modified_gmt":"2025-04-10T05:33:59","slug":"sufre-accident3-el-regidor-cesarin-se-encuentra-hospitalizado-en-valle","status":"publish","type":"post","link":"https:\/\/periodiconuevomilenio.com\/index.php\/2025\/04\/09\/sufre-accident3-el-regidor-cesarin-se-encuentra-hospitalizado-en-valle\/","title":{"rendered":"Sufre accident3 el regidor Cesarin.                               Se encuentra hospitalizado en Valle"},"content":{"rendered":"\n<p>JARAL DEL PROGRESO, GTO.- Esta tarde reportaron delicado de salud al regidor de Jaral, C\u00e9sar V\u00e1zquez, luego de que el pasado lunes sufriera terrible accidente cuando fue impactado por un veh\u00edculo al dirigirse a su comunidad en Santiago Capitiro.<br>De acuerdo con la poca informaci\u00f3n que ha fluido, porque es un tema que se ha tratado muy herm\u00e9tico, pero que est\u00e1 plenamente confirmado que se encuentra en terapia intensiva en el hospital Bicentenario de la ciudad de Valle de Santiago.<br>Se dijo que \u201cCesarin\u201d como se le conoce a este regidor de baja estatura, tras haber salido de presidencia Municipal se dirig\u00eda a su comunidad a bordo de su cuatrimoto cuando fue alcanzado por un veh\u00edculo de motor desconocido que lo impacto y lanzo varios metros, resultando con lesiones que lo mantienen hospitalizado.<br>Primero fue enviado a un m\u00e9dico local, quien lo valor\u00f3 y consider\u00f3 que las lesiones son de consideraci\u00f3n, entre ellas algunas costillas rotas, por lo que la decisi\u00f3n fue tomada por su familia de trasladarlo al hospital Bicentenario a Valle de Santiago, donde se reporta delicado.<\/p>\n\n\n\n<figure class=\"wp-block-image size-large\"><img loading=\"lazy\" decoding=\"async\" width=\"683\" height=\"1024\" src=\"https:\/\/periodiconuevomilenio.com\/wp-content\/uploads\/2025\/04\/img_8171-683x1024.jpg\" alt=\"\" class=\"wp-image-22363\" srcset=\"https:\/\/periodiconuevomilenio.com\/wp-content\/uploads\/2025\/04\/img_8171-683x1024.jpg 683w, https:\/\/periodiconuevomilenio.com\/wp-content\/uploads\/2025\/04\/img_8171-200x300.jpg 200w, https:\/\/periodiconuevomilenio.com\/wp-content\/uploads\/2025\/04\/img_8171-768x1152.jpg 768w, https:\/\/periodiconuevomilenio.com\/wp-content\/uploads\/2025\/04\/img_8171-1024x1536.jpg 1024w, https:\/\/periodiconuevomilenio.com\/wp-content\/uploads\/2025\/04\/img_8171-1365x2048.jpg 1365w, https:\/\/periodiconuevomilenio.com\/wp-content\/uploads\/2025\/04\/img_8171-scaled.jpg 1707w\" sizes=\"auto, (max-width: 683px) 100vw, 683px\" \/><\/figure>\n\n\n","protected":false},"excerpt":{"rendered":"<p>JARAL DEL PROGRESO, GTO.- Esta tarde reportaron delicado de salud al regidor de Jaral, C\u00e9sar V\u00e1zquez, luego de<\/p>\n","protected":false},"author":1,"featured_media":22363,"comment_status":"open","ping_status":"open","sticky":false,"template":"","format":"standard","meta":{"jetpack_post_was_ever_published":false,"_jetpack_newsletter_access":"","_jetpack_dont_email_post_to_subs":false,"_jetpack_newsletter_tier_id":0,"_jetpack_memberships_contains_paywalled_content":false,"_jetpack_memberships_contains_paid_content":false,"footnotes":"","jetpack_publicize_message":"","jetpack_publicize_feature_enabled":false,"jetpack_social_post_already_shared":false,"jetpack_social_options":{"image_generator_settings":{"template":"highway","enabled":false},"version":2}},"categories":[31,34],"tags":[23],"class_list":["post-22362","post","type-post","status-publish","format-standard","has-post-thumbnail","hentry","category-estado","category-jaral-del-progreso","tag-jaral"],"jetpack_publicize_connections":[],"jetpack_sharing_enabled":true,"jetpack_featured_media_url":"https:\/\/periodiconuevomilenio.com\/wp-content\/uploads\/2025\/04\/img_8171-scaled.jpg","_links":{"self":[{"href":"https:\/\/periodiconuevomilenio.com\/index.php\/wp-json\/wp\/v2\/posts\/22362","targetHints":{"allow":["GET"]}}],"collection":[{"href":"https:\/\/periodiconuevomilenio.com\/index.php\/wp-json\/wp\/v2\/posts"}],"about":[{"href":"https:\/\/periodiconuevomilenio.com\/index.php\/wp-json\/wp\/v2\/types\/post"}],"author":[{"embeddable":true,"href":"https:\/\/periodiconuevomilenio.com\/index.php\/wp-json\/wp\/v2\/users\/1"}],"replies":[{"embeddable":true,"href":"https:\/\/periodiconuevomilenio.com\/index.php\/wp-json\/wp\/v2\/comments?post=22362"}],"version-history":[{"count":2,"href":"https:\/\/periodiconuevomilenio.com\/index.php\/wp-json\/wp\/v2\/posts\/22362\/revisions"}],"predecessor-version":[{"id":22365,"href":"https:\/\/periodiconuevomilenio.com\/index.php\/wp-json\/wp\/v2\/posts\/22362\/revisions\/22365"}],"wp:featuredmedia":[{"embeddable":true,"href":"https:\/\/periodiconuevomilenio.com\/index.php\/wp-json\/wp\/v2\/media\/22363"}],"wp:attachment":[{"href":"https:\/\/periodiconuevomilenio.com\/index.php\/wp-json\/wp\/v2\/media?parent=22362"}],"wp:term":[{"taxonomy":"category","embeddable":true,"href":"https:\/\/periodiconuevomilenio.com\/index.php\/wp-json\/wp\/v2\/categories?post=22362"},{"taxonomy":"post_tag","embeddable":true,"href":"https:\/\/periodiconuevomilenio.com\/index.php\/wp-json\/wp\/v2\/tags?post=22362"}],"curies":[{"name":"wp","href":"https:\/\/api.w.org\/{rel}","templated":true}]}}