{"id":22396,"date":"2025-04-10T08:58:30","date_gmt":"2025-04-10T14:58:30","guid":{"rendered":"https:\/\/periodiconuevomilenio.com\/?p=22396"},"modified":"2025-04-10T08:58:32","modified_gmt":"2025-04-10T14:58:32","slug":"fgeg-presunto-homicida-es-capturado-y-enviado-a-prision-por-el-crimen-de-un-nino-en-irapuato","status":"publish","type":"post","link":"https:\/\/periodiconuevomilenio.com\/index.php\/2025\/04\/10\/fgeg-presunto-homicida-es-capturado-y-enviado-a-prision-por-el-crimen-de-un-nino-en-irapuato\/","title":{"rendered":"FGEG: Presunto homicida es capturado y enviado a prisi\u00f3n por \u00a0el crimen de un \u00a0ni\u00f1o en Irapuato"},"content":{"rendered":"\n<p>La Fiscal\u00eda General &nbsp;del &nbsp;Estado de Guanajuato &nbsp;logr\u00f3 que un Juez de Control vinculara a proceso penal a <strong>ALEJANDRO <\/strong><strong>GABRIEL \u201cN\u201d<\/strong>, acusado de asesinar a un menor de edad en la ciudad de Irapuato.<\/p>\n\n\n\n<p>El lamentable hecho ocurri\u00f3 el &nbsp;15 de febrero de 2025, &nbsp;cuando la &nbsp;v\u00edctima, &nbsp;un ni\u00f1o de corta edad, se encontraba bajo el cuidado del presunto agresor en un domicilio &nbsp;ubicado en la &nbsp;colonia Bellavista. Durante &nbsp;un &nbsp;lapso &nbsp;comprendido entre las&nbsp; &nbsp;11:00 &nbsp;y &nbsp;las&nbsp; &nbsp;14:35 &nbsp;horas,&nbsp; el &nbsp;imputado ejerci\u00f3 &nbsp;un acto de extrema violencia, &nbsp;aplicando tal&nbsp; &nbsp;fuerza sobre&nbsp; el &nbsp;\u00e1rea abdominal &nbsp;del &nbsp;menor, &nbsp;que &nbsp;le provoc\u00f3 la muerte.<\/p>\n\n\n\n<p>Al tener conocimiento de estos hechos, agentes de Investigaci\u00f3n Criminal de la FGEG &nbsp;desplegaron acciones para esclarecer el crimen. Los &nbsp;peritos forenses trasladaron el &nbsp;cuerpo del &nbsp;menor a los &nbsp;Servicios de Investigaci\u00f3n &nbsp;Cient\u00edfica, donde, &nbsp;mediante &nbsp;estudios especializados &nbsp;se confirm\u00f3 que&nbsp; la &nbsp;causa de su fallecimiento fue por traumatismo abdominal severo.<\/p>\n\n\n\n<p>Las &nbsp;pesquisas &nbsp;revelaron &nbsp;la &nbsp;identidad &nbsp;del &nbsp;presunto &nbsp;asesino, as\u00ed como&nbsp; su ubicaci\u00f3n, por lo que, una vez capturado, fue llevado ante el Juez de Control.<\/p>\n\n\n\n<p>Durante la&nbsp; audiencia, el Ministerio P\u00fablico present\u00f3 pruebas sustentadas en evidencia &nbsp;cient\u00edfica y &nbsp;pericial, &nbsp;que &nbsp;permitieron vincular a proceso penal &nbsp;a <strong>ALEJANDRO GABRIEL \u00abN\u00bb <\/strong>por el delito de homicidio calificado.<\/p>\n\n\n\n<p>Como medida cautelar, &nbsp;se decret\u00f3 &nbsp;prisi\u00f3n preventiva oficiosa, por lo &nbsp;que el acusado permanecer\u00e1 recluido durante todo el &nbsp;tiempo que dure el &nbsp;proceso penal en su contra.<\/p>\n\n\n\n<figure class=\"wp-block-image size-large\"><img loading=\"lazy\" decoding=\"async\" width=\"825\" height=\"1024\" src=\"https:\/\/periodiconuevomilenio.com\/wp-content\/uploads\/2025\/04\/259cfccb-fdae-4337-bc7c-da6155f436de-825x1024.jpg\" alt=\"\" class=\"wp-image-22397\" srcset=\"https:\/\/periodiconuevomilenio.com\/wp-content\/uploads\/2025\/04\/259cfccb-fdae-4337-bc7c-da6155f436de-825x1024.jpg 825w, https:\/\/periodiconuevomilenio.com\/wp-content\/uploads\/2025\/04\/259cfccb-fdae-4337-bc7c-da6155f436de-242x300.jpg 242w, https:\/\/periodiconuevomilenio.com\/wp-content\/uploads\/2025\/04\/259cfccb-fdae-4337-bc7c-da6155f436de-768x953.jpg 768w, https:\/\/periodiconuevomilenio.com\/wp-content\/uploads\/2025\/04\/259cfccb-fdae-4337-bc7c-da6155f436de-1237x1536.jpg 1237w, https:\/\/periodiconuevomilenio.com\/wp-content\/uploads\/2025\/04\/259cfccb-fdae-4337-bc7c-da6155f436de-1024x1271.jpg 1024w, https:\/\/periodiconuevomilenio.com\/wp-content\/uploads\/2025\/04\/259cfccb-fdae-4337-bc7c-da6155f436de.jpg 1289w\" sizes=\"auto, (max-width: 825px) 100vw, 825px\" \/><\/figure>\n\n\n","protected":false},"excerpt":{"rendered":"<p>La Fiscal\u00eda General &nbsp;del &nbsp;Estado de Guanajuato &nbsp;logr\u00f3 que un Juez de Control vinculara a proceso penal a<\/p>\n","protected":false},"author":1,"featured_media":22397,"comment_status":"open","ping_status":"open","sticky":false,"template":"","format":"standard","meta":{"jetpack_post_was_ever_published":false,"_jetpack_newsletter_access":"","_jetpack_dont_email_post_to_subs":false,"_jetpack_newsletter_tier_id":0,"_jetpack_memberships_contains_paywalled_content":false,"_jetpack_memberships_contains_paid_content":false,"footnotes":"","jetpack_publicize_message":"","jetpack_publicize_feature_enabled":false,"jetpack_social_post_already_shared":false,"jetpack_social_options":{"image_generator_settings":{"template":"highway","enabled":false},"version":2}},"categories":[31,48],"tags":[51],"class_list":["post-22396","post","type-post","status-publish","format-standard","has-post-thumbnail","hentry","category-estado","category-policiaca","tag-estado"],"jetpack_publicize_connections":[],"jetpack_sharing_enabled":true,"jetpack_featured_media_url":"https:\/\/periodiconuevomilenio.com\/wp-content\/uploads\/2025\/04\/259cfccb-fdae-4337-bc7c-da6155f436de.jpg","_links":{"self":[{"href":"https:\/\/periodiconuevomilenio.com\/index.php\/wp-json\/wp\/v2\/posts\/22396","targetHints":{"allow":["GET"]}}],"collection":[{"href":"https:\/\/periodiconuevomilenio.com\/index.php\/wp-json\/wp\/v2\/posts"}],"about":[{"href":"https:\/\/periodiconuevomilenio.com\/index.php\/wp-json\/wp\/v2\/types\/post"}],"author":[{"embeddable":true,"href":"https:\/\/periodiconuevomilenio.com\/index.php\/wp-json\/wp\/v2\/users\/1"}],"replies":[{"embeddable":true,"href":"https:\/\/periodiconuevomilenio.com\/index.php\/wp-json\/wp\/v2\/comments?post=22396"}],"version-history":[{"count":1,"href":"https:\/\/periodiconuevomilenio.com\/index.php\/wp-json\/wp\/v2\/posts\/22396\/revisions"}],"predecessor-version":[{"id":22398,"href":"https:\/\/periodiconuevomilenio.com\/index.php\/wp-json\/wp\/v2\/posts\/22396\/revisions\/22398"}],"wp:featuredmedia":[{"embeddable":true,"href":"https:\/\/periodiconuevomilenio.com\/index.php\/wp-json\/wp\/v2\/media\/22397"}],"wp:attachment":[{"href":"https:\/\/periodiconuevomilenio.com\/index.php\/wp-json\/wp\/v2\/media?parent=22396"}],"wp:term":[{"taxonomy":"category","embeddable":true,"href":"https:\/\/periodiconuevomilenio.com\/index.php\/wp-json\/wp\/v2\/categories?post=22396"},{"taxonomy":"post_tag","embeddable":true,"href":"https:\/\/periodiconuevomilenio.com\/index.php\/wp-json\/wp\/v2\/tags?post=22396"}],"curies":[{"name":"wp","href":"https:\/\/api.w.org\/{rel}","templated":true}]}}