{"id":22414,"date":"2025-04-10T10:33:59","date_gmt":"2025-04-10T16:33:59","guid":{"rendered":"https:\/\/periodiconuevomilenio.com\/?p=22414"},"modified":"2025-04-10T10:34:01","modified_gmt":"2025-04-10T16:34:01","slug":"agentesde-investigacion-criminal-capturan-a-sujeto-por-doble-homicidio-en-irapuato","status":"publish","type":"post","link":"https:\/\/periodiconuevomilenio.com\/index.php\/2025\/04\/10\/agentesde-investigacion-criminal-capturan-a-sujeto-por-doble-homicidio-en-irapuato\/","title":{"rendered":"Agentesde Investigaci\u00f3n Criminal capturan a sujeto por doble homicidio en Irapuato"},"content":{"rendered":"\n<p>La Fiscal\u00eda General &nbsp;del &nbsp;Estado de Guanajuato &nbsp;design\u00f3 la &nbsp;conducci\u00f3n de una investigaci\u00f3n criminal a cargo del Ministerio P\u00fablico para esclarecer un doble homicidio registrado&nbsp; el &nbsp;26 &nbsp;de febrero de 2025,&nbsp; &nbsp;en la &nbsp;colonia El &nbsp;Comunal Emiliano Zapata en la ciudad de Irapuato.<\/p>\n\n\n\n<p>De acuerdo con las &nbsp;indagatorias, las &nbsp;v\u00edctimas se encontraban sobre las &nbsp;calles Andr\u00e9s \u00c1vila&nbsp; Barrera y Allende, cuando aproximadamente a las &nbsp;22:45 &nbsp;horas fueron interceptadas &nbsp;por el &nbsp;agresor, quien&nbsp; lleg\u00f3 al &nbsp;sitio&nbsp; &nbsp;a bordo de una motocicleta. &nbsp;Portando un arma de fuego, el &nbsp;imputado dispar\u00f3 en repetidas ocasiones contra las &nbsp;v\u00edctimas, provoc\u00e1ndoles heridas que les &nbsp;arrebataron &nbsp;la vida en el lugar.<\/p>\n\n\n\n<p>La Fiscal\u00eda realiz\u00f3 &nbsp;el&nbsp; trabajo&nbsp; pericial&nbsp; en el&nbsp; sitio, &nbsp;levant\u00f3 &nbsp;indicios &nbsp;bal\u00edsticos &nbsp;y testimoniales entre otras pruebas que conoci\u00f3 el &nbsp;Juez el &nbsp;d\u00eda de la &nbsp;audiencia cuando fue presentado el presunto homicida, por quien se gir\u00f3 una orden de aprehensi\u00f3n que fue cumplimentada por personal ministerial.<\/p>\n\n\n\n<p>Al final &nbsp;se resolvi\u00f3 la situaci\u00f3n legal de <strong>ROSENDO <\/strong><strong>FABI\u00c1N &nbsp;\u201cN\u201d <\/strong>al ser vinculado a proceso penal &nbsp;por el &nbsp;delito de homicidio, &nbsp;en agravio de dos v\u00edctimas y fue impuesto a prisi\u00f3n preventiva, mientras se determina su sentencia.<\/p>\n\n\n\n<figure class=\"wp-block-image size-large\"><img loading=\"lazy\" decoding=\"async\" width=\"825\" height=\"1024\" src=\"https:\/\/periodiconuevomilenio.com\/wp-content\/uploads\/2025\/04\/thumbnail-3-825x1024.jpg\" alt=\"\" class=\"wp-image-22415\" srcset=\"https:\/\/periodiconuevomilenio.com\/wp-content\/uploads\/2025\/04\/thumbnail-3-825x1024.jpg 825w, https:\/\/periodiconuevomilenio.com\/wp-content\/uploads\/2025\/04\/thumbnail-3-242x300.jpg 242w, https:\/\/periodiconuevomilenio.com\/wp-content\/uploads\/2025\/04\/thumbnail-3-768x954.jpg 768w, https:\/\/periodiconuevomilenio.com\/wp-content\/uploads\/2025\/04\/thumbnail-3-1024x1271.jpg 1024w, https:\/\/periodiconuevomilenio.com\/wp-content\/uploads\/2025\/04\/thumbnail-3.jpg 1080w\" sizes=\"auto, (max-width: 825px) 100vw, 825px\" \/><\/figure>\n\n\n","protected":false},"excerpt":{"rendered":"<p>La Fiscal\u00eda General &nbsp;del &nbsp;Estado de Guanajuato &nbsp;design\u00f3 la &nbsp;conducci\u00f3n de una investigaci\u00f3n criminal a cargo del Ministerio<\/p>\n","protected":false},"author":1,"featured_media":22415,"comment_status":"open","ping_status":"open","sticky":false,"template":"","format":"standard","meta":{"jetpack_post_was_ever_published":false,"_jetpack_newsletter_access":"","_jetpack_dont_email_post_to_subs":false,"_jetpack_newsletter_tier_id":0,"_jetpack_memberships_contains_paywalled_content":false,"_jetpack_memberships_contains_paid_content":false,"footnotes":"","jetpack_publicize_message":"","jetpack_publicize_feature_enabled":false,"jetpack_social_post_already_shared":false,"jetpack_social_options":{"image_generator_settings":{"template":"highway","enabled":false},"version":2}},"categories":[31,48],"tags":[51],"class_list":["post-22414","post","type-post","status-publish","format-standard","has-post-thumbnail","hentry","category-estado","category-policiaca","tag-estado"],"jetpack_publicize_connections":[],"jetpack_sharing_enabled":true,"jetpack_featured_media_url":"https:\/\/periodiconuevomilenio.com\/wp-content\/uploads\/2025\/04\/thumbnail-3.jpg","_links":{"self":[{"href":"https:\/\/periodiconuevomilenio.com\/index.php\/wp-json\/wp\/v2\/posts\/22414","targetHints":{"allow":["GET"]}}],"collection":[{"href":"https:\/\/periodiconuevomilenio.com\/index.php\/wp-json\/wp\/v2\/posts"}],"about":[{"href":"https:\/\/periodiconuevomilenio.com\/index.php\/wp-json\/wp\/v2\/types\/post"}],"author":[{"embeddable":true,"href":"https:\/\/periodiconuevomilenio.com\/index.php\/wp-json\/wp\/v2\/users\/1"}],"replies":[{"embeddable":true,"href":"https:\/\/periodiconuevomilenio.com\/index.php\/wp-json\/wp\/v2\/comments?post=22414"}],"version-history":[{"count":1,"href":"https:\/\/periodiconuevomilenio.com\/index.php\/wp-json\/wp\/v2\/posts\/22414\/revisions"}],"predecessor-version":[{"id":22416,"href":"https:\/\/periodiconuevomilenio.com\/index.php\/wp-json\/wp\/v2\/posts\/22414\/revisions\/22416"}],"wp:featuredmedia":[{"embeddable":true,"href":"https:\/\/periodiconuevomilenio.com\/index.php\/wp-json\/wp\/v2\/media\/22415"}],"wp:attachment":[{"href":"https:\/\/periodiconuevomilenio.com\/index.php\/wp-json\/wp\/v2\/media?parent=22414"}],"wp:term":[{"taxonomy":"category","embeddable":true,"href":"https:\/\/periodiconuevomilenio.com\/index.php\/wp-json\/wp\/v2\/categories?post=22414"},{"taxonomy":"post_tag","embeddable":true,"href":"https:\/\/periodiconuevomilenio.com\/index.php\/wp-json\/wp\/v2\/tags?post=22414"}],"curies":[{"name":"wp","href":"https:\/\/api.w.org\/{rel}","templated":true}]}}