{"id":22478,"date":"2025-04-11T10:23:30","date_gmt":"2025-04-11T16:23:30","guid":{"rendered":"https:\/\/periodiconuevomilenio.com\/?p=22478"},"modified":"2025-04-11T10:23:32","modified_gmt":"2025-04-11T16:23:32","slug":"homicida-es-capturado-y-procesado-en-purisima-del-rincon","status":"publish","type":"post","link":"https:\/\/periodiconuevomilenio.com\/index.php\/2025\/04\/11\/homicida-es-capturado-y-procesado-en-purisima-del-rincon\/","title":{"rendered":"HOMICIDA ES CAPTURADO Y PROCESADO EN PUR\u00cdSIMA DEL RINC\u00d3N"},"content":{"rendered":"\n<p>La Fiscal\u00eda General del Estado de Guanajuato logr\u00f3 que un Juez vinculara a proceso penal a <strong>JAIME CECILIO \u201cN\u201d <\/strong>de 28 a\u00f1os de edad, por su probable responsabilidad en el delito de homicidio, cometido la madrugada del pasado 4 de abril de 2025, en el municipio de Pur\u00edsima del Rinc\u00f3n.<\/p>\n\n\n\n<p>Los hechos que dieron origen a esta investigaci\u00f3n ocurrieron en el interior de un domicilio &nbsp;ubicado en la colonia &nbsp;Potrerillos &nbsp;Guanajal, donde &nbsp;se desarrollaba &nbsp;un convivio entre varias personas. Durante la madrugada, la reuni\u00f3n se torn\u00f3 violenta cuando el agresor comenz\u00f3 a discutir de manera acalorada con el ofendido, quien minutos m\u00e1s tarde se convertir\u00eda en su v\u00edctima.<\/p>\n\n\n\n<p>Las pesquisas permitieron esclarecer que en medio de la discusi\u00f3n, <strong>JAIME CECILIO \u201cN\u201d <\/strong>propin\u00f3 un fuerte golpe en el rostro a la v\u00edctima, quien cay\u00f3 al suelo del impacto. Sin piedad alguna, el inculpado continu\u00f3 golpe\u00e1ndolo en la cara y en el cuerpo, hasta dejarlo inm\u00f3vil.<\/p>\n\n\n\n<p>No conforme, el acusado arrastr\u00f3 a su v\u00edctima varios metros hasta un barranco, ubicado en la calle &nbsp;Piedrero, donde le lanz\u00f3 &nbsp;dos piedras &nbsp;de gran tama\u00f1o al rostro para finalmente arrojarlo al fondo del barranco, priv\u00e1ndolo de la vida.<\/p>\n\n\n\n<p>Tras &nbsp;los &nbsp;hechos,&nbsp; &nbsp;las &nbsp;\u00e1reas de &nbsp;investigaci\u00f3n &nbsp;criminal &nbsp;y&nbsp;&nbsp; pericial &nbsp;de &nbsp;la &nbsp;Fiscal\u00eda comenzaron la investigaci\u00f3n con el procesamiento de la escena, &nbsp;acto&nbsp; clave para esclarecer el crimen. La labor del Ministerio P\u00fablico permiti\u00f3 establecer la probable responsabilidad del presunto homicida y capturarlo con orden de aprehensi\u00f3n.<\/p>\n\n\n\n<p>En audiencia inicial, la Fiscal\u00eda formul\u00f3 imputaci\u00f3n por homicidio en contra de <strong>JAIME <\/strong><strong>C<\/strong><strong>E<\/strong><strong>C<\/strong><strong>ILIO \u201cN\u201d<\/strong>. El imputado se reserv\u00f3 su derecho a declarar y, con base en los datos de prueba expuestos, el &nbsp;Juez lo vincul\u00f3 &nbsp;a proceso penal, &nbsp;imponi\u00e9ndole &nbsp;la &nbsp;medida cautelar &nbsp;de prisi\u00f3n &nbsp;preventiva &nbsp;oficiosa &nbsp;mientras se&nbsp; desarrolla &nbsp;la &nbsp;investigaci\u00f3n complementaria.<\/p>\n\n\n\n<figure class=\"wp-block-image size-large\"><img loading=\"lazy\" decoding=\"async\" width=\"825\" height=\"1024\" src=\"https:\/\/periodiconuevomilenio.com\/wp-content\/uploads\/2025\/04\/f02ae547-472e-4a03-9d70-089196d4d3f4-825x1024.jpg\" alt=\"\" class=\"wp-image-22479\" srcset=\"https:\/\/periodiconuevomilenio.com\/wp-content\/uploads\/2025\/04\/f02ae547-472e-4a03-9d70-089196d4d3f4-825x1024.jpg 825w, https:\/\/periodiconuevomilenio.com\/wp-content\/uploads\/2025\/04\/f02ae547-472e-4a03-9d70-089196d4d3f4-242x300.jpg 242w, https:\/\/periodiconuevomilenio.com\/wp-content\/uploads\/2025\/04\/f02ae547-472e-4a03-9d70-089196d4d3f4-768x953.jpg 768w, https:\/\/periodiconuevomilenio.com\/wp-content\/uploads\/2025\/04\/f02ae547-472e-4a03-9d70-089196d4d3f4-1237x1536.jpg 1237w, https:\/\/periodiconuevomilenio.com\/wp-content\/uploads\/2025\/04\/f02ae547-472e-4a03-9d70-089196d4d3f4-1024x1271.jpg 1024w, https:\/\/periodiconuevomilenio.com\/wp-content\/uploads\/2025\/04\/f02ae547-472e-4a03-9d70-089196d4d3f4.jpg 1289w\" sizes=\"auto, (max-width: 825px) 100vw, 825px\" \/><\/figure>\n\n\n\n\n\n<p><\/p>\n","protected":false},"excerpt":{"rendered":"<p>La Fiscal\u00eda General del Estado de Guanajuato logr\u00f3 que un Juez vinculara a proceso penal a JAIME CECILIO<\/p>\n","protected":false},"author":1,"featured_media":22479,"comment_status":"open","ping_status":"open","sticky":false,"template":"","format":"standard","meta":{"jetpack_post_was_ever_published":false,"_jetpack_newsletter_access":"","_jetpack_dont_email_post_to_subs":false,"_jetpack_newsletter_tier_id":0,"_jetpack_memberships_contains_paywalled_content":false,"_jetpack_memberships_contains_paid_content":false,"footnotes":"","jetpack_publicize_message":"","jetpack_publicize_feature_enabled":false,"jetpack_social_post_already_shared":false,"jetpack_social_options":{"image_generator_settings":{"template":"highway","enabled":false},"version":2}},"categories":[31],"tags":[51],"class_list":["post-22478","post","type-post","status-publish","format-standard","has-post-thumbnail","hentry","category-estado","tag-estado"],"jetpack_publicize_connections":[],"jetpack_sharing_enabled":true,"jetpack_featured_media_url":"https:\/\/periodiconuevomilenio.com\/wp-content\/uploads\/2025\/04\/f02ae547-472e-4a03-9d70-089196d4d3f4.jpg","_links":{"self":[{"href":"https:\/\/periodiconuevomilenio.com\/index.php\/wp-json\/wp\/v2\/posts\/22478","targetHints":{"allow":["GET"]}}],"collection":[{"href":"https:\/\/periodiconuevomilenio.com\/index.php\/wp-json\/wp\/v2\/posts"}],"about":[{"href":"https:\/\/periodiconuevomilenio.com\/index.php\/wp-json\/wp\/v2\/types\/post"}],"author":[{"embeddable":true,"href":"https:\/\/periodiconuevomilenio.com\/index.php\/wp-json\/wp\/v2\/users\/1"}],"replies":[{"embeddable":true,"href":"https:\/\/periodiconuevomilenio.com\/index.php\/wp-json\/wp\/v2\/comments?post=22478"}],"version-history":[{"count":1,"href":"https:\/\/periodiconuevomilenio.com\/index.php\/wp-json\/wp\/v2\/posts\/22478\/revisions"}],"predecessor-version":[{"id":22480,"href":"https:\/\/periodiconuevomilenio.com\/index.php\/wp-json\/wp\/v2\/posts\/22478\/revisions\/22480"}],"wp:featuredmedia":[{"embeddable":true,"href":"https:\/\/periodiconuevomilenio.com\/index.php\/wp-json\/wp\/v2\/media\/22479"}],"wp:attachment":[{"href":"https:\/\/periodiconuevomilenio.com\/index.php\/wp-json\/wp\/v2\/media?parent=22478"}],"wp:term":[{"taxonomy":"category","embeddable":true,"href":"https:\/\/periodiconuevomilenio.com\/index.php\/wp-json\/wp\/v2\/categories?post=22478"},{"taxonomy":"post_tag","embeddable":true,"href":"https:\/\/periodiconuevomilenio.com\/index.php\/wp-json\/wp\/v2\/tags?post=22478"}],"curies":[{"name":"wp","href":"https:\/\/api.w.org\/{rel}","templated":true}]}}