{"id":22495,"date":"2025-04-11T22:46:32","date_gmt":"2025-04-12T04:46:32","guid":{"rendered":"https:\/\/periodiconuevomilenio.com\/?p=22495"},"modified":"2025-04-11T22:46:35","modified_gmt":"2025-04-12T04:46:35","slug":"detiene-secretaria-de-seguridad-y-paz-a-presunto-homicida-vinculado-a-multiples-hechos-violentos-asegura-vehiculos-y-cartuchos-utiles","status":"publish","type":"post","link":"https:\/\/periodiconuevomilenio.com\/index.php\/2025\/04\/11\/detiene-secretaria-de-seguridad-y-paz-a-presunto-homicida-vinculado-a-multiples-hechos-violentos-asegura-vehiculos-y-cartuchos-utiles\/","title":{"rendered":"Detiene Secretar\u00eda de Seguridad y Paz a presunto homicida vinculado a m\u00faltiples hechos violentos; asegura veh\u00edculos y cartuchos \u00fatiles"},"content":{"rendered":"\n<ul class=\"wp-block-list\">\n<li><strong>La detenci\u00f3n fue realizada, como parte de la nueva estrategia CONFIA, por integrantes de la Comisar\u00eda Regional III de FSPE en coordinaci\u00f3n con la Fiscal\u00eda General del Estado de Guanajuato.<\/strong><\/li>\n<\/ul>\n\n\n\n<p><strong>San Luis de la Paz, Gto., 11 de abril de 2025.\u2013 <\/strong>Un hombre con orden de aprehensi\u00f3n vigente por homicidio fue detenido el municipio de San Luis de la Paz como resultado de las acciones coordinadas entre la Secretar\u00eda de Seguridad y Paz, a trav\u00e9s de la Comisar\u00eda Regional III de las Fuerzas de Seguridad P\u00fablica del Estado (FSPE), y la Unidad de Veh\u00edculos Robados de la Fiscal\u00eda General del Estado (FGE).<\/p>\n\n\n\n<p>La detenci\u00f3n se realiz\u00f3 durante labores de patrullaje de seguridad y vigilancia en la colonia La Huerta de San Luis de la Paz donde polic\u00edas estatales detectaron a un hombre que al notar la presencia policial intent\u00f3 darse a la fuga.<\/p>\n\n\n\n<p>Con fundamento en el art\u00edculo 16 de la Constituci\u00f3n Pol\u00edtica de los Estados Unidos Mexicanos, y al encontrarse en situaci\u00f3n de flagrancia, fue alcanzado y detenido conforme a derecho.<\/p>\n\n\n\n<p>Al verificar su identidad con personal de la FGE se confirm\u00f3 que el individuo, identificado como Jos\u00e9 \u201cN\u201d, de 26 a\u00f1os de edad y originario del municipio de San Luis de la Paz, contaba con orden de aprehensi\u00f3n vigente por homicidio girada por un Juez de Control el 13 de marzo de 2025. Adem\u00e1s, podr\u00eda estar vinculado a m\u00faltiples homicidios registrados en la regi\u00f3n.<\/p>\n\n\n\n<p>El detenido fue puesto a disposici\u00f3n del Ministerio P\u00fablico de la Fiscal\u00eda Regional de San Luis de la Paz. Como parte de las investigaciones se ejecut\u00f3 una orden de cateo en un domicilio ubicado en la calle Santiago, colonia Misi\u00f3n de Chichimecas, donde fueron asegurados los siguientes indicios: una vagoneta Ford con reporte de robo en el estado de Quer\u00e9taro vigente desde el 25 de enero pasado.<\/p>\n\n\n\n<p>Asimismo, un veh\u00edculo tipo Jeep, sin reporte de robo, pero presumiblemente relacionado con hechos de homicidio en el municipio de San Luis de la Paz, y tres cartuchos percutidos calibre .45 mm localizados en el interior del Jeep.<\/p>\n\n\n\n<p>Esta acci\u00f3n es resultado de la presencia operativa y el trabajo de inteligencia t\u00e1ctica que se realiza en el marco de la estrategia de seguridad Coordinaci\u00f3n Operativa de la Nueva Fuerza de Inteligencia Anticrimen (CONFIA) para combatir delitos de alto impacto en Guanajuato.<\/p>\n\n\n\n<p>La Secretar\u00eda de Seguridad y Paz refuerza su compromiso para fortalecer la seguridad en la entidad y hace un llamado para que la ciudadan\u00eda colabore en la prevenci\u00f3n del delito reportando de manera an\u00f3nima cualquier actividad il\u00edcita al n\u00famero 089.<\/p>\n\n\n\n<figure class=\"wp-block-gallery has-nested-images columns-default is-cropped wp-block-gallery-1 is-layout-flex wp-block-gallery-is-layout-flex\">\n<figure class=\"wp-block-image size-large\"><img loading=\"lazy\" decoding=\"async\" width=\"1024\" height=\"768\" data-id=\"22498\" src=\"https:\/\/periodiconuevomilenio.com\/wp-content\/uploads\/2025\/04\/Detiene-Secretaria-de-Seguridad-y-Paz-a-presunto-homicida-vinculado-a-multiples-hechos-violentos-asegura-vehiculos-y-cartuchos-utiles-3-1024x768.jpeg\" alt=\"\" class=\"wp-image-22498\" srcset=\"https:\/\/periodiconuevomilenio.com\/wp-content\/uploads\/2025\/04\/Detiene-Secretaria-de-Seguridad-y-Paz-a-presunto-homicida-vinculado-a-multiples-hechos-violentos-asegura-vehiculos-y-cartuchos-utiles-3-1024x768.jpeg 1024w, https:\/\/periodiconuevomilenio.com\/wp-content\/uploads\/2025\/04\/Detiene-Secretaria-de-Seguridad-y-Paz-a-presunto-homicida-vinculado-a-multiples-hechos-violentos-asegura-vehiculos-y-cartuchos-utiles-3-300x225.jpeg 300w, https:\/\/periodiconuevomilenio.com\/wp-content\/uploads\/2025\/04\/Detiene-Secretaria-de-Seguridad-y-Paz-a-presunto-homicida-vinculado-a-multiples-hechos-violentos-asegura-vehiculos-y-cartuchos-utiles-3-768x576.jpeg 768w, https:\/\/periodiconuevomilenio.com\/wp-content\/uploads\/2025\/04\/Detiene-Secretaria-de-Seguridad-y-Paz-a-presunto-homicida-vinculado-a-multiples-hechos-violentos-asegura-vehiculos-y-cartuchos-utiles-3.jpeg 1280w\" sizes=\"auto, (max-width: 1024px) 100vw, 1024px\" \/><\/figure>\n\n\n\n<figure class=\"wp-block-image size-large\"><img loading=\"lazy\" decoding=\"async\" width=\"1024\" height=\"631\" data-id=\"22497\" src=\"https:\/\/periodiconuevomilenio.com\/wp-content\/uploads\/2025\/04\/Detiene-Secretaria-de-Seguridad-y-Paz-a-presunto-homicida-vinculado-a-multiples-hechos-violentos-asegura-vehiculos-y-cartuchos-utiles-1-1-1024x631.jpeg\" alt=\"\" class=\"wp-image-22497\" srcset=\"https:\/\/periodiconuevomilenio.com\/wp-content\/uploads\/2025\/04\/Detiene-Secretaria-de-Seguridad-y-Paz-a-presunto-homicida-vinculado-a-multiples-hechos-violentos-asegura-vehiculos-y-cartuchos-utiles-1-1-1024x631.jpeg 1024w, https:\/\/periodiconuevomilenio.com\/wp-content\/uploads\/2025\/04\/Detiene-Secretaria-de-Seguridad-y-Paz-a-presunto-homicida-vinculado-a-multiples-hechos-violentos-asegura-vehiculos-y-cartuchos-utiles-1-1-300x185.jpeg 300w, https:\/\/periodiconuevomilenio.com\/wp-content\/uploads\/2025\/04\/Detiene-Secretaria-de-Seguridad-y-Paz-a-presunto-homicida-vinculado-a-multiples-hechos-violentos-asegura-vehiculos-y-cartuchos-utiles-1-1-768x473.jpeg 768w, https:\/\/periodiconuevomilenio.com\/wp-content\/uploads\/2025\/04\/Detiene-Secretaria-de-Seguridad-y-Paz-a-presunto-homicida-vinculado-a-multiples-hechos-violentos-asegura-vehiculos-y-cartuchos-utiles-1-1.jpeg 1168w\" sizes=\"auto, (max-width: 1024px) 100vw, 1024px\" \/><\/figure>\n<\/figure>\n\n\n\n<figure class=\"wp-block-image size-large\"><img loading=\"lazy\" decoding=\"async\" width=\"768\" height=\"1024\" src=\"https:\/\/periodiconuevomilenio.com\/wp-content\/uploads\/2025\/04\/Detiene-Secretaria-de-Seguridad-y-Paz-a-presunto-homicida-vinculado-a-multiples-hechos-violentos-asegura-vehiculos-y-cartuchos-utiles-1-768x1024.jpeg\" alt=\"\" class=\"wp-image-22496\" srcset=\"https:\/\/periodiconuevomilenio.com\/wp-content\/uploads\/2025\/04\/Detiene-Secretaria-de-Seguridad-y-Paz-a-presunto-homicida-vinculado-a-multiples-hechos-violentos-asegura-vehiculos-y-cartuchos-utiles-1-768x1024.jpeg 768w, https:\/\/periodiconuevomilenio.com\/wp-content\/uploads\/2025\/04\/Detiene-Secretaria-de-Seguridad-y-Paz-a-presunto-homicida-vinculado-a-multiples-hechos-violentos-asegura-vehiculos-y-cartuchos-utiles-1-225x300.jpeg 225w, https:\/\/periodiconuevomilenio.com\/wp-content\/uploads\/2025\/04\/Detiene-Secretaria-de-Seguridad-y-Paz-a-presunto-homicida-vinculado-a-multiples-hechos-violentos-asegura-vehiculos-y-cartuchos-utiles-1.jpeg 960w\" sizes=\"auto, (max-width: 768px) 100vw, 768px\" \/><\/figure>\n\n\n","protected":false},"excerpt":{"rendered":"<p>San Luis de la Paz, Gto., 11 de abril de 2025.\u2013 Un hombre con orden de aprehensi\u00f3n vigente<\/p>\n","protected":false},"author":1,"featured_media":22498,"comment_status":"open","ping_status":"open","sticky":false,"template":"","format":"standard","meta":{"jetpack_post_was_ever_published":false,"_jetpack_newsletter_access":"","_jetpack_dont_email_post_to_subs":false,"_jetpack_newsletter_tier_id":0,"_jetpack_memberships_contains_paywalled_content":false,"_jetpack_memberships_contains_paid_content":false,"footnotes":"","jetpack_publicize_message":"","jetpack_publicize_feature_enabled":false,"jetpack_social_post_already_shared":false,"jetpack_social_options":{"image_generator_settings":{"template":"highway","enabled":false},"version":2}},"categories":[31,48],"tags":[51],"class_list":["post-22495","post","type-post","status-publish","format-standard","has-post-thumbnail","hentry","category-estado","category-policiaca","tag-estado"],"jetpack_publicize_connections":[],"jetpack_sharing_enabled":true,"jetpack_featured_media_url":"https:\/\/periodiconuevomilenio.com\/wp-content\/uploads\/2025\/04\/Detiene-Secretaria-de-Seguridad-y-Paz-a-presunto-homicida-vinculado-a-multiples-hechos-violentos-asegura-vehiculos-y-cartuchos-utiles-3.jpeg","_links":{"self":[{"href":"https:\/\/periodiconuevomilenio.com\/index.php\/wp-json\/wp\/v2\/posts\/22495","targetHints":{"allow":["GET"]}}],"collection":[{"href":"https:\/\/periodiconuevomilenio.com\/index.php\/wp-json\/wp\/v2\/posts"}],"about":[{"href":"https:\/\/periodiconuevomilenio.com\/index.php\/wp-json\/wp\/v2\/types\/post"}],"author":[{"embeddable":true,"href":"https:\/\/periodiconuevomilenio.com\/index.php\/wp-json\/wp\/v2\/users\/1"}],"replies":[{"embeddable":true,"href":"https:\/\/periodiconuevomilenio.com\/index.php\/wp-json\/wp\/v2\/comments?post=22495"}],"version-history":[{"count":1,"href":"https:\/\/periodiconuevomilenio.com\/index.php\/wp-json\/wp\/v2\/posts\/22495\/revisions"}],"predecessor-version":[{"id":22499,"href":"https:\/\/periodiconuevomilenio.com\/index.php\/wp-json\/wp\/v2\/posts\/22495\/revisions\/22499"}],"wp:featuredmedia":[{"embeddable":true,"href":"https:\/\/periodiconuevomilenio.com\/index.php\/wp-json\/wp\/v2\/media\/22498"}],"wp:attachment":[{"href":"https:\/\/periodiconuevomilenio.com\/index.php\/wp-json\/wp\/v2\/media?parent=22495"}],"wp:term":[{"taxonomy":"category","embeddable":true,"href":"https:\/\/periodiconuevomilenio.com\/index.php\/wp-json\/wp\/v2\/categories?post=22495"},{"taxonomy":"post_tag","embeddable":true,"href":"https:\/\/periodiconuevomilenio.com\/index.php\/wp-json\/wp\/v2\/tags?post=22495"}],"curies":[{"name":"wp","href":"https:\/\/api.w.org\/{rel}","templated":true}]}}