{"id":22530,"date":"2025-04-12T10:11:02","date_gmt":"2025-04-12T16:11:02","guid":{"rendered":"https:\/\/periodiconuevomilenio.com\/?p=22530"},"modified":"2025-04-12T10:11:04","modified_gmt":"2025-04-12T16:11:04","slug":"fgeg-presuntos-secuestradores-son-procesados-en-irapuato","status":"publish","type":"post","link":"https:\/\/periodiconuevomilenio.com\/index.php\/2025\/04\/12\/fgeg-presuntos-secuestradores-son-procesados-en-irapuato\/","title":{"rendered":"FGEG: PRESUNTOS SECUESTRADORES SON \u00a0PROCESADOS EN IRAPUATO"},"content":{"rendered":"\n<p>A trav\u00e9s de la investigaci\u00f3n, la Fiscal\u00eda General del Estado de Guanajuato logr\u00f3 obtener la vinculaci\u00f3n a proceso penal de <strong>JUAN &nbsp;CARLOS \u201cN\u201d y MARIO ENR\u00cdQUE \u201cN\u201d, <\/strong>se\u00f1alados como &nbsp;probables &nbsp;responsables &nbsp;del &nbsp;delito &nbsp;de &nbsp;secuestro &nbsp;agravado, cometido &nbsp;en&nbsp; el municipio de Irapuato.<\/p>\n\n\n\n<p>Los hechos que originaron esta investigaci\u00f3n se registraron la ma\u00f1ana del 2 de abril de<\/p>\n\n\n\n<p>2025, &nbsp;alrededor &nbsp;de las &nbsp;9:30 horas, en el &nbsp;mercado de abastos La Venta, &nbsp;cuando sujetos armados irrumpieron en la rutina de una persona y lo sometieron con violencia para llevarlo a un domicilio en el municipio de&nbsp; Villagr\u00e1n, donde lo tuvieron privado de la libertad y bajo amenazas contra la integridad f\u00edsica de la v\u00edctima trataron de contactar a los familiares del ofendido para pedir dinero por su liberaci\u00f3n.<\/p>\n\n\n\n<p>Durante un patrullaje &nbsp;preventivo, &nbsp;elementos de la &nbsp;Secretar\u00eda &nbsp;de Seguridad y Paz del Estado de Guanajuato detectaron movimientos sospechosos en las inmediaciones de un inmueble ubicado en la ciudad de Villagr\u00e1n, donde observaron a los imputados portando armas de fuego y resguardando el lugar donde manten\u00edan cautiva a una v\u00edctima.<\/p>\n\n\n\n<p>La oportuna y &nbsp;diligente&nbsp; reacci\u00f3n de &nbsp;los polic\u00edas estatales, permiti\u00f3 detener a <strong>JUAN CARLOS&nbsp; &nbsp;\u201cN\u201d &nbsp;y&nbsp;&nbsp; MARIO &nbsp;ENR\u00cdQUE&nbsp; &nbsp;\u201cN\u201d<\/strong>, &nbsp;sin &nbsp;poner en riesgo &nbsp;la &nbsp;vida de &nbsp;la &nbsp;persona secuestrada, quien fue rescatada en condiciones de seguridad; adem\u00e1s se asegur\u00f3 un arma de fuego, una camioneta y un inmueble.<\/p>\n\n\n\n<p>Los detenidos fueron &nbsp;puestos a disposici\u00f3n &nbsp;del Ministerio P\u00fablico, &nbsp;quien, &nbsp;en conjunto con&nbsp; agentes &nbsp;ministeriales &nbsp;y&nbsp; &nbsp;peritos &nbsp;criminalistas &nbsp;recabaron &nbsp;diversos &nbsp;testimonios, sumados a im\u00e1genes captadas por c\u00e1maras de video vigilancia, piezas clave para que la Fiscal\u00eda integrara una s\u00f3lida carpeta de investigaci\u00f3n con la que sustent\u00f3 la acusaci\u00f3n en contra de los presuntos secuestradores.<\/p>\n\n\n\n<p>En &nbsp;audiencia inicial, el \u00f3rgano jurisdiccional resolvi\u00f3 la situaci\u00f3n&nbsp; legal de los detenidos con su vinculaci\u00f3n &nbsp;a proceso penal &nbsp;por el &nbsp;delito &nbsp;de secuestro agravado. Asimismo, se impuso como medida cautelar la prisi\u00f3n preventiva oficiosa.<\/p>\n\n\n\n<figure class=\"wp-block-image size-full\"><img loading=\"lazy\" decoding=\"async\" width=\"979\" height=\"660\" src=\"https:\/\/periodiconuevomilenio.com\/wp-content\/uploads\/2025\/04\/IMAGEN-FGE-241-2025.1.jpg\" alt=\"\" class=\"wp-image-22532\" srcset=\"https:\/\/periodiconuevomilenio.com\/wp-content\/uploads\/2025\/04\/IMAGEN-FGE-241-2025.1.jpg 979w, https:\/\/periodiconuevomilenio.com\/wp-content\/uploads\/2025\/04\/IMAGEN-FGE-241-2025.1-300x202.jpg 300w, https:\/\/periodiconuevomilenio.com\/wp-content\/uploads\/2025\/04\/IMAGEN-FGE-241-2025.1-768x518.jpg 768w\" sizes=\"auto, (max-width: 979px) 100vw, 979px\" \/><\/figure>\n\n\n\n<figure class=\"wp-block-image size-large\"><img loading=\"lazy\" decoding=\"async\" width=\"825\" height=\"1024\" src=\"https:\/\/periodiconuevomilenio.com\/wp-content\/uploads\/2025\/04\/IMAGEN-FGE-241-2025-825x1024.jpg\" alt=\"\" class=\"wp-image-22531\" srcset=\"https:\/\/periodiconuevomilenio.com\/wp-content\/uploads\/2025\/04\/IMAGEN-FGE-241-2025-825x1024.jpg 825w, https:\/\/periodiconuevomilenio.com\/wp-content\/uploads\/2025\/04\/IMAGEN-FGE-241-2025-242x300.jpg 242w, https:\/\/periodiconuevomilenio.com\/wp-content\/uploads\/2025\/04\/IMAGEN-FGE-241-2025-768x953.jpg 768w, https:\/\/periodiconuevomilenio.com\/wp-content\/uploads\/2025\/04\/IMAGEN-FGE-241-2025-1237x1536.jpg 1237w, https:\/\/periodiconuevomilenio.com\/wp-content\/uploads\/2025\/04\/IMAGEN-FGE-241-2025-1024x1271.jpg 1024w, https:\/\/periodiconuevomilenio.com\/wp-content\/uploads\/2025\/04\/IMAGEN-FGE-241-2025.jpg 1289w\" sizes=\"auto, (max-width: 825px) 100vw, 825px\" \/><\/figure>\n\n\n","protected":false},"excerpt":{"rendered":"<p>A trav\u00e9s de la investigaci\u00f3n, la Fiscal\u00eda General del Estado de Guanajuato logr\u00f3 obtener la vinculaci\u00f3n a proceso<\/p>\n","protected":false},"author":1,"featured_media":22531,"comment_status":"open","ping_status":"open","sticky":false,"template":"","format":"standard","meta":{"jetpack_post_was_ever_published":false,"_jetpack_newsletter_access":"","_jetpack_dont_email_post_to_subs":false,"_jetpack_newsletter_tier_id":0,"_jetpack_memberships_contains_paywalled_content":false,"_jetpack_memberships_contains_paid_content":false,"footnotes":"","jetpack_publicize_message":"","jetpack_publicize_feature_enabled":false,"jetpack_social_post_already_shared":false,"jetpack_social_options":{"image_generator_settings":{"template":"highway","enabled":false},"version":2}},"categories":[31,48],"tags":[51],"class_list":["post-22530","post","type-post","status-publish","format-standard","has-post-thumbnail","hentry","category-estado","category-policiaca","tag-estado"],"jetpack_publicize_connections":[],"jetpack_sharing_enabled":true,"jetpack_featured_media_url":"https:\/\/periodiconuevomilenio.com\/wp-content\/uploads\/2025\/04\/IMAGEN-FGE-241-2025.jpg","_links":{"self":[{"href":"https:\/\/periodiconuevomilenio.com\/index.php\/wp-json\/wp\/v2\/posts\/22530","targetHints":{"allow":["GET"]}}],"collection":[{"href":"https:\/\/periodiconuevomilenio.com\/index.php\/wp-json\/wp\/v2\/posts"}],"about":[{"href":"https:\/\/periodiconuevomilenio.com\/index.php\/wp-json\/wp\/v2\/types\/post"}],"author":[{"embeddable":true,"href":"https:\/\/periodiconuevomilenio.com\/index.php\/wp-json\/wp\/v2\/users\/1"}],"replies":[{"embeddable":true,"href":"https:\/\/periodiconuevomilenio.com\/index.php\/wp-json\/wp\/v2\/comments?post=22530"}],"version-history":[{"count":1,"href":"https:\/\/periodiconuevomilenio.com\/index.php\/wp-json\/wp\/v2\/posts\/22530\/revisions"}],"predecessor-version":[{"id":22533,"href":"https:\/\/periodiconuevomilenio.com\/index.php\/wp-json\/wp\/v2\/posts\/22530\/revisions\/22533"}],"wp:featuredmedia":[{"embeddable":true,"href":"https:\/\/periodiconuevomilenio.com\/index.php\/wp-json\/wp\/v2\/media\/22531"}],"wp:attachment":[{"href":"https:\/\/periodiconuevomilenio.com\/index.php\/wp-json\/wp\/v2\/media?parent=22530"}],"wp:term":[{"taxonomy":"category","embeddable":true,"href":"https:\/\/periodiconuevomilenio.com\/index.php\/wp-json\/wp\/v2\/categories?post=22530"},{"taxonomy":"post_tag","embeddable":true,"href":"https:\/\/periodiconuevomilenio.com\/index.php\/wp-json\/wp\/v2\/tags?post=22530"}],"curies":[{"name":"wp","href":"https:\/\/api.w.org\/{rel}","templated":true}]}}